{"id":117061,"date":"2021-05-19T17:01:01","date_gmt":"2021-05-19T21:01:01","guid":{"rendered":"https:\/\/linitiative.ca\/International\/cameroun-eric-niat-elu-finalement-maire-de-la-commune-de-bangangte\/"},"modified":"2021-05-19T17:01:01","modified_gmt":"2021-05-19T21:01:01","slug":"cameroun-eric-niat-elu-finalement-maire-de-la-commune-de-bangangte","status":"publish","type":"post","link":"https:\/\/linitiative.ca\/International\/cameroun-eric-niat-elu-finalement-maire-de-la-commune-de-bangangte\/","title":{"rendered":"Cameroun : Eric Niat \u00e9lu finalement maire de la commune de Bangangt\u00e9"},"content":{"rendered":"<div readability=\"32\">\n<p>Publi\u00e9 le 19.05.2021 \u00e0 22h01 par Christian Djimadeu<\/p>\n<\/div>\n<div readability=\"54\">\n<h5 class=\"c9\">A l\u2019issue de pr\u00e8s de 10 heures de vives discussions, le fils du pr\u00e9sident de S\u00e9nat a \u00e9t\u00e9 port\u00e9 \u00e0 la t\u00eate de l\u2019ex\u00e9cutif municipal de la commune.<\/h5>\n<p class=\"c10\">\u00c9ric Niat est le nouveau maire de la Commune de Bangangt\u00e9 dans la r\u00e9gion de l\u2019Ouest. Au terme d\u2019une journ\u00e9e \u00e9lectrique, il a \u00e9t\u00e9 \u00e9lu 21 voix contre 18 bulletins\u00a0 nuls.<\/p>\n<p class=\"c10\">La session de plein droit convoqu\u00e9e pour l\u2019\u00e9lection se s\u2019est\u00a0 tenue\u00a0 de 12h \u00e0 21h. Du fait d\u2019une deuxi\u00e8me candidature d\u00e9pos\u00e9e par un certain\u00a0Robert Nyangang, militant du parti au pouvoir le RDPC,\u00a0 qui n\u2019a pourtant pas particip\u00e9 aux \u00e9lections primaires remport\u00e9es par \u00c9ric Niat. Avant lui, c\u2019\u00e9tait dame Eveline Nana qui s\u2019est essay\u00e9e sur cette voie avant de se r\u00e9tracter.<\/p>\n<p class=\"c10\">A l\u2019issue du vote \u00c9ric Niat promet \u00e0 tous les conseillers municipaux d\u2019\u00eatre \u00e0 la hauteur de la confiance plac\u00e9e\u00a0 en lui. Reconnaissant qu\u2019il a 18 collaborateurs \u00e0 convaincre durant son mandat.<\/p>\n<p class=\"c10\">Le fils du pr\u00e9sident du S\u00e9nat, Marcel Niat Nigenji, succ\u00e8de ainsi au Dr Jonas Kouamouo d\u00e9c\u00e9d\u00e9 il y a quelques semaines,\u00a0 un an seulement apr\u00e8s son \u00e9lection.<\/p>\n<p class=\"c10\">Reste \u00e0 pr\u00e9sent l\u2019\u00e9lection du maire du premier adjoint au maire de Bangangt\u00e9.<\/p>\n<p class=\"c10\">Pr\u00e8s de<\/p>\n<\/div>\n<p>Auteur: Christian DJIMADEU<br \/>\n<a href=\"https:\/\/www.journalducameroun.com\/cameroun-eric-niat-elu-finalement-maire-de-la-commune-de-bangangte\/\">Cliquez ici pour lire l&rsquo;article depuis sa source.<\/a><\/p>\n","protected":false},"excerpt":{"rendered":"<p>Publi\u00e9 le 19.05.2021 \u00e0 22h01 par Christian Djimadeu A l\u2019issue de pr\u00e8s de 10 heures de vives discussions, le fils du pr\u00e9sident de S\u00e9nat a \u00e9t\u00e9 port\u00e9 \u00e0 la t\u00eate de l\u2019ex\u00e9cutif municipal de la commune. \u00c9ric Niat est le nouveau maire de la Commune de Bangangt\u00e9 dans la r\u00e9gion de l\u2019Ouest. Au terme d\u2019une [&hellip;]<\/p>\n","protected":false},"author":1965,"featured_media":0,"comment_status":"closed","ping_status":"closed","sticky":false,"template":"","format":"standard","meta":{"fifu_image_url":"","fifu_image_alt":"","footnotes":""},"categories":[73,82],"tags":[],"class_list":["post-117061","post","type-post","status-publish","format-standard","hentry","category-actualite","category-cameroun"],"_links":{"self":[{"href":"https:\/\/linitiative.ca\/International\/wp-json\/wp\/v2\/posts\/117061","targetHints":{"allow":["GET"]}}],"collection":[{"href":"https:\/\/linitiative.ca\/International\/wp-json\/wp\/v2\/posts"}],"about":[{"href":"https:\/\/linitiative.ca\/International\/wp-json\/wp\/v2\/types\/post"}],"author":[{"embeddable":true,"href":"https:\/\/linitiative.ca\/International\/wp-json\/wp\/v2\/users\/1965"}],"replies":[{"embeddable":true,"href":"https:\/\/linitiative.ca\/International\/wp-json\/wp\/v2\/comments?post=117061"}],"version-history":[{"count":0,"href":"https:\/\/linitiative.ca\/International\/wp-json\/wp\/v2\/posts\/117061\/revisions"}],"wp:attachment":[{"href":"https:\/\/linitiative.ca\/International\/wp-json\/wp\/v2\/media?parent=117061"}],"wp:term":[{"taxonomy":"category","embeddable":true,"href":"https:\/\/linitiative.ca\/International\/wp-json\/wp\/v2\/categories?post=117061"},{"taxonomy":"post_tag","embeddable":true,"href":"https:\/\/linitiative.ca\/International\/wp-json\/wp\/v2\/tags?post=117061"}],"curies":[{"name":"wp","href":"https:\/\/api.w.org\/{rel}","templated":true}]}}