{"id":117062,"date":"2021-05-18T15:14:03","date_gmt":"2021-05-18T19:14:03","guid":{"rendered":"https:\/\/linitiative.ca\/International\/reconstruction-du-noso-ce-que-joseph-dion-ngute-ramene-du-gicam\/"},"modified":"2021-05-18T15:14:03","modified_gmt":"2021-05-18T19:14:03","slug":"reconstruction-du-noso-ce-que-joseph-dion-ngute-ramene-du-gicam","status":"publish","type":"post","link":"https:\/\/linitiative.ca\/International\/reconstruction-du-noso-ce-que-joseph-dion-ngute-ramene-du-gicam\/","title":{"rendered":"Reconstruction du Noso : ce que Joseph Dion Ngute ram\u00e8ne du Gicam"},"content":{"rendered":"<p>\u00ab Il est plus que jamais temps que l\u2019\u00e9conomie soit plac\u00e9e au c\u0153ur des efforts nationaux de recherche de la paix dans les R\u00e9gions du Sud-Ouest et du Nord-ouest\u00bb. C\u2019est l\u2019une des d\u00e9clarations fortes faite par C\u00e9lestin Tawamba, le pr\u00e9sident du Groupement inter patronal du Cameroun (Gicam) \u00e0 l\u2019occasion de la c\u00e9r\u00e9monie d\u2019impr\u00e9gnation par le secteur priv\u00e9 du Plan pr\u00e9sidentiel de reconstruction des R\u00e9gions du Sud-Ouest et du Nord-ouest (Pprd-Noso). Plan pr\u00e9sent\u00e9 par le Premier ministre Joseph Dion Ngute ce 18 mai 2021 \u00e0 Douala au si\u00e8ge du Gicam. Position partag\u00e9e par le PM qui reconna\u00eet que \u00able ch\u00f4mage massif a favoris\u00e9 l\u2019enr\u00f4lement de jeunes des r\u00e9gions anglophones de notre pays\u00bb. Dans son mot d\u2019accueil, le pr\u00e9sident du Gicam a dress\u00e9 un tableau caract\u00e9ristique de la situation \u00e9conomique dans lesdites r\u00e9gions en particulier et l\u2019\u00e9tat des lieux du secteur priv\u00e9 en g\u00e9n\u00e9ral. D\u2019apr\u00e8s C\u00e9lestin Tawamba, la crise dans ces deux r\u00e9gions a engendr\u00e9 un manque \u00e0 gagner annuel moyen estim\u00e9 \u00e0 des centaines de milliards de FCFA pour le secteur priv\u00e9. Au rang des difficult\u00e9s dont font face les entreprises le \u00abPatron des patrons \u00bb cite les contr\u00f4les intempestifs de l\u2019administration, les blocages des transferts par la Beac, les effets n\u00e9gatifs de la nouvelle r\u00e9glementation de change de la Beac, le d\u00e9ficit en infrastructures de base et en \u00e9nergie, la pression fiscale, l\u2019environnement juridique contraignant, le paiement tardif de la dette int\u00e9rieure par l\u2019Etat et ses d\u00e9membrements, l\u2019acc\u00e8s difficile aux financements, la Covid-19, etc.<\/p>\n<p><strong>Lire aussi<\/strong> : <strong><a href=\"https:\/\/ecomatin.net\/dialogue-public-privee-ce-que-dion-ngute-va-fairee-au-gicam\/\">Dialogue public-priv\u00e9 : ce que Dion Ngute va faire au Gicam<\/a><\/strong><\/p>\n<p>C\u2019est le ministre d\u00e9l\u00e9gu\u00e9 aupr\u00e8s du ministre de l\u2019Economie, de la planification et de l\u2019am\u00e9nagement, Paul Tassong, en sa qualit\u00e9 de Coordonnateur national du Plan pr\u00e9sidentiel, Secr\u00e9taire du Comit\u00e9 de pilotage dudit Plan, qui sera charg\u00e9 de pr\u00e9senter le projet \u00e0 la communaut\u00e9 des affaires et aux ex\u00e9cutifs r\u00e9gionaux concern\u00e9s. Il est constitu\u00e9 de trois phases: le rel\u00e8vement, la reconstruction et le d\u00e9veloppement. D\u2019apr\u00e8s Paul Tasong, la rencontre du Gicam portait sur la premi\u00e8re phase de rel\u00e8vement qui d\u2019apr\u00e8s lui sera \u00able curseur et le d\u00e9clencheur des deux autres phases\u00bb. \u00c9tendu sur une p\u00e9riode de 2 \u00e0 3 ans, le budget initial pr\u00e9vu pour les activit\u00e9s de la premi\u00e8re phase est \u00e9valu\u00e9 \u00e0 89 milliards de FCFA. \u00abAu 15 avril 2021, le taux d\u2019ex\u00e9cution des travaux de la phase d\u2019enl\u00e8vement affiche 25% pour un d\u00e9lai de livraison pr\u00e9vu en septembre 2021\u00bb, a indiqu\u00e9 Paul Tasong. Sur les 89 milliards de budget, 10,4 milliards ont \u00e9t\u00e9 mobilis\u00e9s.<\/p>\n<p><strong>Insuffisance des ressources<\/strong><\/p>\n<p>La d\u00e9l\u00e9gation du Premier ministre estime possible les contributions du secteur priv\u00e9 \u00e0 la mise en \u0153uvre du Plan, \u00e0 travers un financement direct, et un accompagnement dans l\u2019ex\u00e9cution des trois piliers du Pprd-Noso ou une contribution indirecte au redressement socio\u00e9conomique des deux r\u00e9gions (sauvegarde du tissu \u00e9conomique local, le r\u00e9investissement et la de projets innovants, mise en place d\u2019une politique volontariste d\u2019emploi des travailleurs locaux). Avec plus de 1000 membres, 76,8% du chiffre d\u2019affaires des entreprises modernes du Cameroun, 54,3% des effectifs des emplois, 70 % de contribution aux recettes fiscales, le Gicam envisage accompagner le Plan. S\u00e9ance tenante, les banquiers (Apeccam) promettent 100 milliards ; les assurances 106 milliards ; le Groupe Sabc a annonc\u00e9 une contribution d\u2019un milliard de Fcfa ; 200 millions pour le groupement des meuniers du Cameroun ; Total annonce promet de recruter des jeunes et offrir des emplois \u00e0 ces r\u00e9gions. Les R\u00e9gions du Nord-ouest et du Sud-Ouest sont constitu\u00e9es de 65 mairies, participent \u00e0 hauteur de 20% dans la production de la richesse du Cameroun. Rappelons que c\u2019est le 2 septembre 2019 que les R\u00e9gions du Sud-Ouest, du Nord-ouest et de l\u2019Extr\u00eame-Nord ont \u00e9t\u00e9 d\u00e9clar\u00e9es zone sinistr\u00e9es. Le secteur priv\u00e9 et plusieurs autres entreprises ont marqu\u00e9 leur adh\u00e9sion au Pprd-Noso, sous r\u00e9serve de certaines garanties attendues de l\u2019Etat.<\/p>\n<p><strong>Lire aussi<\/strong> : <strong><a href=\"https:\/\/ecomatin.net\/le-premier-ministre-annonce-au-gicam-le-18-mai-prochain\/\">Le Premier ministre annonc\u00e9 au Gicam le 18 mai prochain<\/a><\/strong><\/p>\n<p>Auteur: Georges Semey<br \/>\n<a href=\"https:\/\/ecomatin.net\/reconstruction-du-noso-ce-que-dion-ngute-ramene-du-gicam\/\">Cliquez ici pour lire l&rsquo;article depuis sa source.<\/a><\/p>\n","protected":false},"excerpt":{"rendered":"<p>\u00ab Il est plus que jamais temps que l\u2019\u00e9conomie soit plac\u00e9e au c\u0153ur des efforts nationaux de recherche de la paix dans les R\u00e9gions du Sud-Ouest et du Nord-ouest\u00bb. C\u2019est l\u2019une des d\u00e9clarations fortes faite par C\u00e9lestin Tawamba, le pr\u00e9sident du Groupement inter patronal du Cameroun (Gicam) \u00e0 l\u2019occasion de la c\u00e9r\u00e9monie d\u2019impr\u00e9gnation par le [&hellip;]<\/p>\n","protected":false},"author":1969,"featured_media":0,"comment_status":"closed","ping_status":"closed","sticky":false,"template":"","format":"standard","meta":{"fifu_image_url":"","fifu_image_alt":"","footnotes":""},"categories":[82,78],"tags":[],"class_list":["post-117062","post","type-post","status-publish","format-standard","hentry","category-cameroun","category-economie"],"_links":{"self":[{"href":"https:\/\/linitiative.ca\/International\/wp-json\/wp\/v2\/posts\/117062","targetHints":{"allow":["GET"]}}],"collection":[{"href":"https:\/\/linitiative.ca\/International\/wp-json\/wp\/v2\/posts"}],"about":[{"href":"https:\/\/linitiative.ca\/International\/wp-json\/wp\/v2\/types\/post"}],"author":[{"embeddable":true,"href":"https:\/\/linitiative.ca\/International\/wp-json\/wp\/v2\/users\/1969"}],"replies":[{"embeddable":true,"href":"https:\/\/linitiative.ca\/International\/wp-json\/wp\/v2\/comments?post=117062"}],"version-history":[{"count":0,"href":"https:\/\/linitiative.ca\/International\/wp-json\/wp\/v2\/posts\/117062\/revisions"}],"wp:attachment":[{"href":"https:\/\/linitiative.ca\/International\/wp-json\/wp\/v2\/media?parent=117062"}],"wp:term":[{"taxonomy":"category","embeddable":true,"href":"https:\/\/linitiative.ca\/International\/wp-json\/wp\/v2\/categories?post=117062"},{"taxonomy":"post_tag","embeddable":true,"href":"https:\/\/linitiative.ca\/International\/wp-json\/wp\/v2\/tags?post=117062"}],"curies":[{"name":"wp","href":"https:\/\/api.w.org\/{rel}","templated":true}]}}