{"id":117064,"date":"2021-05-19T10:38:20","date_gmt":"2021-05-19T14:38:20","guid":{"rendered":"https:\/\/linitiative.ca\/International\/climat-social-le-barrage-de-nachtigal-va-t-il-sortir-de-la-zone-de-turbulence\/"},"modified":"2021-05-19T10:38:20","modified_gmt":"2021-05-19T14:38:20","slug":"climat-social-le-barrage-de-nachtigal-va-t-il-sortir-de-la-zone-de-turbulence","status":"publish","type":"post","link":"https:\/\/linitiative.ca\/International\/climat-social-le-barrage-de-nachtigal-va-t-il-sortir-de-la-zone-de-turbulence\/","title":{"rendered":"Climat social : le barrage de Nachtigal va-t-il sortir de la zone de turbulence ?"},"content":{"rendered":"<p>C\u2019\u00e9tait une visite aussi surprenante que discr\u00e8te. Le vendredi 16 avril 2021, le colonel Jackson Kamgaing, directeur du g\u00e9nie militaire, effectue une visite du site de construction du barrage de Nachtigal. Une descente peu anodine, intervenue juste trois jours apr\u00e8s que les ministres Gaston Eloundou Essomba de l\u2019Eau et de l\u2019Energie, et Gr\u00e9goire Owona du travail soient parvenus \u00e0 un accord avec les responsables de ce chantier et leurs employ\u00e9s, engag\u00e9s dans un mouvement de revendication au sujet de leur condition de travail. La descente de ce haut grad\u00e9 de l\u2019arm\u00e9e a pourtant \u00e9chapp\u00e9 \u00e0 la plupart des m\u00e9dias qui \u00e9taient braqu\u00e9s sur cette gr\u00e8ve et dont l\u2019impact continue d\u2019affecter l\u2019\u00e9volution des travaux sur le site.<\/p>\n<p><strong>31 millions de pertes<\/strong><\/p>\n<p>Selon les responsables du consortium CCN en effet, les pertes caus\u00e9es par le mouvement d\u2019humeur des employ\u00e9s de Nachtigal se sont \u00e9lev\u00e9es \u00e0 pr\u00e8s de 31 millions de francs Cfa. Les d\u00e9g\u00e2ts les plus importants ont \u00e9t\u00e9 enregistr\u00e9s au niveau du r\u00e9fectoire, o\u00f9 les provisions stock\u00e9es dans la chambre froide se sont avari\u00e9es apr\u00e8s qu\u2019un groupe de manifestants ait entrepris de d\u00e9brancher les groupes \u00e9lectrog\u00e8nes qui en assurent le fonctionnement. L\u2019entreprise a \u00e9galement \u00e9t\u00e9 contrainte de prendre en charge le stationnement forc\u00e9 des camions de ses fournisseurs, dont les cargaisons n\u2019avaient pas pu \u00eatre r\u00e9ceptionn\u00e9es en raison de l\u2019arr\u00eat des travaux sur le site.<\/p>\n<p>Autant d\u2019\u00e9cueils qui avaient amen\u00e9 Christophe Denat, le chef de projet, \u00e0 mettre de l\u2019eau dans son moulin et \u00e0 c\u00e9der \u00e0 certaines revendications des employ\u00e9s. Le fran\u00e7ais avait ainsi consenti \u00e0 attaquer le probl\u00e8me pos\u00e9 par son personnel \u00e0 la racine, en s\u2019engageant \u00e0 r\u00e9gler la question du logement\u00a0: l\u2019un des principaux points de discorde.<\/p>\n<p><strong>Lire aussi<\/strong> : <strong><a href=\"https:\/\/ecomatin.net\/dans-les-coulisses-de-la-greve-sur-le-chantier-du-barrage-de-nachtigal\/\">Dans les coulisses de la gr\u00e8ve sur le chantier du barrage de Nachtigal<\/a><\/strong><\/p>\n<p>\u00ab\u00a0La hi\u00e9rarchie est retourn\u00e9e au respect de la loi\u00a0\u00bb, affirme un responsable des ressources humaines de l\u2019entreprise. Car si l\u2019arr\u00eat\u00e9 n\u00b0 018\/MTPS\/SG\/CJ du 26 mai 1993 du code du travail stipule que les primes de logement doivent \u00eatre vers\u00e9es aux membres du personnel vivant entre 10 et 25 km du lieu de travail, aucune prime de ce genre n\u2019\u00e9tait revers\u00e9e aux employ\u00e9s du barrage par CCN. 65% de ce personnel r\u00e9side pourtant \u00e0 Batchenga, qui se trouve \u00e0 15 km du site. \u00ab\u00a0Les responsables de CCN ont \u00e9t\u00e9 induits en erreur au d\u00e9but du projet. Lors des recrutements, ils avaient privil\u00e9gi\u00e9 une main d\u2019\u0153uvre \u00ab\u00a0locale\u00a0\u00bb, en pensant que cela les affaiblirait afin de payer la prime de logement. Mais la loi c\u2019est la loi\u00a0\u00bb, explique la m\u00eame source.<\/p>\n<p><strong>Mesures d\u2019apaisement<\/strong><\/p>\n<p>Pour y rem\u00e9dier, le chef de projet a depuis revers\u00e9 5 mois de rappel de cette prime qui repr\u00e9sente 25% du salaire de base \u00e0 l\u2019ensemble du personnel. Elle a d\u2019ailleurs \u00e9t\u00e9 \u00e9tendue \u00e0 tout le personnel, y compris ceux vivant \u00e0 Obala (40km du site) et qui ne sont pas concern\u00e9s par l\u2019arr\u00eat\u00e9 de 1993. L\u2019acc\u00e8s au r\u00e9fectoire, la prime de nourriture et de transport ont aussi \u00e9t\u00e9 \u00e9tendus \u00e0 l\u2019ensemble du personnel. Des mesures qui ont ramen\u00e9\u00a0la s\u00e9r\u00e9nit\u00e9 dans les \u00e9quipes de travail qui se sont activement remises \u00e0 l\u2019ouvrage. Et bien que des irr\u00e9gularit\u00e9s aient encore \u00e9t\u00e9 constat\u00e9es sur les r\u00e9mun\u00e9rations de certains travailleurs, la situation est d\u00e9sormais bien loin de celle qui pr\u00e9valait avant la crise.<\/p>\n<p>A c\u00f4t\u00e9 de ces mesures sociales, CCN a \u00e9galement pris de nouvelles dispositions s\u00e9curitaires drastiques. Sous la houlette de l\u2019arm\u00e9e, des miradors et des checkpoints ont \u00e9t\u00e9 install\u00e9s \u00e0 plusieurs points strat\u00e9giques du chantier. La force dissuasive a \u00e9t\u00e9 renforc\u00e9e sur le site, vraisemblablement le fruit de la visite du colonel Jackson Kamgaing. On y retrouve policiers, gendarmes et militaires. Les responsables de CCN ont encore en souvenir les frayeurs occasionn\u00e9es par la furie d\u2019employ\u00e9s en col\u00e8re, qui avait intim\u00e9 \u00e0 tous les expatri\u00e9s de lib\u00e9rer les bureaux. A ce titre, les 6 repr\u00e9sentants du personnel et la vingtaine d\u2019ouvriers licenci\u00e9s n\u2019ont pas \u00e9t\u00e9 r\u00e9int\u00e9gr\u00e9s, bien qu\u2019aucun lien n\u2019ait \u00e9t\u00e9 \u00e9tabli entre eux et les auteurs du shutdown occasionn\u00e9 par les gr\u00e9vistes.<\/p>\n<p>Avec le renouvellement du mandat de Christophe Denat, CCN fait le choix de la continuit\u00e9. Cette d\u00e9cision sera-t-elle salutaire\u00a0? Le retour au calme laisse pr\u00e9sager un d\u00e9roulement serein des travaux pendant les semaines \u00e0 venir. Les regards sont d\u2019ailleurs tourn\u00e9s vers l\u2019\u00e9lection des membres du personnel qui devrait se tenir le 18 juin prochain. De quoi esp\u00e9rer une livraison \u00e0 date de l\u2019ouvrage dont les premiers kw sont attendus courant 2023.<\/p>\n<p>Auteur: Franck KUN<br \/>\n<a href=\"https:\/\/ecomatin.net\/climat-social-le-barrage-de-nachtigal-va-t-il-sortir-de-la-zone-de-turbulence\/\">Cliquez ici pour lire l&rsquo;article depuis sa source.<\/a><\/p>\n","protected":false},"excerpt":{"rendered":"<p>C\u2019\u00e9tait une visite aussi surprenante que discr\u00e8te. Le vendredi 16 avril 2021, le colonel Jackson Kamgaing, directeur du g\u00e9nie militaire, effectue une visite du site de construction du barrage de Nachtigal. Une descente peu anodine, intervenue juste trois jours apr\u00e8s que les ministres Gaston Eloundou Essomba de l\u2019Eau et de l\u2019Energie, et Gr\u00e9goire Owona du [&hellip;]<\/p>\n","protected":false},"author":1969,"featured_media":0,"comment_status":"closed","ping_status":"closed","sticky":false,"template":"","format":"standard","meta":{"fifu_image_url":"","fifu_image_alt":"","footnotes":""},"categories":[82,78],"tags":[],"class_list":["post-117064","post","type-post","status-publish","format-standard","hentry","category-cameroun","category-economie"],"_links":{"self":[{"href":"https:\/\/linitiative.ca\/International\/wp-json\/wp\/v2\/posts\/117064","targetHints":{"allow":["GET"]}}],"collection":[{"href":"https:\/\/linitiative.ca\/International\/wp-json\/wp\/v2\/posts"}],"about":[{"href":"https:\/\/linitiative.ca\/International\/wp-json\/wp\/v2\/types\/post"}],"author":[{"embeddable":true,"href":"https:\/\/linitiative.ca\/International\/wp-json\/wp\/v2\/users\/1969"}],"replies":[{"embeddable":true,"href":"https:\/\/linitiative.ca\/International\/wp-json\/wp\/v2\/comments?post=117064"}],"version-history":[{"count":0,"href":"https:\/\/linitiative.ca\/International\/wp-json\/wp\/v2\/posts\/117064\/revisions"}],"wp:attachment":[{"href":"https:\/\/linitiative.ca\/International\/wp-json\/wp\/v2\/media?parent=117064"}],"wp:term":[{"taxonomy":"category","embeddable":true,"href":"https:\/\/linitiative.ca\/International\/wp-json\/wp\/v2\/categories?post=117064"},{"taxonomy":"post_tag","embeddable":true,"href":"https:\/\/linitiative.ca\/International\/wp-json\/wp\/v2\/tags?post=117064"}],"curies":[{"name":"wp","href":"https:\/\/api.w.org\/{rel}","templated":true}]}}