{"id":117065,"date":"2021-05-19T11:24:25","date_gmt":"2021-05-19T15:24:25","guid":{"rendered":"https:\/\/linitiative.ca\/International\/financement-des-economies-africaines-le-cameroun-en-mission-impossible-a-paris\/"},"modified":"2021-05-19T11:24:25","modified_gmt":"2021-05-19T15:24:25","slug":"financement-des-economies-africaines-le-cameroun-en-mission-impossible-a-paris","status":"publish","type":"post","link":"https:\/\/linitiative.ca\/International\/financement-des-economies-africaines-le-cameroun-en-mission-impossible-a-paris\/","title":{"rendered":"Financement des \u00e9conomies africaines : le Cameroun en mission impossible \u00e0 Paris"},"content":{"rendered":"<p>\u201cLe ministre des Finances, Louis Paul Motaze, repr\u00e9sente le Chef de l\u2019Etat au Sommet sur le financement des \u00e9conomies africaines qui se tient ce 18 mai 2021 \u00e0 Paris\u201d. C\u2019est par ce communiqu\u00e9 laconique que les auditeurs de la Crtv, la radio publique au Cameroun, ont appris que le pays participe au conclave organis\u00e9 dans la capitale fran\u00e7aise. Invit\u00e9 par son homologue fran\u00e7ais Emmanuel Macron, Paul Biya a pr\u00e9f\u00e9r\u00e9 se faire repr\u00e9senter\u2026 \u00ab\u00a0New Deal\u00a0\u00bb, annulation partielle de la dette, injections massives de liquidit\u00e9s : quelle strat\u00e9gie \u00e9conomique pour l\u2019Afrique d\u2019apr\u00e8s-crise?\u00a0<\/p>\n<p>Le conclave de Paris a une r\u00e9sonance particuli\u00e8re au Cameroun, pays le plus affect\u00e9 par la pand\u00e9mie de la Covid-19 et premi\u00e8re \u00e9conomie de la Communaut\u00e9 \u00e9conomique et mon\u00e9taire de l\u2019Afrique centrale (Cemac). C\u2019est le pr\u00e9sident de la R\u00e9publique, Paul Biya, qui assure actuellement la Pr\u00e9sidence en exercice de la Cemac. Une partie de l\u2019opinion s\u2019\u00e9tonne donc que le porte-voix de la Communaut\u00e9 ait choisi de ne pas faire le d\u00e9placement de Paris, comme s\u2019il n\u2019y avait pas d\u2019enjeux. Or, la troisi\u00e8me session extraordinaire du Comit\u00e9 de Pilotage du Programme des R\u00e9formes \u00c9conomiques et Financi\u00e8res de la Cemac (Pref-Cemac) tenue le 28 mars 2020 \u00e0 Brazzaville a permis \u00e0 la sous-r\u00e9gion de prendre la mesure de la menace, de ses impacts socio\u00e9conomiques et de la n\u00e9cessit\u00e9 de proc\u00e9der \u00e0 un \u00ab\u00a0aggiornamento\u00a0\u00bb tant au niveau national, communautaire qu\u2019international.<\/p>\n<p><strong>Lire aussi<\/strong> : <strong><a href=\"https:\/\/ecomatin.net\/le-taux-dendettement-du-cameroun-du-cameroun-baisse-de-27\/\">Le taux d\u2019endettement du Cameroun du Cameroun baisse de 2,7%<\/a><\/strong><\/p>\n<p>Le pr\u00e9sident en exercice de la Cemac a la responsabilit\u00e9 de s\u2019assurer de la mise en \u0153uvre de cette option. Sans doute que le ministre des Finances qui le repr\u00e9sente \u00e0 Paris a re\u00e7u des consignes dans ce sens. D\u2019ailleurs, pour ce qui concerne la coop\u00e9ration internationale, Pilier 5 du Pref-Cemac, \u201cles ministres ont d\u00e9cid\u00e9 d\u2019adopter une approche r\u00e9gionale dans les n\u00e9gociations des programmes avec le FMI, la Banque Mondiale et les autres partenaires internationaux\u201d, peut-on lire dans le communiqu\u00e9 final de la session extraordinaire du Pref-Cemac du 28 mars 2020.\u00a0<\/p>\n<p><strong>Int\u00e9r\u00eat r\u00e9gional<\/strong><\/p>\n<p>Concr\u00e8tement, les ministres avaient d\u00e9cid\u00e9 que \u201cles nouveaux accords \u00e0 conclure avec ces partenaires devront d\u00e9passer les objectifs de stabilisation financi\u00e8re, pour mettre l\u2019accent sur la croissance et le d\u00e9veloppement.\u201d Pour ce faire, \u201cles ministres ont recommand\u00e9 aux Etats de n\u00e9gocier collectivement et d\u2019obtenir pour tous les Etats, l\u2019annulation de l\u2019ensemble de leurs dettes ext\u00e9rieures, pour se donner des marges budg\u00e9taires leur permettant de faire face \u00e0 la fois \u00e0 la pand\u00e9mie et \u00e0 la relance future, sur des bases saines, de leurs \u00e9conomies.\u201d\u00a0<\/p>\n<p>Louis Paul Motaze devait jouer des coudes \u00e0 Paris. Ce d\u2019autant plus que la dette est devenu un fardeau pour certains Etats de la Cemac. Fin f\u00e9vrier 2021, la Mission de revue du programme FMI r\u00e9affirmait que la dette publique du Congo, qui a atteint 100% du PIB en 2020 est \u201cinsoutenable\u201d. Selon les donn\u00e9es de la Banque mondiale publi\u00e9es le 21 janvier 2021, la dette publique du Congo s\u2019\u00e9levait \u00e0 6 milliards de dollars en d\u00e9cembre 2019 [soit pr\u00e8s du double du budget de l\u2019\u00c9tat de 2021, Ndlr], dont 4,5 milliards de dette bilat\u00e9rale. Mais ces comptes de la Banque mondiale n\u2019int\u00e8grent pas les dettes contract\u00e9es par la Soci\u00e9t\u00e9 nationale des p\u00e9troles du Congo (Snpc), plus grande entreprise d\u2019\u00c9tat, aupr\u00e8s des traders p\u00e9troliers.<\/p>\n<p><strong>Lire aussi<\/strong> : <strong><a href=\"https:\/\/ecomatin.net\/la-dette-du-cameroun-seleve-desormais-a-10-334-milliards-de-fcfa\/\">La dette du Cameroun s\u2019\u00e9l\u00e8ve d\u00e9sormais \u00e0 10 334 milliards de FCFA<\/a><\/strong><\/p>\n<p>De m\u00eame, en janvier 2021, le Tchad a sollicit\u00e9 officiellement une restructuration de sa dette aupr\u00e8s des grands cr\u00e9anciers publics en parall\u00e8le \u00e0 un accord de soutien conclu avec le FMI. Il s\u2019agit de la premi\u00e8re initiative de ce type dans le cadre du \u00ab cadre commun \u00bb mis en place en 2020 entre le G20 \u2013 sous pr\u00e9sidence saoudienne \u2013 et le Club de Paris pour faire face aux risques d\u2019insolvabilit\u00e9 des pays les plus vuln\u00e9rables apparus suite au ralentissement \u00e9conomique engendr\u00e9 par la crise du Covid-19.<\/p>\n<p><strong>100 milliards DTS pour relancer les \u00e9conomies africaines\u00a0\u00a0<\/strong><\/p>\n<p>L\u2019Afrique a \u00e9t\u00e9 fortement impact\u00e9e par la pand\u00e9mie de Coronavirus, et ses \u00e9conomies sont d\u00e9sormais exsangues en raison de cette crise sanitaire mondiale. La probl\u00e9matique de la relance de ces \u00e9conomies est au c\u0153ur d\u2019un sommet qui s\u2019est ouvert mardi \u00e0 Paris \u00e0 l\u2019initiative du pr\u00e9sident fran\u00e7ais Emmanuel Macron. A l\u2019occasion, le pr\u00e9sident fran\u00e7ais Emmanuel Macron, le pr\u00e9sident en exercice de l\u2019Union africaine, F\u00e9lix Tshis\u00e9kedi, par ailleurs pr\u00e9sident de la RD Congo, et la directrice du Fonds mon\u00e9taire international (Fmi), Kristalina Georgieva, ont donn\u00e9 un point de presse conjoint pour r\u00e9v\u00e9ler les pr\u00e9misses de la d\u00e9marche qu\u2019entend adopter les partenaires de l\u2019Afrique pour lui permettre de se remettre de la pand\u00e9mie.<\/p>\n<p>\u00ab\u00a0Il est question de voir dans quelle mesure, nous pouvons relancer nos \u00e9conomies. Il y a cette proposition de droits de tirages sp\u00e9ciaux (DTS) que nous adressons \u00e9norm\u00e9ment, mais qui risqueraient malheureusement d\u2019\u00eatre insuffisants. Nous allons voir dans quelle mesure nous pouvons obtenir l\u2019augmentation de ces droits de tirage sp\u00e9ciaux pour l\u2019Afrique\u00a0\u00bb, a indiqu\u00e9 F\u00e9lix Tshis\u00e9kedi. L\u2019Afrique va b\u00e9n\u00e9ficier dans un premier temps de 100 milliards de DTS, quoique cette somme n\u2019est pas suffisante pour satisfaire ses besoins de financements, \u00e9valu\u00e9s \u00e0 pr\u00e8s de 285 milliards de DTS par le Fmi entre 2021 et 2025. \u00ab\u00a0Nous d\u00e9fendons l\u2019id\u00e9e que les pays les plus ais\u00e9s puissent r\u00e9allouer leurs droits de tirage pour qu\u2019ils aillent aux plus pauvres, en particulier en Afrique, pour que les 33 milliards d\u2019aujourd\u2019hui deviennent 100 milliards, et surtout, pour que nous puissions les allouer \u00e0 la Banque Africaine de D\u00e9veloppement (BAD), innover en termes de financements et accompagner aussi cette ambition de financements que nous allons mobiliser gr\u00e2ce \u00e0 la Banque Mondiale\u00a0\u00bb, explique Emmanuel Macron.<\/p>\n<p><strong>Lire aussi<\/strong> : <strong><a href=\"https:\/\/ecomatin.net\/finances-publiques-la-dette-du-cameroun-est-elle-soutenable\/\">Finances publiques : la dette du Cameroun est-elle soutenable ?<\/a><\/strong><\/p>\n<p>\u00a0L\u2019id\u00e9e de ce \u00ab Sommet sur le financement des \u00e9conomies africaines \u00bb a germ\u00e9 \u00e0 l\u2019automne 2020, lorsque le Fmi a alert\u00e9 sur le risque du continent africain de se heurter \u00e0 un d\u00e9ficit de financement de 290 milliards de dollars d\u2019ici 2023. La r\u00e9union de Paris rassemble une trentaine de dirigeants africains et europ\u00e9ens, avec la participation des grandes organisations \u00e9conomiques internationales. Deux sujets centraux meublent ces \u00e9changes : \u00ab Le financement et le traitement de la dette publique \u00bb et \u00ab le secteur priv\u00e9 africain \u00bb. En effet, les pays africains r\u00e9clament un moratoire imm\u00e9diat sur le service de toutes les dettes ext\u00e9rieures jusqu\u2019\u00e0 la fin de la pand\u00e9mie. Ils ont \u00e9galement exhort\u00e9 le FMI \u00e0 leur attribuer des droits de tirage sp\u00e9ciaux (DTS) pour leur fournir \u00ab les liquidit\u00e9s indispensables \u00e0 l\u2019achat de produits de base et de mat\u00e9riel m\u00e9dical essentiel. \u00bb Ces \u00ab DTS \u00bb peuvent \u00eatre convertis en devises par les pays qui en ont besoin sans cr\u00e9er de dette suppl\u00e9mentaire.<\/p>\n<p><strong>Yannick Kenn\u00e9 et Philippe Nsoa<\/strong><\/p>\n<p>Auteur: EcoMatin<br \/>\n<a href=\"https:\/\/ecomatin.net\/financement-des-economies-africaines-le-cameroun-en-mission-impossible-a-paris\/\">Cliquez ici pour lire l&rsquo;article depuis sa source.<\/a><\/p>\n","protected":false},"excerpt":{"rendered":"<p>\u201cLe ministre des Finances, Louis Paul Motaze, repr\u00e9sente le Chef de l\u2019Etat au Sommet sur le financement des \u00e9conomies africaines qui se tient ce 18 mai 2021 \u00e0 Paris\u201d. C\u2019est par ce communiqu\u00e9 laconique que les auditeurs de la Crtv, la radio publique au Cameroun, ont appris que le pays participe au conclave organis\u00e9 dans [&hellip;]<\/p>\n","protected":false},"author":1969,"featured_media":0,"comment_status":"closed","ping_status":"closed","sticky":false,"template":"","format":"standard","meta":{"fifu_image_url":"","fifu_image_alt":"","footnotes":""},"categories":[82,78],"tags":[],"class_list":["post-117065","post","type-post","status-publish","format-standard","hentry","category-cameroun","category-economie"],"_links":{"self":[{"href":"https:\/\/linitiative.ca\/International\/wp-json\/wp\/v2\/posts\/117065","targetHints":{"allow":["GET"]}}],"collection":[{"href":"https:\/\/linitiative.ca\/International\/wp-json\/wp\/v2\/posts"}],"about":[{"href":"https:\/\/linitiative.ca\/International\/wp-json\/wp\/v2\/types\/post"}],"author":[{"embeddable":true,"href":"https:\/\/linitiative.ca\/International\/wp-json\/wp\/v2\/users\/1969"}],"replies":[{"embeddable":true,"href":"https:\/\/linitiative.ca\/International\/wp-json\/wp\/v2\/comments?post=117065"}],"version-history":[{"count":0,"href":"https:\/\/linitiative.ca\/International\/wp-json\/wp\/v2\/posts\/117065\/revisions"}],"wp:attachment":[{"href":"https:\/\/linitiative.ca\/International\/wp-json\/wp\/v2\/media?parent=117065"}],"wp:term":[{"taxonomy":"category","embeddable":true,"href":"https:\/\/linitiative.ca\/International\/wp-json\/wp\/v2\/categories?post=117065"},{"taxonomy":"post_tag","embeddable":true,"href":"https:\/\/linitiative.ca\/International\/wp-json\/wp\/v2\/tags?post=117065"}],"curies":[{"name":"wp","href":"https:\/\/api.w.org\/{rel}","templated":true}]}}