{"id":117066,"date":"2021-05-19T13:35:48","date_gmt":"2021-05-19T17:35:48","guid":{"rendered":"https:\/\/linitiative.ca\/International\/gestion-des-personnels-de-letat-le-tunisien-simac-gagne-le-marche-de-mise-en-oeuvre-du-sigipes-ii\/"},"modified":"2021-05-19T13:35:48","modified_gmt":"2021-05-19T17:35:48","slug":"gestion-des-personnels-de-letat-le-tunisien-simac-gagne-le-marche-de-mise-en-oeuvre-du-sigipes-ii","status":"publish","type":"post","link":"https:\/\/linitiative.ca\/International\/gestion-des-personnels-de-letat-le-tunisien-simac-gagne-le-marche-de-mise-en-oeuvre-du-sigipes-ii\/","title":{"rendered":"Gestion des personnels de l\u2019Etat : le tunisien Simac gagne le march\u00e9 de mise en \u0153uvre du Sigipes II"},"content":{"rendered":"<p>La gestion des personnels de l\u2019Etat et de la solde \u00e0 travers leSyst\u00e8me de gestion int\u00e9gr\u00e9e des personnels de l\u2019Etat et de la solde, rendue dans sa deuxi\u00e8me phase, ci-apr\u00e8s d\u00e9nomm\u00e9 Sigipes II,\u00a0se fera avec la contribution de la Soci\u00e9t\u00e9 de l\u2019informatique de management et de communication (Simac). L\u2019entreprise tunisienne a \u00e9t\u00e9 choisie par le comit\u00e9 interminist\u00e9riel charg\u00e9 de l\u2019assistance du prestataire, du suivi et du contr\u00f4le du projet Sigipes II, pilot\u00e9 par le ministre de la Fonction Publique et de la R\u00e9forme administrative, Joseph Le. Le nom de l\u2019entreprise adjudicataire de ce march\u00e9 a \u00e9t\u00e9 d\u00e9voil\u00e9 lundi dernier \u00e0 Yaound\u00e9, apr\u00e8s l\u2019avis d\u2019Appel \u00e0 Manifestation d\u2019Int\u00e9r\u00eat International lanc\u00e9 le 25 ao\u00fbt 2020.\u00a0\u00a0<\/p>\n<p>\u00ab\u00a0Nous arrivons au terme d\u2019un processus de s\u00e9lection extr\u00eamement rigoureux au cours duquel, nous avons tenu \u00e0 deux principales choses\u00a0: d\u2019abord la transparence dans le processus et ensuite le respect scrupuleux des r\u00e8gles en mati\u00e8re de passation des march\u00e9s publics. Au terme de tout ce processus, le comit\u00e9 interminist\u00e9riel vient d\u2019examiner et d\u2019approuver la s\u00e9lection de ces deux entreprises\u00a0\u00bb, a confi\u00e9 Joseph Le dans le quotidien \u00ab\u00a0Cameroon Tribune\u00a0\u00bb du mardi 18 mai 2021.<\/p>\n<p><strong>Lire aussi<\/strong> : <strong><a href=\"https:\/\/ecomatin.net\/salaire-des-fonctionnaires-que-se-passe-t-il-au-cenadi\/\">Salaire des fonctionnaires : que se passe-t-il au Cenadi ?<\/a><\/strong><\/p>\n<p>La Simac a en effet \u00e9t\u00e9 retenue au regard de son offre et des garanties qu\u2019elle a apport\u00e9es. Avec une note de 90,92\/100 et pour un montant de 4,2 milliards de Francs CFA, elle est arriv\u00e9e en t\u00eate devant les entreprises INVOLYS (87,94\/100) et AGIRH (74\/100).<\/p>\n<p>Simac est une entreprise qui op\u00e8re depuis 35 ans dans le domaine des syst\u00e8mes informatiques pour la transformation digitale des administrations publiques et des institutions priv\u00e9es. Elle a d\u00e9velopp\u00e9 une solution pour la gestion de la paie et des ressources humaines d\u00e9nomm\u00e9e OpenPRH. Celle-ci est une solution multilingue (fran\u00e7ais et anglais notamment), qui garantit la s\u00e9curit\u00e9, la d\u00e9mat\u00e9rialisation et la gestion des temps avec possibilit\u00e9 d\u2019interfa\u00e7age avec des pointeuses num\u00e9riques. En sus, elle int\u00e8gre la biom\u00e9trie. Par ailleurs, l\u2019entreprise tunisienne propose de r\u00e9aliser ce travail un d\u00e9lai de 24 mois.<\/p>\n<p>Il faut par ailleurs ajouter que l\u2019entreprise camerounaise Afreetech a pour sa part \u00e9t\u00e9 retenue pour l\u2019assistance \u00e0 la maitrise d\u2019ouvrage.<\/p>\n<p><strong>Lire aussi<\/strong> : <strong><a href=\"https:\/\/ecomatin.net\/gestion-de-la-solde-le-gouvernement-face-au-serpent-de-mer-des-agents-fictifs\/\">Gestion de la solde : l\u2019Etat face au serpent de mer des agents fictifs<\/a><\/strong><\/p>\n<p>La mise en \u0153uvre de ce Sigipes II sera-t-elle d\u00e9finitivement effective apr\u00e8s son vrai-faux d\u00e9part en mars 2014, alors que le projet avait \u00e9t\u00e9 confi\u00e9 au consortium camerounais \u00a0Cameroun Audit Conseil\/CBL Consulting\u00a0repr\u00e9sent\u00e9 par J\u00e9r\u00f4me Minlend, Pr\u00e9sident directeur g\u00e9n\u00e9ral de Cameroun Audit Conseil et Cyril Courtin, Associ\u00e9 G\u00e9rant de CBL Consulting. Ce groupement \u00e9tait accompagn\u00e9 \u00e0 la c\u00e9r\u00e9monie de lancement de l\u2019\u00e9diteur fran\u00e7ais de la nouvelle solution \u00e0 impl\u00e9menter, SAP, repr\u00e9sent\u00e9 par Gwendal Pelicot.<\/p>\n<p>Auteur: Yannick KENNE<br \/>\n<a href=\"https:\/\/ecomatin.net\/gestion-des-personnels-de-letat-le-tunisien-simac-gagne-le-marche-de-mise-en-oeuvre-du-sigipes-ii\/\">Cliquez ici pour lire l&rsquo;article depuis sa source.<\/a><\/p>\n","protected":false},"excerpt":{"rendered":"<p>La gestion des personnels de l\u2019Etat et de la solde \u00e0 travers leSyst\u00e8me de gestion int\u00e9gr\u00e9e des personnels de l\u2019Etat et de la solde, rendue dans sa deuxi\u00e8me phase, ci-apr\u00e8s d\u00e9nomm\u00e9 Sigipes II,\u00a0se fera avec la contribution de la Soci\u00e9t\u00e9 de l\u2019informatique de management et de communication (Simac). L\u2019entreprise tunisienne a \u00e9t\u00e9 choisie par le [&hellip;]<\/p>\n","protected":false},"author":1969,"featured_media":0,"comment_status":"closed","ping_status":"closed","sticky":false,"template":"","format":"standard","meta":{"fifu_image_url":"","fifu_image_alt":"","footnotes":""},"categories":[82,78],"tags":[],"class_list":["post-117066","post","type-post","status-publish","format-standard","hentry","category-cameroun","category-economie"],"_links":{"self":[{"href":"https:\/\/linitiative.ca\/International\/wp-json\/wp\/v2\/posts\/117066","targetHints":{"allow":["GET"]}}],"collection":[{"href":"https:\/\/linitiative.ca\/International\/wp-json\/wp\/v2\/posts"}],"about":[{"href":"https:\/\/linitiative.ca\/International\/wp-json\/wp\/v2\/types\/post"}],"author":[{"embeddable":true,"href":"https:\/\/linitiative.ca\/International\/wp-json\/wp\/v2\/users\/1969"}],"replies":[{"embeddable":true,"href":"https:\/\/linitiative.ca\/International\/wp-json\/wp\/v2\/comments?post=117066"}],"version-history":[{"count":0,"href":"https:\/\/linitiative.ca\/International\/wp-json\/wp\/v2\/posts\/117066\/revisions"}],"wp:attachment":[{"href":"https:\/\/linitiative.ca\/International\/wp-json\/wp\/v2\/media?parent=117066"}],"wp:term":[{"taxonomy":"category","embeddable":true,"href":"https:\/\/linitiative.ca\/International\/wp-json\/wp\/v2\/categories?post=117066"},{"taxonomy":"post_tag","embeddable":true,"href":"https:\/\/linitiative.ca\/International\/wp-json\/wp\/v2\/tags?post=117066"}],"curies":[{"name":"wp","href":"https:\/\/api.w.org\/{rel}","templated":true}]}}