{"id":117068,"date":"2021-05-20T08:00:30","date_gmt":"2021-05-20T12:00:30","guid":{"rendered":"https:\/\/linitiative.ca\/International\/bientot-une-ecloserie-de-poissons-marins-sur-le-littoral-atlantique-nord\/"},"modified":"2021-05-20T08:00:30","modified_gmt":"2021-05-20T12:00:30","slug":"bientot-une-ecloserie-de-poissons-marins-sur-le-littoral-atlantique-nord","status":"publish","type":"post","link":"https:\/\/linitiative.ca\/International\/bientot-une-ecloserie-de-poissons-marins-sur-le-littoral-atlantique-nord\/","title":{"rendered":"Bient\u00f4t une \u00e9closerie de poissons marins sur le littoral atlantique nord"},"content":{"rendered":"<figure class=\"post-thumbnail\" itemprop=\"associatedMedia\" itemscope=\"itemscope\" itemtype=\"http:\/\/schema.org\/ImageObject\"><img decoding=\"async\" class=\"post_layout_5_img\" src=\"http:\/\/aujourdhui.ma\/wp-content\/uploads\/2019\/03\/aquaculture.jpg\" alt=\"Bient\u00f4t une \u00e9closerie de poissons marins sur le littoral atlantique nord\"\/><\/figure>\n<p><span class=\"c7\"><strong>Elle sera r\u00e9alis\u00e9e et exploit\u00e9e dans le cadre d\u2019un partenariat public-priv\u00e9<\/strong><\/span><span id=\"more-376879\"\/><\/p>\n<p>Dans le cadre de la mise en \u0153uvre de la Strat\u00e9gie nationale de d\u00e9veloppement du secteur aquacole, l\u2019Agence nationale pour le d\u00e9veloppement de l\u2019aquaculture (ANDA) vient de lancer un appel \u00e0 manifestation d\u2019int\u00e9r\u00eat pour la r\u00e9alisation d\u2019une \u00e9closerie de poissons marins dans le cadre d\u2019un partenariat public-priv\u00e9. Pour r\u00e9aliser ce projet le concurrent d\u00e9sign\u00e9 aura le choix, selon l\u2019ANDA, entre deux options. La premi\u00e8re consiste en la r\u00e9alisation de l\u2019\u00e9closerie au niveau du site identifi\u00e9 par l\u2019ANDA. \u00abIl s\u2019agit d\u2019un terrain d\u2019une superficie de 2,7 ha et localis\u00e9 juste au nord du pont Mohammed VI le long de la RN1, entre Asilah et Tanger o\u00f9 il d\u00e9pend de la commune de Gueznaya.<\/p>\n<p>Il est mitoyen de la centrale thermo\u00e9lectrique de Tahaddart\u00bb, peut-on lire dans le document. Il faut noter que plusieurs \u00e9tudes ont \u00e9t\u00e9 r\u00e9alis\u00e9es par l\u2019ANDA sur ce site, dont l\u2019objectif est de confirmer son choix sur le plan technique, notamment en termes de qualit\u00e9 et de disponibilit\u00e9 d\u2019eau de mer requise pour l\u2019\u00e9closerie marine, \u00e0 savoir la topographie, l\u2019\u00e9tude hydro-g\u00e9ophysique (y compris l\u2019\u00e9tude tomographique), les tests de forage, l\u2019\u00e9tude de faisabilit\u00e9 technico-\u00e9conomique et l\u2019impact de ce projet sur l\u2019environnement.<\/p>\n<p>\u00abCe site r\u00e9pond \u00e0 plusieurs crit\u00e8res dont notamment son emplacement strat\u00e9gique (axes routiers, ports avoisinants, a\u00e9roports), absence de sources de pollution, faible d\u00e9nivel\u00e9, terrain plat et de superficie suffisante, possibilit\u00e9 d\u2019adduction d\u2019eau potable et autres\u00bb, indique la m\u00eame source. Dans ce cas, toutes les \u00e9tudes techniques r\u00e9alis\u00e9es par l\u2019ANDA pour la conception de ce projet seront mises \u00e0 la disposition du concurrent retenu.<\/p>\n<p>Quant \u00e0 la deuxi\u00e8me option, il s\u2019agit de la r\u00e9alisation de l\u2019\u00e9closerie sur un autre site choisi par le concurrent. Dans ce cas, le concurrent prendra \u00e0 sa charge toutes les \u00e9tudes techniques pr\u00e9alables pour le choix du terrain ainsi que toutes les d\u00e9marches administratives pour sa mobilisation. Pour rappel, ce projet est inscrit dans le cadre du plan d\u2019action prioritaire de l\u2019ANDA afin de ma\u00eetriser l\u2019amont de la cha\u00eene de valeur et diversifier les sources d\u2019approvisionnement des fermes piscicoles en alevins. Il a fait l\u2019objet d\u2019un appui financier \u00e0 hauteur de 20 millions de dirhams.<\/p>\n<p>Auteur: Siham Jadraoui<br \/>\n<a href=\"https:\/\/aujourdhui.ma\/economie\/bientot-une-ecloserie-de-poissons-marins-sur-le-littoral-atlantique-nord\">Cliquez ici pour lire l&rsquo;article depuis sa source.<\/a><\/p>\n","protected":false},"excerpt":{"rendered":"<p>Elle sera r\u00e9alis\u00e9e et exploit\u00e9e dans le cadre d\u2019un partenariat public-priv\u00e9 Dans le cadre de la mise en \u0153uvre de la Strat\u00e9gie nationale de d\u00e9veloppement du secteur aquacole, l\u2019Agence nationale pour le d\u00e9veloppement de l\u2019aquaculture (ANDA) vient de lancer un appel \u00e0 manifestation d\u2019int\u00e9r\u00eat pour la r\u00e9alisation d\u2019une \u00e9closerie de poissons marins dans le cadre [&hellip;]<\/p>\n","protected":false},"author":1759,"featured_media":0,"comment_status":"closed","ping_status":"closed","sticky":false,"template":"","format":"standard","meta":{"fifu_image_url":"http:\/\/aujourdhui.ma\/wp-content\/uploads\/2019\/03\/aquaculture.jpg","fifu_image_alt":"Bient\u00f4t une \u00e9closerie de poissons marins sur le littoral atlantique nord","footnotes":""},"categories":[73,54],"tags":[],"class_list":["post-117068","post","type-post","status-publish","format-standard","hentry","category-actualite","category-maroc"],"_links":{"self":[{"href":"https:\/\/linitiative.ca\/International\/wp-json\/wp\/v2\/posts\/117068","targetHints":{"allow":["GET"]}}],"collection":[{"href":"https:\/\/linitiative.ca\/International\/wp-json\/wp\/v2\/posts"}],"about":[{"href":"https:\/\/linitiative.ca\/International\/wp-json\/wp\/v2\/types\/post"}],"author":[{"embeddable":true,"href":"https:\/\/linitiative.ca\/International\/wp-json\/wp\/v2\/users\/1759"}],"replies":[{"embeddable":true,"href":"https:\/\/linitiative.ca\/International\/wp-json\/wp\/v2\/comments?post=117068"}],"version-history":[{"count":0,"href":"https:\/\/linitiative.ca\/International\/wp-json\/wp\/v2\/posts\/117068\/revisions"}],"wp:attachment":[{"href":"https:\/\/linitiative.ca\/International\/wp-json\/wp\/v2\/media?parent=117068"}],"wp:term":[{"taxonomy":"category","embeddable":true,"href":"https:\/\/linitiative.ca\/International\/wp-json\/wp\/v2\/categories?post=117068"},{"taxonomy":"post_tag","embeddable":true,"href":"https:\/\/linitiative.ca\/International\/wp-json\/wp\/v2\/tags?post=117068"}],"curies":[{"name":"wp","href":"https:\/\/api.w.org\/{rel}","templated":true}]}}