{"id":117069,"date":"2021-05-20T08:45:14","date_gmt":"2021-05-20T12:45:14","guid":{"rendered":"https:\/\/linitiative.ca\/International\/afrique-creative-un-programme-pour-renforcer-les-entreprises-culturelles\/"},"modified":"2021-05-20T08:45:14","modified_gmt":"2021-05-20T12:45:14","slug":"afrique-creative-un-programme-pour-renforcer-les-entreprises-culturelles","status":"publish","type":"post","link":"https:\/\/linitiative.ca\/International\/afrique-creative-un-programme-pour-renforcer-les-entreprises-culturelles\/","title":{"rendered":"\u00abAfrique Cr\u00e9ative\u00bb : Un programme pour renforcer les entreprises culturelles"},"content":{"rendered":"<figure class=\"post-thumbnail\" itemprop=\"associatedMedia\" itemscope=\"itemscope\" itemtype=\"http:\/\/schema.org\/ImageObject\"><img decoding=\"async\" class=\"post_layout_5_img\" src=\"http:\/\/aujourdhui.ma\/wp-content\/uploads\/2021\/05\/Un-programme-pour-renforcer-les-entreprises-culturelles.jpg\" alt=\"\u00abAfrique Cr\u00e9ative\u00bb : Un programme pour renforcer les entreprises culturelles\"\/><\/figure>\n<p><span class=\"c7\"><strong>Les laur\u00e9ats b\u00e9n\u00e9ficieront d\u2019un accompagnement technique et financier<\/strong><\/span><span id=\"more-376835\"\/><\/p>\n<p>Bonne nouvelle pour les entrepreneurs issus des industries culturelles et cr\u00e9atives. L\u2019Agence fran\u00e7aise de d\u00e9veloppement (AFD) a lanc\u00e9 la deuxi\u00e8me \u00e9dition de \u00abAfrique Cr\u00e9ative\u00bb, un programme d\u2019acc\u00e9l\u00e9ration qui vise \u00e0 accompagner les entreprises culturelles et cr\u00e9atives africaines dans leur d\u00e9veloppement afin de maximiser leur impact tant \u00e0 l\u2019\u00e9chelle locale, nationale, qu\u2019internationale. Ouvert jusqu\u2019au 23 mai 2021 \u00e0 neuf pays dont le Maroc, ce programme d\u2019accompagnement se d\u00e9roulera de juin 2021 \u00e0 octobre 2022. Il concerne toutes les fili\u00e8res des industries culturelles, \u00e0 savoir le design, la production audiovisuelle, les arts de la sc\u00e8ne, l\u2019artisanat, les arts num\u00e9riques et autres. \u00abUne attention particuli\u00e8re sera port\u00e9e aux entreprises prenant en compte les enjeux environnementaux, sociaux et de genre\u00bb, peut-on lire sur la plate-forme du programme. Selon la m\u00eame source, les laur\u00e9ats b\u00e9n\u00e9ficieront d\u2019un accompagnement technique, tant au niveau du renforcement des capacit\u00e9s entrepreneuriales qu\u2019un coaching sur le plan cr\u00e9atif et culturel.<\/p>\n<p>\u00abLes entrepreneurs seront accompagn\u00e9s durant trois phases (pr\u00e9-incubation, incubation et acc\u00e9l\u00e9ration) \u00e9tal\u00e9es sur plus d\u2019un an. Ils b\u00e9n\u00e9ficieront de formations en e-learning, communes \u00e0 l\u2019ensemble de la cohorte sur des sujets vari\u00e9s (gestion des RH, marketing, etc.). Ces sessions de e-learning s\u2019inscrivent en compl\u00e9mentarit\u00e9 de l\u2019accompagnement fourni par les incubateurs. Elles sont l\u2019occasion pour les entrepreneurs de se rencontrer et d\u2019\u00e9changer virtuellement\u00bb, indique-t-on. De m\u00eame, les laur\u00e9ats auront l\u2019avantage d\u2019un soutien financier pour acc\u00e9l\u00e9rer le d\u00e9veloppement de l\u2019entreprise et consolider son mod\u00e8le \u00e9conomique. \u00abIls acc\u00e9deront \u00e0 un financement sous forme de subvention entre 30.000 et 50.000\u20ac\u00bb.<\/p>\n<p>Pour noter, Afrique Cr\u00e9ative est un programme d\u2019acc\u00e9l\u00e9ration financ\u00e9 par l\u2019AFD et mis en \u0153uvre par un consortium men\u00e9 par l\u2019ASBL belge Africalia avec le Conseil du groupe investisseurs et partenaires, Zhu Culture et Bayimba Foundation. En septembre 2019, un premier appel \u00e0 candidatures Afrique Cr\u00e9ative a permis de s\u00e9lectionner neuf entrepreneurs issus des quatre pays du programme dont le Maroc. Secteur \u00e9conomique encore peu investi, les industries culturelles et cr\u00e9atives constituent un levier \u00e9conomique consid\u00e9rable pour le continent. Afrique Cr\u00e9ative s\u2019inscrit ainsi dans une d\u00e9marche de soutien \u00e0 l\u2019entrepreneuriat culturel et cr\u00e9atif en formant, accompagnant, finan\u00e7ant et mettant en r\u00e9seau des entreprises cr\u00e9atives.<\/p>\n<p>Auteur: Siham Jadraoui<br \/>\n<a href=\"https:\/\/aujourdhui.ma\/culture\/afrique-creative-un-programme-pour-renforcer-les-entreprises-culturelles\">Cliquez ici pour lire l&rsquo;article depuis sa source.<\/a><\/p>\n","protected":false},"excerpt":{"rendered":"<p>Les laur\u00e9ats b\u00e9n\u00e9ficieront d\u2019un accompagnement technique et financier Bonne nouvelle pour les entrepreneurs issus des industries culturelles et cr\u00e9atives. L\u2019Agence fran\u00e7aise de d\u00e9veloppement (AFD) a lanc\u00e9 la deuxi\u00e8me \u00e9dition de \u00abAfrique Cr\u00e9ative\u00bb, un programme d\u2019acc\u00e9l\u00e9ration qui vise \u00e0 accompagner les entreprises culturelles et cr\u00e9atives africaines dans leur d\u00e9veloppement afin de maximiser leur impact tant \u00e0 [&hellip;]<\/p>\n","protected":false},"author":1759,"featured_media":0,"comment_status":"closed","ping_status":"closed","sticky":false,"template":"","format":"standard","meta":{"fifu_image_url":"http:\/\/aujourdhui.ma\/wp-content\/uploads\/2021\/05\/Un-programme-pour-renforcer-les-entreprises-culturelles.jpg","fifu_image_alt":"\u00abAfrique Cr\u00e9ative\u00bb : Un programme pour renforcer les entreprises culturelles","footnotes":""},"categories":[73,54],"tags":[],"class_list":["post-117069","post","type-post","status-publish","format-standard","hentry","category-actualite","category-maroc"],"_links":{"self":[{"href":"https:\/\/linitiative.ca\/International\/wp-json\/wp\/v2\/posts\/117069","targetHints":{"allow":["GET"]}}],"collection":[{"href":"https:\/\/linitiative.ca\/International\/wp-json\/wp\/v2\/posts"}],"about":[{"href":"https:\/\/linitiative.ca\/International\/wp-json\/wp\/v2\/types\/post"}],"author":[{"embeddable":true,"href":"https:\/\/linitiative.ca\/International\/wp-json\/wp\/v2\/users\/1759"}],"replies":[{"embeddable":true,"href":"https:\/\/linitiative.ca\/International\/wp-json\/wp\/v2\/comments?post=117069"}],"version-history":[{"count":0,"href":"https:\/\/linitiative.ca\/International\/wp-json\/wp\/v2\/posts\/117069\/revisions"}],"wp:attachment":[{"href":"https:\/\/linitiative.ca\/International\/wp-json\/wp\/v2\/media?parent=117069"}],"wp:term":[{"taxonomy":"category","embeddable":true,"href":"https:\/\/linitiative.ca\/International\/wp-json\/wp\/v2\/categories?post=117069"},{"taxonomy":"post_tag","embeddable":true,"href":"https:\/\/linitiative.ca\/International\/wp-json\/wp\/v2\/tags?post=117069"}],"curies":[{"name":"wp","href":"https:\/\/api.w.org\/{rel}","templated":true}]}}