{"id":117073,"date":"2021-05-19T14:00:00","date_gmt":"2021-05-19T18:00:00","guid":{"rendered":"https:\/\/linitiative.ca\/International\/acheminement-des-aides-humanitaires-marocaines-a-la-bande-de-gaza\/"},"modified":"2021-05-19T14:00:00","modified_gmt":"2021-05-19T18:00:00","slug":"acheminement-des-aides-humanitaires-marocaines-a-la-bande-de-gaza","status":"publish","type":"post","link":"https:\/\/linitiative.ca\/International\/acheminement-des-aides-humanitaires-marocaines-a-la-bande-de-gaza\/","title":{"rendered":"Acheminement des aides humanitaires marocaines \u00e0 la Bande de Gaza"},"content":{"rendered":"<p class=\"has-text-align-center has-vivid-cyan-blue-color has-text-color\"><strong>Via le poste frontalier de Rafa<\/strong><\/p>\n<p class=\"has-text-align-right has-black-color has-text-color\"><strong>Envoy\u00e9 sp\u00e9cial : Abdelkarim AKARKAB \u2013 MAP<\/strong><\/p>\n<p><strong>Sur Tr\u00e8s hautes Instructions de SM le Roi Mohammed VI, les aides humanitaires d\u2019urgence destin\u00e9es aux Palestiniens ont \u00e9t\u00e9 achemin\u00e9es mercredi vers la bande de gaza via le poste frontalier de Rafah<\/strong>.<\/p>\n<p>Ces aides humanitaires ont \u00e9t\u00e9 remises par l\u2019ambassadeur du Maroc en \u00c9gypte et repr\u00e9sentant permanent du Royaume aupr\u00e8s de la Ligue arabe, Ahmed Tazi, au repr\u00e9sentant du minist\u00e8re palestinien de la Sant\u00e9, Fathi Abou Warda.<\/p>\n<p>A cette occasion, le responsable palestinien a exprim\u00e9 son estime et sa gratitude \u00e0 SM le Roi pour Son soutien continu \u00e0 la cause palestinienne et Sa d\u00e9fense du droit l\u00e9gitime des Palestiniens \u00e0 l\u2019\u00e9tablissement d\u2019un \u00c9tat ind\u00e9pendant.<\/p>\n<p>Il a \u00e9galement transmis les salutations et la reconnaissance de l\u2019Autorit\u00e9 palestinienne au Souverain et au Maroc pour cette initiative qui all\u00e9gera les souffrances du peuple palestinien, \u00e9voquant l\u2019impact positif de cette sollicitude royale sur les Palestiniens en Cisjordanie et dans la bande de Gaza qui vivent dans des conditions difficiles dans le cadre de l\u2019escalade des tensions.<\/p>\n<p>Mardi, deux avions des Forces Arm\u00e9es Royales (FAR) transportant 20 tonnes de ces aides ont atterri \u00e0 l\u2019a\u00e9roport de la Base a\u00e9rienne est du Caire, en \u00c9gypte.<\/p>\n<p>Cette initiative s\u2019inscrit dans le cadre de la poursuite du pont a\u00e9rien mis en place par le Royaume avec l\u2019arriv\u00e9e, dimanche \u00e0 Amman en Jordanie, de deux avions militaires transportant une aide humanitaire constitu\u00e9e de produits alimentaires de premi\u00e8re n\u00e9cessit\u00e9, de m\u00e9dicaments de soins d\u2019urgence et de couvertures. Une aide qui sera achemin\u00e9e aux territoires palestiniens par des camions \u00e0 travers le pont frontalier entre la Jordanie et la Palestine.<\/p>\n<p>Sa Majest\u00e9 le Roi Mohammed VI, Pr\u00e9sident du Comit\u00e9 Al-Qods, avait bien voulu donner Ses Tr\u00e8s Hautes Instructions pour l\u2019envoi d\u2019une aide humanitaire d\u2019urgence au profit de la population palestinienne en Cisjordanie et dans la bande de Gaza.<\/p>\n<p>Constitu\u00e9e de 40 tonnes, cette aide humanitaire est compos\u00e9e de produits alimentaires de premi\u00e8re n\u00e9cessit\u00e9 (30 tonnes), de m\u00e9dicaments de soins d\u2019urgence et de couvertures (10 tonnes).<\/p>\n<p>Cette D\u00e9cision Royale s\u2019inscrit dans le cadre du soutien continu du Royaume \u00e0 la Cause palestinienne juste et sa solidarit\u00e9 permanente avec le peuple palestinien fr\u00e8re.<\/p>\n<p>Le Royaume du Maroc avait d\u00e9nonc\u00e9, dans les termes les plus fermes, les violences perp\u00e9tr\u00e9es dans les territoires palestiniens occup\u00e9s et dont la poursuite ne m\u00e8ne qu\u2019\u00e0 creuser le foss\u00e9, exacerber les ranc\u0153urs et \u00e9loigner d\u2019autant les chances de paix dans la r\u00e9gion.<\/p>\n<p>Le Royaume du Maroc, qui place la cause palestinienne au sommet de ses pr\u00e9occupations, reste fid\u00e8le \u00e0 son attachement \u00e0 la r\u00e9alisation de la solution des deux \u00c9tats, vivant c\u00f4te-\u00e0-c\u00f4te dans la paix et la s\u00e9curit\u00e9, passant par la cr\u00e9ation d\u2019un \u00c9tat palestinien dans les fronti\u00e8res du 4 juin 1967, avec Al-Qods-Est pour capitale.<\/p>\n<p>Auteur: M&rsquo;hammed rahal<br \/>\n<a href=\"http:\/\/albayane.press.ma\/acheminement-des-aides-humanitaires-marocaines-a-la-bande-de-gaza.html\">Cliquez ici pour lire l&rsquo;article depuis sa source.<\/a><\/p>\n","protected":false},"excerpt":{"rendered":"<p>Via le poste frontalier de Rafa Envoy\u00e9 sp\u00e9cial : Abdelkarim AKARKAB \u2013 MAP Sur Tr\u00e8s hautes Instructions de SM le Roi Mohammed VI, les aides humanitaires d\u2019urgence destin\u00e9es aux Palestiniens ont \u00e9t\u00e9 achemin\u00e9es mercredi vers la bande de gaza via le poste frontalier de Rafah. Ces aides humanitaires ont \u00e9t\u00e9 remises par l\u2019ambassadeur du Maroc [&hellip;]<\/p>\n","protected":false},"author":1760,"featured_media":0,"comment_status":"closed","ping_status":"closed","sticky":false,"template":"","format":"standard","meta":{"fifu_image_url":"","fifu_image_alt":"","footnotes":""},"categories":[73,54],"tags":[],"class_list":["post-117073","post","type-post","status-publish","format-standard","hentry","category-actualite","category-maroc"],"_links":{"self":[{"href":"https:\/\/linitiative.ca\/International\/wp-json\/wp\/v2\/posts\/117073","targetHints":{"allow":["GET"]}}],"collection":[{"href":"https:\/\/linitiative.ca\/International\/wp-json\/wp\/v2\/posts"}],"about":[{"href":"https:\/\/linitiative.ca\/International\/wp-json\/wp\/v2\/types\/post"}],"author":[{"embeddable":true,"href":"https:\/\/linitiative.ca\/International\/wp-json\/wp\/v2\/users\/1760"}],"replies":[{"embeddable":true,"href":"https:\/\/linitiative.ca\/International\/wp-json\/wp\/v2\/comments?post=117073"}],"version-history":[{"count":0,"href":"https:\/\/linitiative.ca\/International\/wp-json\/wp\/v2\/posts\/117073\/revisions"}],"wp:attachment":[{"href":"https:\/\/linitiative.ca\/International\/wp-json\/wp\/v2\/media?parent=117073"}],"wp:term":[{"taxonomy":"category","embeddable":true,"href":"https:\/\/linitiative.ca\/International\/wp-json\/wp\/v2\/categories?post=117073"},{"taxonomy":"post_tag","embeddable":true,"href":"https:\/\/linitiative.ca\/International\/wp-json\/wp\/v2\/tags?post=117073"}],"curies":[{"name":"wp","href":"https:\/\/api.w.org\/{rel}","templated":true}]}}