{"id":117074,"date":"2021-05-19T14:00:00","date_gmt":"2021-05-19T18:00:00","guid":{"rendered":"https:\/\/linitiative.ca\/International\/reactiver-la-procedure-judiciaire-contre-le-chef-des-milices-separatistes\/"},"modified":"2021-05-19T14:00:00","modified_gmt":"2021-05-19T18:00:00","slug":"reactiver-la-procedure-judiciaire-contre-le-chef-des-milices-separatistes","status":"publish","type":"post","link":"https:\/\/linitiative.ca\/International\/reactiver-la-procedure-judiciaire-contre-le-chef-des-milices-separatistes\/","title":{"rendered":"R\u00e9activer la proc\u00e9dure judiciaire contre le chef des milices s\u00e9paratistes"},"content":{"rendered":"<p class=\"has-text-align-center has-vivid-red-color has-text-color\"><strong>Acteurs associatifs marocains et espagnols<\/strong><\/p>\n<p><strong>Une importante manifestation a eu lieu, mardi, devant le si\u00e8ge de la sous-d\u00e9l\u00e9gation du gouvernement \u00e0 Malaga, exhortant la justice espagnole \u00e0 r\u00e9activer la proc\u00e9dure judiciaire \u00e0 l\u2019encontre du d\u00e9nomm\u00e9 Brahim Ghali, chef des milices s\u00e9paratistes du polisario, pour les innombrables plaintes d\u00e9pos\u00e9es contre lui, afin qu\u2019il r\u00e9ponde des actes qu\u2019il a commis contre des citoyens marocains et espagnols. Lors de cette importante manifestation, qui a connu une pr\u00e9sence remarquable de la femme marocaine, les manifestants ont scand\u00e9 des slogans appelant la justice \u00e0 mettre la main sur ce tortionnaire notoire.<\/strong><\/p>\n<p>Organis\u00e9 \u00e0 l\u2019initiative de l\u2019association pour l\u2019int\u00e9gration et l\u2019\u00e9galit\u00e9 et l\u2019Association Marocains du Monde, ce sit-in de protestation a \u00e9t\u00e9 l\u2019occasion pour les participants de rappeler les crimes perp\u00e9tr\u00e9s par le d\u00e9nomm\u00e9 Brahim Ghali et l\u2019organisation terroriste qu\u2019il dirige.<\/p>\n<p>Dans une d\u00e9claration \u00e0 la MAP, Iman El Akel, pr\u00e9sidente de l\u2019une des associations organisatrices a estim\u00e9 que l\u2019accueil du d\u00e9nomm\u00e9 Ghali est \u00ab\u00a0un geste inamical et une d\u00e9marche qui foule aux pieds les engagements scell\u00e9s entre les deux pays voisins ainsi que les fondements de cette relation bilat\u00e9rale\u00a0\u00bb. \u00ab\u00a0La prise en charge du chef du polisario par l\u2019Espagne entache les relations bilat\u00e9rales\u00a0\u00bb, a-t-elle d\u00e9nonc\u00e9, formant le souhait de \u00ab\u00a0voir la justice espagnole rectifier le tir et mettre cet assassin sous les verrous\u00a0\u00bb.<\/p>\n<p>De son c\u00f4t\u00e9, Aicha Rahal, pr\u00e9sidente de l\u2019association des femmes sahraouies pour la d\u00e9mocratie et les droits de l\u2019homme, a mis l\u2019accent, dans une d\u00e9claration similaire, sur l\u2019incoh\u00e9rence de la d\u00e9cision du gouvernement espagnol d\u2019accueillir sur sol un criminel ayant du sang de citoyens marocains et espagnols sur les mains.<\/p>\n<p>\u201cJe me suis d\u00e9plac\u00e9e de Las Palmas pour venir d\u00e9noncer, aux c\u00f4t\u00e9s de mes confr\u00e8res du milieu associatif et mes concitoyens, la pr\u00e9sence d\u2019un criminel de guerre dans un h\u00f4pital espagnol alors qu\u2019il devrait \u00eatre devant la justice\u201d, a-t-elle soutenu.<\/p>\n<p>\u201cLa justice espagnole est la seule \u00e0 \u00eatre en mesure de r\u00e9tablir le droit des victimes et mettre fin \u00e0 l\u2019impunit\u00e9 dont jouissait ce chef de ce groupe arm\u00e9 et mercenaire, qui fait l\u2019objet d\u2019un mandat d\u2019arr\u00eat depuis 2008 sans que la main de la justice puisse l\u2019atteindre\u201d, a-t-elle d\u00e9nonc\u00e9.<\/p>\n<p>Elle a relev\u00e9 que l\u2019accueil par l\u2019Espagne du chef des milices s\u00e9paratistes est une d\u00e9marche qui va \u00e0 l\u2019encontre de l\u2019esprit de coop\u00e9ration et de partenariat ayant caract\u00e9ris\u00e9 les relations entre le Maroc et l\u2019Espagne et porte pr\u00e9judice aux relations de confiance.<\/p>\n<p>\u201cC\u2019est indigne des relations et de l\u2019esprit de partenariat d\u2019accueillir en catimini le d\u00e9nomm\u00e9 Brahim Ghali dans des conditions obscures voire ill\u00e9gales. Mais c\u2019est surtout une atteinte grave aux droits des victimes de ce criminel de guerre\u201d, a insist\u00e9 Mme Rahal, rappelant que ce criminel, qui comptait se soustraire \u00e0 la justice espagnole \u00e0 travers une fausse identit\u00e9 alg\u00e9rienne, fait l\u2019objet de plusieurs plaintes de la part de citoyens espagnols et marocains.<\/p>\n<p>\u201cNous esp\u00e9rons que le juge en charge de ce dossier entende nos dol\u00e9ances et proc\u00e8de \u00e0 l\u2019arrestation imm\u00e9diate de ce criminel notoire qui jouit de soins m\u00e9dicaux, aux frais du contribuable espagnol, alors que pour ses ant\u00e9c\u00e9dents il devrait \u00eatre derri\u00e8re les barreaux\u201d, a r\u00e9it\u00e9r\u00e9 la militante marocaine.<\/p>\n<p>A ce propos, les manifestants ont exprim\u00e9 le souhait de voir la justice espagnole rectifier le tir et se mettre du c\u00f4t\u00e9 des victimes en r\u00e9activant la proc\u00e9dure lanc\u00e9e \u00e0 l\u2019encontre du chef des milices s\u00e9paratistes, accus\u00e9 d\u2019assassinat contre des travailleurs canariens, de tortures, d\u2019enl\u00e8vements, de viol ainsi qu\u2019une longue liste d\u2019exactions. Pr\u00e9sent \u00e0 cette manifestation, le politologue espagnol Pedro Ignacio Altamirano, qui a d\u00e9pos\u00e9 une plainte contre le chef des milices s\u00e9paratistes pour \u00eatre l\u2019instigateur de menaces de mort et de repr\u00e9sailles prof\u00e9r\u00e9es \u00e0 son encontre sur les r\u00e9seaux sociaux, a estim\u00e9 que le d\u00e9nomm\u00e9 Brahim Ghali devrait \u00eatre poursuivi et arr\u00eat\u00e9 dans l\u2019imm\u00e9diat au vu de la longue liste des charges qui p\u00e8sent contre lui.<\/p>\n<p>\u201cMa pr\u00e9sence aujourd\u2019hui est un geste de solidarit\u00e9 \u00e0 l\u2019adresse des victimes du polisario qui ont souffert, des ann\u00e9es durant, des crimes des tortionnaires de la milice s\u00e9paratiste et envers les p\u00eacheurs canariens mitraill\u00e9s par la bande terroriste. J\u2019exprime aussi ma solidarit\u00e9 \u00e0 l\u2019adresse des sahraouis opprim\u00e9s dans les campements de Tindouf\u00a0\u00bb, a-t-il ajout\u00e9.\u00a0<\/p>\n<p>Auteur: M&rsquo;hammed rahal<br \/>\n<a href=\"http:\/\/albayane.press.ma\/reactiver-la-procedure-judiciaire-contre-le-chef-des-milices-separatistes.html\">Cliquez ici pour lire l&rsquo;article depuis sa source.<\/a><\/p>\n","protected":false},"excerpt":{"rendered":"<p>Acteurs associatifs marocains et espagnols Une importante manifestation a eu lieu, mardi, devant le si\u00e8ge de la sous-d\u00e9l\u00e9gation du gouvernement \u00e0 Malaga, exhortant la justice espagnole \u00e0 r\u00e9activer la proc\u00e9dure judiciaire \u00e0 l\u2019encontre du d\u00e9nomm\u00e9 Brahim Ghali, chef des milices s\u00e9paratistes du polisario, pour les innombrables plaintes d\u00e9pos\u00e9es contre lui, afin qu\u2019il r\u00e9ponde des actes [&hellip;]<\/p>\n","protected":false},"author":1760,"featured_media":0,"comment_status":"closed","ping_status":"closed","sticky":false,"template":"","format":"standard","meta":{"fifu_image_url":"","fifu_image_alt":"","footnotes":""},"categories":[73,54],"tags":[],"class_list":["post-117074","post","type-post","status-publish","format-standard","hentry","category-actualite","category-maroc"],"_links":{"self":[{"href":"https:\/\/linitiative.ca\/International\/wp-json\/wp\/v2\/posts\/117074","targetHints":{"allow":["GET"]}}],"collection":[{"href":"https:\/\/linitiative.ca\/International\/wp-json\/wp\/v2\/posts"}],"about":[{"href":"https:\/\/linitiative.ca\/International\/wp-json\/wp\/v2\/types\/post"}],"author":[{"embeddable":true,"href":"https:\/\/linitiative.ca\/International\/wp-json\/wp\/v2\/users\/1760"}],"replies":[{"embeddable":true,"href":"https:\/\/linitiative.ca\/International\/wp-json\/wp\/v2\/comments?post=117074"}],"version-history":[{"count":0,"href":"https:\/\/linitiative.ca\/International\/wp-json\/wp\/v2\/posts\/117074\/revisions"}],"wp:attachment":[{"href":"https:\/\/linitiative.ca\/International\/wp-json\/wp\/v2\/media?parent=117074"}],"wp:term":[{"taxonomy":"category","embeddable":true,"href":"https:\/\/linitiative.ca\/International\/wp-json\/wp\/v2\/categories?post=117074"},{"taxonomy":"post_tag","embeddable":true,"href":"https:\/\/linitiative.ca\/International\/wp-json\/wp\/v2\/tags?post=117074"}],"curies":[{"name":"wp","href":"https:\/\/api.w.org\/{rel}","templated":true}]}}