{"id":117075,"date":"2021-05-19T14:00:00","date_gmt":"2021-05-19T18:00:00","guid":{"rendered":"https:\/\/linitiative.ca\/International\/palestinien-je-suisamerindianise-je-ne-le-serai-pas\/"},"modified":"2021-05-19T14:00:00","modified_gmt":"2021-05-19T18:00:00","slug":"palestinien-je-suisamerindianise-je-ne-le-serai-pas","status":"publish","type":"post","link":"https:\/\/linitiative.ca\/International\/palestinien-je-suisamerindianise-je-ne-le-serai-pas\/","title":{"rendered":"Palestinien je suis,\u00abam\u00e9rindianis\u00e9\u00bb je ne le serai pas."},"content":{"rendered":"<p class=\"has-text-align-right has-black-color has-text-color\"><strong>par Mustapha Labraimi<\/strong><\/p>\n<p class=\"has-vivid-cyan-blue-color has-text-color\"><strong>Sous le ciel ferm\u00e9, l\u2019agression militaire barbare et sanglante se poursuit. Son \u00e9cho assourdit l\u2019humanit\u00e9 et se r\u00e9pand dans l\u2019univers. Manifestation d\u2019une politique belliciste et criminelle qui dure depuis des d\u00e9cennies contre le peuple palestinien dont les ennemis, tous ses ennemis, voudraient l\u2019extermination.Des colons et\/ou des descendants de colons qui veulent r\u00e9p\u00e9ter en Palestine l\u2019exp\u00e9rience de la colonisation europ\u00e9enne des Am\u00e9riques par l\u2019\u00e9limination intentionnelle du peuple autochtone.<\/strong><\/p>\n<p>Le sionisme, suscit\u00e9 par l\u2019\u00e9chec des tendances int\u00e9grationnistes de l\u2019\u00e8re des Lumi\u00e8res dans toute l\u2019Europe, qu\u2019elle soit \u00ab avanc\u00e9e \u00ab dans sa partie occidentale ou centrale ou bien dans sa partie \u00ab arri\u00e9r\u00e9e\u00a0\u00bb orientale (Affaire Dreyfus en France, Nazisme en Allemagne, Pogroms en Russie et en Pologne),faisant feu de tout bois, ne pouvait que se fonder sur des mythes et des l\u00e9gendes pour s\u2019attirer \u00ab les bonnes gr\u00e2ces \u00bb de populations soit quasi ignares soit voulant se lib\u00e9rer des affres du racisme de ceux qui les consid\u00e8rent comme des d\u00e9icides. Et, participant au mouvement d\u2019expansion coloniale du 19\u00e8me si\u00e8cle, il a jet\u00e9, apr\u00e8s avoir essay\u00e9 d\u2019installer ses \u00ab ouailles\u00a0\u00bb en Ouganda, puis \u00e0 Madagascar, avant l\u2019Argentine, son d\u00e9volu sur la Palestine gr\u00e2ce \u00e0 la convergence entre ses mythes et ceux d\u2019une des \u00e9glises protestantes de Grande Bretagne et d\u2019un des tenants de cette \u00e9glise, Lord Balfour, anti juif notoire.<\/p>\n<p>Isra\u00ebl se d\u00e9clare alors ind\u00e9pendant sans d\u00e9limitation aucune de fronti\u00e8res. S\u2019ensuit une politique d\u2019expulsion des palestiniens, la spoliation de leurs biens et l\u2019\u00e9limination de tout ce qui pourrait en t\u00e9moigner. C\u2019est la Nakba.Sur la base de ce \u00ab\u00a0p\u00e9ch\u00e9 originel\u00a0\u00bb va s\u2019effectuer,par la guerre ou par l\u2019expansion de la spoliation, une politique de colonisation qui n\u2019a pas cess\u00e9 jusqu\u2019\u00e0 pr\u00e9sent.<\/p>\n<p>Les colons, en grande partie venus de l\u2019occident\u00a0; vont chercher une l\u00e9gitimit\u00e9 historique dans une opini\u00e2tre conservation de leur identit\u00e9 et en faisant supporter au peuple palestinien, qui n\u2019a jamais \u00e9t\u00e9 tenant d\u2019un racisme \u00e0 connotation religieuse, la facture \u00e0 payer pour les crimes racistes des europ\u00e9ens (pogroms, racisme latent des britanniques, genre Balfour puis \u00ab\u00a0solution finale\u00a0\u00bb des nazis allemands).<\/p>\n<p>La cr\u00e9ation d\u2019Isra\u00ebl ne fait pas l\u2019unanimit\u00e9 chez tous les juifs, m\u00eame si l\u2019Etat h\u00e9breu se veut repr\u00e9sentant de la nation juive et de sa diaspora essaim\u00e9e dans le monde. Un Etat qui pr\u00e9tend \u00ab\u00a0r\u00e9soudre la d\u00e9tresse de tous les juifs du monde et offrir \u00e0 tous les juifs la possibilit\u00e9 d\u2019y trouver un foyer.\u00a0\u00bb. Juda\u00efsme et sionisme ne sont pas des synonymes.<\/p>\n<p>Actuellement les soutiens les plus actifs du sionisme sont les \u00e9vang\u00e9listes am\u00e9ricains dont l\u2019un des tenants de leur doctrine fut Truman (33<sup>e<\/sup> pr\u00e9sident des USA). Il est bon de rappeler que les dangereuses \u00e9lucubrations des \u00e9vang\u00e9listes dans le monde veulent que pour assurer le retour \u00ab triomphal \u00bb de J\u00e9sus sur terre, avant le Jugement Dernier, il est n\u00e9cessaire que le royaume d\u2019Isra\u00ebl soit reconstitu\u00e9. Ainsi, c\u2019est une id\u00e9ologie fondamentaliste et int\u00e9griste (qui rel\u00e8verait, dans un monde rationnel de la maladie mentale) qui pr\u00e9vaut parmi de nombreux responsables aux Etats Unis, en Europe et dans certains pays comme le Br\u00e9sil de Bolsonaro.<\/p>\n<p>La communaut\u00e9 internationale se trouve ainsi soumise, par les puissances qui la gouvernent, \u00e0 accepter la trahison de ses valeurs universelles et le refus d\u2019Isra\u00ebl, depuis sa cr\u00e9ation, \u00e0 mettre en \u0153uvre les nombreuses r\u00e9solutions de l\u2019Organisation des Nations Unies et de son Conseil de S\u00e9curit\u00e9 pour mettre fin au conflit isra\u00e9lo-palestinien. Isra\u00ebl se comporte comme un \u00ab rogue State \u00bb, un Etat voyou,pour lequel seules comptent son expansion coloniale, sa puissance militaire technoscientifique\u00a0; sans respect pour le droit international, en ne respectant pas ses engagements et en persistant dans son agression et sa volont\u00e9 \u00ab\u00a0d\u2019am\u00e9rindianiser\u00a0\u00bb le peuple palestinien.<\/p>\n<p>Aujourd\u2019hui, dans ce \u00ab\u00a051st state\u00a0\u00bb, les \u00ab\u00a0contradictions int\u00e9rieures entre modernit\u00e9 et tradition, entre \u00eatre Juif et \u00eatre Isra\u00e9lien, entre \u00eatre sioniste et \u00eatre Juif\u00a0\u00bb sont exacerb\u00e9es par le machisme et le militarisme vant\u00e9s pour exercer l\u2019oppression et la violence. La vie en Isra\u00ebl est marqu\u00e9e par un \u00ab\u00a0apartheid r\u00e9invent\u00e9\u00a0\u00bb, d\u00e9shumanis\u00e9 par le num\u00e9rique et ses applications et qui fait du \u00ab\u00a0Palestinien un \u00eatre de seconde zone \u00bb quand il n\u2019est pas incarc\u00e9r\u00e9 ou simplement mis \u00e0 mort.Quant \u00e0 la d\u00e9mocratie en Isra\u00ebl, tant vant\u00e9e comme mod\u00e8le \u00e0 suivre, sans parler de ses \u00e9checs it\u00e9r\u00e9s \u00e0 doter le pays d\u2019un gouvernement, elle reste d\u00e9termin\u00e9e par la jud\u00e9it\u00e9 avant la citoyennet\u00e9.<\/p>\n<p>Dans un contexte marqu\u00e9 par le renforcement de l\u2019extr\u00eame droite dans la Knesset, l\u2019instabilit\u00e9 politique et un blocage confirm\u00e9 dans la formation d\u2019une coalition gouvernementale, l\u2019escalade meurtri\u00e8re entrepris par B. Netanyahu, poursuivi pour corruption par la justice isra\u00e9lienne, s\u2019inscrit dans la provocation agressive inn\u00e9e \u00e0 l\u2019encontre du peuple palestinien.<\/p>\n<p>C\u2019est d\u2019une mani\u00e8re d\u00e9clar\u00e9e et avec une continuelle violence, qu\u2019Isra\u00ebl poursuit son action pour annexer J\u00e9rusalem-Est et en \u00e9liminer toute pr\u00e9sence palestinienne. Le report des \u00e9lections en \u00ab\u00a0Territoires palestiniens \u00bb est cons\u00e9quent au refus d\u2019Isra\u00ebl de garantir que \u00ab le vote puisse \u00eatre tenu \u00e0 J\u00e9rusalem, et que les partis puissent y mener leur campagne \u00e9lectorale\u00a0\u00bb.<\/p>\n<p>Dans le quartier de Cheikh Jarrah, des familles palestiniennes sont menac\u00e9es d\u2019expulsion par les colons isra\u00e9liens et militants d\u2019extr\u00eame droite soutenue par le syst\u00e8me judiciaire isra\u00e9lien. Les manifestations de haine d\u00e9clench\u00e9es par l\u2019extr\u00eame droite isra\u00e9lienne sur l\u2019Esplanade des mosqu\u00e9es, l\u2019intrusion de la police isra\u00e9lienne dans la mosqu\u00e9e Al-Aqsa pendant le mois de Ramadan et autres exactions induisent la flamb\u00e9e de violences qui se poursuit par les raids criminels sur Gaza, faisant des dizaines de victimes parmi la population civile, notamment de nombreux enfants. Le carnage continue, la crise s\u2019intensifie et la communaut\u00e9 internationale reste dans ses blocages devant l\u2019extermination du peuple palestinien.<\/p>\n<p>La reprise du processus de paix est imp\u00e9rative car la guerre ne fait que d\u00e9truire et approfondit la d\u00e9gradation de la situation. La passivit\u00e9 a montr\u00e9 ses limites dans la solution d\u00e9finitive du conflit isra\u00e9lo-palestinien. Si Isra\u00ebl existe et l\u2019exprime d\u2019une fa\u00e7on tonitruante, il est plus que temps d\u2019arr\u00eater le massacre et d\u2019\u0153uvrer ardemment pour la cr\u00e9ation d\u2019un Etat palestinien avec J\u00e9rusalem-Est pour capitale. La r\u00e9sistance du peuple palestinien \u00e0 la colonisation et son expansion, au blocus et au pillage, aux humiliations et \u00e0 la discrimination est l\u00e9gitime. Le soutien et la solidarit\u00e9 qu\u2019elle suscite \u00e0 travers la plan\u00e8te ne permettront jamais que le peuple palestinien se laisse\u00ab\u00a0am\u00e9rindianiser\u00a0\u00bb.<\/p>\n<p>Auteur: M&rsquo;hammed rahal<br \/>\n<a href=\"http:\/\/albayane.press.ma\/palestinien-je-suisamerindianise-je-ne-le-serai-pas.html\">Cliquez ici pour lire l&rsquo;article depuis sa source.<\/a><\/p>\n","protected":false},"excerpt":{"rendered":"<p>par Mustapha Labraimi Sous le ciel ferm\u00e9, l\u2019agression militaire barbare et sanglante se poursuit. Son \u00e9cho assourdit l\u2019humanit\u00e9 et se r\u00e9pand dans l\u2019univers. Manifestation d\u2019une politique belliciste et criminelle qui dure depuis des d\u00e9cennies contre le peuple palestinien dont les ennemis, tous ses ennemis, voudraient l\u2019extermination.Des colons et\/ou des descendants de colons qui veulent r\u00e9p\u00e9ter [&hellip;]<\/p>\n","protected":false},"author":1760,"featured_media":0,"comment_status":"closed","ping_status":"closed","sticky":false,"template":"","format":"standard","meta":{"fifu_image_url":"","fifu_image_alt":"","footnotes":""},"categories":[73,54],"tags":[],"class_list":["post-117075","post","type-post","status-publish","format-standard","hentry","category-actualite","category-maroc"],"_links":{"self":[{"href":"https:\/\/linitiative.ca\/International\/wp-json\/wp\/v2\/posts\/117075","targetHints":{"allow":["GET"]}}],"collection":[{"href":"https:\/\/linitiative.ca\/International\/wp-json\/wp\/v2\/posts"}],"about":[{"href":"https:\/\/linitiative.ca\/International\/wp-json\/wp\/v2\/types\/post"}],"author":[{"embeddable":true,"href":"https:\/\/linitiative.ca\/International\/wp-json\/wp\/v2\/users\/1760"}],"replies":[{"embeddable":true,"href":"https:\/\/linitiative.ca\/International\/wp-json\/wp\/v2\/comments?post=117075"}],"version-history":[{"count":0,"href":"https:\/\/linitiative.ca\/International\/wp-json\/wp\/v2\/posts\/117075\/revisions"}],"wp:attachment":[{"href":"https:\/\/linitiative.ca\/International\/wp-json\/wp\/v2\/media?parent=117075"}],"wp:term":[{"taxonomy":"category","embeddable":true,"href":"https:\/\/linitiative.ca\/International\/wp-json\/wp\/v2\/categories?post=117075"},{"taxonomy":"post_tag","embeddable":true,"href":"https:\/\/linitiative.ca\/International\/wp-json\/wp\/v2\/tags?post=117075"}],"curies":[{"name":"wp","href":"https:\/\/api.w.org\/{rel}","templated":true}]}}