{"id":117076,"date":"2021-05-19T14:00:00","date_gmt":"2021-05-19T18:00:00","guid":{"rendered":"https:\/\/linitiative.ca\/International\/reaffirmation-de-la-centralite-de-la-cause-palestinienne-pour-les-marocains\/"},"modified":"2021-05-19T14:00:00","modified_gmt":"2021-05-19T18:00:00","slug":"reaffirmation-de-la-centralite-de-la-cause-palestinienne-pour-les-marocains","status":"publish","type":"post","link":"https:\/\/linitiative.ca\/International\/reaffirmation-de-la-centralite-de-la-cause-palestinienne-pour-les-marocains\/","title":{"rendered":"R\u00e9affirmation de la centralit\u00e9 de la cause palestinienne pour les Marocains"},"content":{"rendered":"<p class=\"has-text-align-center has-vivid-cyan-blue-color has-text-color\"><strong>Chambre des Conseillers<\/strong><\/p>\n<p class=\"has-text-align-left\">Les repr\u00e9sentants des groupes et groupement parlementaires \u00e0 la Chambre des conseillers ont r\u00e9affirm\u00e9, mardi, la centralit\u00e9 de la cause palestinienne pour tous les Marocains.<\/p>\n<p class=\"has-text-align-left\">Ils ont exprim\u00e9 au d\u00e9but de la s\u00e9ance hebdomadaire des questions orales \u00e0 la Chambre des Conseillers leur solidarit\u00e9 inconditionnelle avec le peuple palestinien dans sa nouvelle \u00e9preuve suite aux agressions isra\u00e9liennes, soulignant les positions constantes du Maroc, Roi, gouvernement et peuple, pour le soutien et la d\u00e9fense des droits l\u00e9gitimes des Palestiniens.<\/p>\n<p class=\"has-text-align-left\">Dans ce sens, le groupe Authenticit\u00e9 et Modernit\u00e9 a condamn\u00e9 les agressions isra\u00e9liennes contre les Palestiniens, les mesures visant \u00e0 alt\u00e9rer le statut d\u2019Al Qods et son identit\u00e9 arabo-islamique et chr\u00e9tienne ainsi que la confiscation des biens des Palestiniens.<\/p>\n<p class=\"has-text-align-left\">Il a pr\u00e9cis\u00e9 que la cause palestinienne a \u00e9t\u00e9 et restera toujours la cause de tous les Marocains, au m\u00eame titre que la premi\u00e8re cause nationale.<\/p>\n<p class=\"has-text-align-left\">Le groupe a \u00e9galement mis en avant la position constante du Royaume vis-\u00e0-vis de la cause palestinienne et son engagement ind\u00e9fectible pour la d\u00e9fense des droits l\u00e9gitimes du peuple palestinien, appelant la communaut\u00e9 internationale \u00e0 garantir l\u2019arr\u00eat imm\u00e9diat des agressions isra\u00e9liennes.<\/p>\n<p class=\"has-text-align-left\">De son c\u00f4t\u00e9, le groupe istiqlalien de l\u2019unit\u00e9 et de l\u2019\u00e9galitarisme a salu\u00e9 la r\u00e9sistance des Palestiniens dans la Bande de Gaza et en Cisjordanie, affirmant que la cause palestinienne est une question centrale pour les peuples arabo-musulmans.<\/p>\n<p class=\"has-text-align-left\">Le groupe a, en outre, soulign\u00e9 que la Haute initiative Royale d\u2019envoyer des aides humanitaires d\u2019urgence au profit des Palestiniens dans la Bande de Gaza et en Cisjordanie en vue d\u2019all\u00e9ger leurs souffrances vient conforter la position constante du Maroc en soutien au peuple palestinien.<\/p>\n<p class=\"has-text-align-left\">Pour sa part, le groupe Justice et D\u00e9veloppement, apr\u00e8s avoir condamn\u00e9 l\u2019agression isra\u00e9lienne contre le peuple palestinien dans la Bande de Gaza et \u00e0 Al Qods, a salu\u00e9 la position solidaire du Maroc avec le peuple palestinien dans sa r\u00e9sistance ainsi que la d\u00e9cision de Sa Majest\u00e9 le Roi d\u2019envoyer des aides humanitaires d\u2019urgence au profit des Palestiniens.<\/p>\n<p class=\"has-text-align-left\">Le groupe a, en outre, appel\u00e9 la communaut\u00e9 internationale et le Conseil de s\u00e9curit\u00e9 \u00e0 prendre les mesures qui s\u2019imposent pour la protection du peuple palestinien.<\/p>\n<p class=\"has-text-align-left\">Lui embo\u00eetant le pas, le groupe haraki a exprim\u00e9 sa solidarit\u00e9 absolue avec le peuple palestinien face aux agressions isra\u00e9liennes perp\u00e9tr\u00e9es dans un m\u00e9pris total des r\u00e9solutions des Nations Unies et en violation flagrante des pactes et chartes relatifs aux droits de l\u2019Homme, r\u00e9it\u00e9rant son soutien permanent aux droits l\u00e9gitimes des Palestiniens pour l\u2019\u00e9tablissement d\u2019un Etat ind\u00e9pendant avec Al Qods Acharif comme capitale.<\/p>\n<p class=\"has-text-align-left\">Il a \u00e9galement exalt\u00e9 les efforts constants du Maroc pour mettre fin aux agressions qui portent atteinte \u00e0 l\u2019ensemble des initiatives r\u00e9gionales et onusiennes pour instaurer la paix et la s\u00e9curit\u00e9 dans la r\u00e9gion.<\/p>\n<p class=\"has-text-align-left\">Le groupe Rassemblement National des Ind\u00e9pendants a, quant \u00e0 lui, salu\u00e9 les efforts consentis par le Royaume pour soutenir le peuple palestinien, soutenant que la cause palestinienne est la question de toute la Nation.<\/p>\n<p class=\"has-text-align-left\">Il a, ainsi, appel\u00e9 \u00e0 la cessation imm\u00e9diate des agressions contre les installations civiles et \u00e0 la lev\u00e9e du blocus impos\u00e9 \u00e0 la bande de Gaza.<\/p>\n<p>Le groupe a, par ailleurs, invit\u00e9 tous les peuples du monde, \u00e9pris de libert\u00e9, \u00e0 agir pour mettre fin \u00e0 ces agressions et \u00e0 \u0153uvrer \u00e0 nouveau au renforcement du dialogue afin de parvenir \u00e0 la solution \u00e0 deux \u00c9tats.<\/p>\n<p class=\"has-text-align-left\">Pour sa part, le groupe socialiste a affirm\u00e9 que toutes les forces vives du peuple marocain, unanimes sur la centralit\u00e9 de la cause palestinienne, condamnent les agressions commises en Palestine, tout en saluant les initiatives Royales pou le soutien du peuple palestinien et le r\u00f4le jou\u00e9 par le Comit\u00e9 Al Qods, pr\u00e9sid\u00e9 par Sa Majest\u00e9 le Roi, dans l\u2019appui de la r\u00e9sistance des Maqdessis.<\/p>\n<p class=\"has-text-align-left\">Il a, \u00e0 cet \u00e9gard, appel\u00e9 la communaut\u00e9 internationale, en particulier les Nations Unies et le Conseil de s\u00e9curit\u00e9, \u00e0 intervenir pour mettre un terme aux agressions isra\u00e9liennes et prot\u00e9ger le peuple palestinien.<\/p>\n<p class=\"has-text-align-left\">Le groupe Union Marocaine du Travail a, de son c\u00f4t\u00e9, salu\u00e9 la r\u00e9sistance h\u00e9ro\u00efque du peuple palestinien face \u00e0 cette nouvelle \u00e9preuve et aux agressions qu\u2019il subit dans la bande de Gaza et \u00e0 Al Qods, appelant les mouvements syndicaux arabe et international, les organisations syndicales mondiales et toutes les forces vives \u00e0 intensifier leurs efforts et \u00e0 mobiliser tous les moyens de soutien mat\u00e9riel et moral pour soutenir le peuple palestinien.<\/p>\n<p class=\"has-text-align-left\">Le groupe constitutionnel d\u00e9mocratique et social a, \u00e0 son tour, condamn\u00e9 les violations dont sont victimes les Palestiniens, relevant qu\u2019il s\u2019agit d\u2019un acte rejet\u00e9 par toutes les religions monoth\u00e9istes et tous les pactes et coutumes humaines.<\/p>\n<p class=\"has-text-align-left\">Il a soulign\u00e9 que ces agissements sont contraires aux r\u00e8gles de paix, de coexistence, de dialogue des civilisations, de s\u00e9curit\u00e9 et de stabilit\u00e9, tout en saluant les Hautes Initiatives Royales de soutien aux Palestiniens fr\u00e8res.<\/p>\n<p class=\"has-text-align-left\">Quant au groupe de la Conf\u00e9d\u00e9ration d\u00e9mocratique du travail, il a affirm\u00e9 que la cause palestinienne restera toujours une question nationale aux c\u00f4t\u00e9s du dossier de l\u2019int\u00e9grit\u00e9 territoriale du Royaume, d\u00e9non\u00e7ant les violences perp\u00e9tr\u00e9es dans la mosqu\u00e9e Al Aqsa ainsi que les attaques et agressions men\u00e9es contre le peuple palestinien dans la bande de Gaza.<\/p>\n<p class=\"has-text-align-left\">Pour sa part, le repr\u00e9sentant du progr\u00e8s et du socialisme a d\u00e9nonc\u00e9 le mutisme de la communaut\u00e9 internationale face aux agressions perp\u00e9tr\u00e9es contre le peuple palestinien, saluant hautement l\u2019initiative de SM le Roi d\u2019envoyer une aide humanitaire d\u2019urgence au profit des Palestiniens.<\/p>\n<p class=\"has-text-align-left\">Il a aussi tenu \u00e0 r\u00e9it\u00e9rer la position ferme et constante quant \u00e0 la justesse de la cause palestinienne qui requiert la f\u00e9d\u00e9ration des efforts pour la d\u00e9fense des droits l\u00e9gitimes du peuple palestinien.<\/p>\n<p>Auteur: M&rsquo;hammed rahal<br \/>\n<a href=\"http:\/\/albayane.press.ma\/reaffirmation-de-la-centralite-de-la-cause-palestinienne-pour-les-marocains.html\">Cliquez ici pour lire l&rsquo;article depuis sa source.<\/a><\/p>\n","protected":false},"excerpt":{"rendered":"<p>Chambre des Conseillers Les repr\u00e9sentants des groupes et groupement parlementaires \u00e0 la Chambre des conseillers ont r\u00e9affirm\u00e9, mardi, la centralit\u00e9 de la cause palestinienne pour tous les Marocains. Ils ont exprim\u00e9 au d\u00e9but de la s\u00e9ance hebdomadaire des questions orales \u00e0 la Chambre des Conseillers leur solidarit\u00e9 inconditionnelle avec le peuple palestinien dans sa nouvelle [&hellip;]<\/p>\n","protected":false},"author":1760,"featured_media":0,"comment_status":"closed","ping_status":"closed","sticky":false,"template":"","format":"standard","meta":{"fifu_image_url":"","fifu_image_alt":"","footnotes":""},"categories":[73,54],"tags":[],"class_list":["post-117076","post","type-post","status-publish","format-standard","hentry","category-actualite","category-maroc"],"_links":{"self":[{"href":"https:\/\/linitiative.ca\/International\/wp-json\/wp\/v2\/posts\/117076","targetHints":{"allow":["GET"]}}],"collection":[{"href":"https:\/\/linitiative.ca\/International\/wp-json\/wp\/v2\/posts"}],"about":[{"href":"https:\/\/linitiative.ca\/International\/wp-json\/wp\/v2\/types\/post"}],"author":[{"embeddable":true,"href":"https:\/\/linitiative.ca\/International\/wp-json\/wp\/v2\/users\/1760"}],"replies":[{"embeddable":true,"href":"https:\/\/linitiative.ca\/International\/wp-json\/wp\/v2\/comments?post=117076"}],"version-history":[{"count":0,"href":"https:\/\/linitiative.ca\/International\/wp-json\/wp\/v2\/posts\/117076\/revisions"}],"wp:attachment":[{"href":"https:\/\/linitiative.ca\/International\/wp-json\/wp\/v2\/media?parent=117076"}],"wp:term":[{"taxonomy":"category","embeddable":true,"href":"https:\/\/linitiative.ca\/International\/wp-json\/wp\/v2\/categories?post=117076"},{"taxonomy":"post_tag","embeddable":true,"href":"https:\/\/linitiative.ca\/International\/wp-json\/wp\/v2\/tags?post=117076"}],"curies":[{"name":"wp","href":"https:\/\/api.w.org\/{rel}","templated":true}]}}