{"id":117079,"date":"2021-05-20T03:43:46","date_gmt":"2021-05-20T07:43:46","guid":{"rendered":"https:\/\/linitiative.ca\/International\/inauguration-de-dar-argan-dans-la-province\/"},"modified":"2021-05-20T03:43:46","modified_gmt":"2021-05-20T07:43:46","slug":"inauguration-de-dar-argan-dans-la-province","status":"publish","type":"post","link":"https:\/\/linitiative.ca\/International\/inauguration-de-dar-argan-dans-la-province\/","title":{"rendered":"Inauguration de \u00ab\u00a0Dar Argan\u00a0\u00bb dans la province"},"content":{"rendered":"<div readability=\"40\">\n<p>Essaouira \u2013 \u00ab\u00a0Dar Argan\u00a0\u00bb (Maison de l\u2019argan), une unit\u00e9 de valorisation de l\u2019arganier a \u00e9t\u00e9 inaugur\u00e9e, mercredi dans la collectivit\u00e9 territoriale d\u2019El Hanchane, par le gouverneur de la province d\u2019Essaouira, M. Adil El Maliki, dans le cadre de la c\u00e9l\u00e9bration de la Journ\u00e9e internationale de cet arbre end\u00e9mique.<\/p>\n<\/div>\n<div readability=\"164\">\n<p>Ont notamment pris part \u00e0 cette c\u00e9r\u00e9monie, MM. Abdelaziz Bousraref, directeur r\u00e9gional de l\u2019Agriculture, Ahmed Najid, directeur provincial de l\u2019Agriculture, Mme Samira Hadraoui, directrice r\u00e9gionale de l\u2019Office National du Conseil Agricole de Marrakech-Safi, Abdellatif Mait, chef du d\u00e9partement de l\u2019ANDZOA \u00e0 Essaouira, ainsi que des responsables repr\u00e9sentant l\u2019ONSSA, les autorit\u00e9s locales et des femmes membres des coop\u00e9ratives f\u00e9minines op\u00e9rant dans cette fili\u00e8re.<\/p>\n<p>Erig\u00e9e sur une superficie totale de 1.200 m2, pour un investissement de plus de 3 MDH, cette structure a \u00e9t\u00e9 \u00e9quip\u00e9e en mat\u00e9riel n\u00e9cessaire pour le conditionnement, l\u2019\u00e9tiquetage, le stockage et l\u2019exposition des produits de l\u2019argan dans un showroom d\u00e9di\u00e9 \u00e0 leur commercialisation.<\/p>\n<p>La r\u00e9alisation de cette unit\u00e9 s\u2019inscrit dans le cadre d\u2019un projet d\u2019agriculture solidaire intitul\u00e9 \u00ab\u00a0Appui \u00e0 l\u2019\u00e9mergence, au d\u00e9veloppement et \u00e0 la bonne gouvernance des coop\u00e9ratives argani\u00e8res de la province d\u2019Essaouira\u00a0\u00bb.<\/p>\n<p>D\u2019un montant de 19 MDH, ce projet a \u00e9t\u00e9 financ\u00e9 par l\u2019Agence pour le D\u00e9veloppement Agricole (ADA) et r\u00e9alis\u00e9 par la Direction provinciale de l\u2019Agriculture (DPA) \u00e0 Essaouira avec l\u2019appui des services d\u00e9concentr\u00e9s du D\u00e9partement de l\u2019Agriculture.<\/p>\n<p>Les principales composantes de ce projet sont la formation, l\u2019accompagnement et l\u2019organisation des femmes en 120 coop\u00e9ratives, l\u2019am\u00e9nagement de 42 locaux des coop\u00e9ratives, l\u2019\u00e9quipement de 53 unit\u00e9s de valorisation et la construction de l\u2019unit\u00e9 \u00ab\u00a0Dar Argan\u00a0\u00bb.<\/p>\n<p>Ainsi, la mise en place de cette structure intervient dans le cadre d\u2019un projet int\u00e9gr\u00e9 visant l\u2019am\u00e9lioration des conditions socio-\u00e9conomiques des femmes rurales actives dans le secteur de l\u2019arganier au niveau de la province, la valorisation des produits de l\u2019arganier et l\u2019appui \u00e0 la commercialisation.<\/p>\n<p>Pour son fonctionnement, \u00ab\u00a0Dar Argan\u00a0\u00bb est mise \u00e0 la disposition du Groupement d\u2019int\u00e9r\u00eat \u00e9conomique (GIE) \u00ab\u00a0VITARGAN\u00a0\u00bb qui regroupe plusieurs coop\u00e9ratives. Cette structure permettra, ainsi, aux coop\u00e9ratives concern\u00e9es de conditionner leurs produits, selon les normes avec l\u2019appui des services d\u00e9concentr\u00e9s du D\u00e9partement de l\u2019Agriculture (DPA, ANDZOA, ONCA, ONSSA), et de les commercialiser en commun.<\/p>\n<p>De ce fait, cette unit\u00e9 aura un impact tr\u00e8s positif sur le revenu des coop\u00e9ratives, surtout qu\u2019elle est situ\u00e9e sur un circuit touristique \u00e0 m\u00eame d\u2019aider \u00e0 promouvoir les produits dudit GIE.<\/p>\n<p>Cette c\u00e9r\u00e9monie d\u2019inauguration a \u00e9t\u00e9 ponctu\u00e9e de la signature d\u2019une convention de partenariat entre la DPA et le GIE \u00ab\u00a0VITARGAN\u00a0\u00bb (agr\u00e9gateur), relative \u00e0 la gestion de cette structure, ainsi que de la remise de mat\u00e9riel de packaging \u00e0 une vingtaine de coop\u00e9ratives au niveau de la province.<\/p>\n<p>Dans une d\u00e9claration \u00e0 la MAP \u00e0 cette occasion, M. Najid a indiqu\u00e9 que la fili\u00e8re de l\u2019arganier constitue l\u2019un des axes strat\u00e9giques de la politique nationale de d\u00e9veloppement agricole, en g\u00e9n\u00e9ral, et un secteur vital pour l\u2019\u00e9conomie d\u2019Essaouira, en particulier, eu \u00e9gard \u00e0 son apport socio\u00e9conomique ind\u00e9niable, outre son r\u00f4le important sur le plan \u00e9cologique.<\/p>\n<p>Consciente de l\u2019importance de ce secteur vital, la DPA d\u2019Essaouira a accord\u00e9 une attention particuli\u00e8re au d\u00e9veloppement de cette fili\u00e8re, \u00e0 travers une s\u00e9rie de projets, dont le co\u00fbt global est estim\u00e9 \u00e0 environ 50 MDH, pour la valorisation de l\u2019huile d\u2019argan, la plantation de l\u2019arganier dans des terrains priv\u00e9s, et la construction d\u2019unit\u00e9s de valorisation \u00e0 l\u2019instar de la structure inaugur\u00e9e.<\/p>\n<p>Le projet de \u00ab\u00a0Dar Argan\u00a0\u00bb vise essentiellement \u00e0 r\u00e9soudre la probl\u00e9matique de commercialisation de l\u2019huile d\u2019argan dont souffrent plusieurs coop\u00e9ratives, expliquant qu\u2019une coop\u00e9rative, \u00e0 elle seule, ne peut pas acc\u00e9der facilement au march\u00e9.<\/p>\n<p>D\u2019o\u00f9, a-t-il encha\u00een\u00e9, la cr\u00e9ation de cette unit\u00e9 afin de f\u00e9d\u00e9rer les efforts et d\u2019agr\u00e9ger les coop\u00e9ratives pour leur faciliter l\u2019acc\u00e8s au march\u00e9, relevant que ces organisations ont \u00e9galement b\u00e9n\u00e9fici\u00e9 de sessions de formation pour le renforcement de leurs capacit\u00e9s, en particulier dans le domaine de la gestion.<\/p>\n<p>A noter que l\u2019arganier, dont l\u2019apport socio\u00e9conomique n\u2019est plus \u00e0 d\u00e9montrer, couvre 136.000 Ha au niveau de la province d\u2019Essaouira. Cet \u00e9cosyst\u00e8me a b\u00e9n\u00e9fici\u00e9 d\u2019une attention particuli\u00e8re dans le cadre du Plan Maroc Vert \u00e0 travers des projets r\u00e9alis\u00e9s par la DPA d\u2019Essaouira et l\u2019ANDZOA, touchant aussi bien l\u2019amont que l\u2019aval de la fili\u00e8re.<\/p>\n<p>En amont, la province b\u00e9n\u00e9ficie \u00e0 l\u2019instar des autres zones argani\u00e8res du pays du projet d\u2019arganiculture. Il s\u2019agit d\u2019un projet, en cours de r\u00e9alisation, qui consiste en la plantation de 3.000 Ha d\u2019arganier \u00e0 Essaouira sur un programme de 10.000 Ha : 1000 Ha sont d\u00e9j\u00e0 plant\u00e9s, 1000 Ha sont en cours et 1000 Ha programm\u00e9s en 2021.<\/p>\n<p>La nouvelle strat\u00e9gie \u00ab\u00a0G\u00e9n\u00e9ration Green\u00a0\u00bb pr\u00e9voit, quant \u00e0 elle, la plantation de 12.500 ha suppl\u00e9mentaires, selon les donn\u00e9es de la DPA.<\/p>\n<\/div>\n<p>Auteur: Meriem IGASS<br \/>\n<a href=\"http:\/\/www.mapmarrakech.ma\/fr\/essaouira-celebre-larganier-une-richesse-indeniable-de-la-province\/\">Cliquez ici pour lire l&rsquo;article depuis sa source.<\/a><\/p>\n","protected":false},"excerpt":{"rendered":"<p>Essaouira \u2013 \u00ab\u00a0Dar Argan\u00a0\u00bb (Maison de l\u2019argan), une unit\u00e9 de valorisation de l\u2019arganier a \u00e9t\u00e9 inaugur\u00e9e, mercredi dans la collectivit\u00e9 territoriale d\u2019El Hanchane, par le gouverneur de la province d\u2019Essaouira, M. Adil El Maliki, dans le cadre de la c\u00e9l\u00e9bration de la Journ\u00e9e internationale de cet arbre end\u00e9mique. Ont notamment pris part \u00e0 cette c\u00e9r\u00e9monie, [&hellip;]<\/p>\n","protected":false},"author":1788,"featured_media":0,"comment_status":"closed","ping_status":"closed","sticky":false,"template":"","format":"standard","meta":{"fifu_image_url":"","fifu_image_alt":"","footnotes":""},"categories":[54,76],"tags":[],"class_list":["post-117079","post","type-post","status-publish","format-standard","hentry","category-maroc","category-regions"],"_links":{"self":[{"href":"https:\/\/linitiative.ca\/International\/wp-json\/wp\/v2\/posts\/117079","targetHints":{"allow":["GET"]}}],"collection":[{"href":"https:\/\/linitiative.ca\/International\/wp-json\/wp\/v2\/posts"}],"about":[{"href":"https:\/\/linitiative.ca\/International\/wp-json\/wp\/v2\/types\/post"}],"author":[{"embeddable":true,"href":"https:\/\/linitiative.ca\/International\/wp-json\/wp\/v2\/users\/1788"}],"replies":[{"embeddable":true,"href":"https:\/\/linitiative.ca\/International\/wp-json\/wp\/v2\/comments?post=117079"}],"version-history":[{"count":0,"href":"https:\/\/linitiative.ca\/International\/wp-json\/wp\/v2\/posts\/117079\/revisions"}],"wp:attachment":[{"href":"https:\/\/linitiative.ca\/International\/wp-json\/wp\/v2\/media?parent=117079"}],"wp:term":[{"taxonomy":"category","embeddable":true,"href":"https:\/\/linitiative.ca\/International\/wp-json\/wp\/v2\/categories?post=117079"},{"taxonomy":"post_tag","embeddable":true,"href":"https:\/\/linitiative.ca\/International\/wp-json\/wp\/v2\/tags?post=117079"}],"curies":[{"name":"wp","href":"https:\/\/api.w.org\/{rel}","templated":true}]}}