{"id":117080,"date":"2021-05-20T03:56:58","date_gmt":"2021-05-20T07:56:58","guid":{"rendered":"https:\/\/linitiative.ca\/International\/essaouira-celebre-larganier-une-richesse-indeniable-de-la-province\/"},"modified":"2021-05-20T03:56:58","modified_gmt":"2021-05-20T07:56:58","slug":"essaouira-celebre-larganier-une-richesse-indeniable-de-la-province","status":"publish","type":"post","link":"https:\/\/linitiative.ca\/International\/essaouira-celebre-larganier-une-richesse-indeniable-de-la-province\/","title":{"rendered":"Essaouira c\u00e9l\u00e8bre l\u2019arganier, une richesse ind\u00e9niable de la province"},"content":{"rendered":"<div readability=\"41\">\n<p>Essaouira \u2013 Les autorit\u00e9s provinciales d\u2019Essaouira ont concoct\u00e9, en coordination avec les parties prenantes et les services concern\u00e9s, notamment ceux relevant du minist\u00e8re de l\u2019Agriculture, des Eaux et For\u00eats et de la lutte contre la d\u00e9sertification, un programme aussi riche que vari\u00e9 pour c\u00e9l\u00e9brer la Journ\u00e9e Internationale de l\u2019Arganier et f\u00eater, comme il se doit, ce patrimoine et cette richesse ind\u00e9niable de cette partie du territoire national.<\/p>\n<\/div>\n<div readability=\"147\">\n<p>Dans ce cadre, le gouverneur de la province, Adil El Malki, s\u2019est rendu, mercredi, dans un circuit forestier \u00e0 Sidi Sa\u00efd, dans la collectivit\u00e9 territoriale d\u2019El Hanchane, o\u00f9 il a supervis\u00e9 une op\u00e9ration de plantation de plants de cet arbre end\u00e9mique.<\/p>\n<p>A cette occasion, des explications ont \u00e9t\u00e9 fournies au gouverneur et \u00e0 la d\u00e9l\u00e9gation l\u2019accompagnant, par le directeur provincial des Eaux et For\u00eats et de la lutte contre la d\u00e9sertification, Abdelali Oumouhab, sur le programme de r\u00e9habilitation des for\u00eats de l\u2019arganier au niveau de la province, avec un focus sur les projets r\u00e9alis\u00e9s en 2020 et les actions pr\u00e9vues en 2021.<\/p>\n<p>Dans une d\u00e9claration \u00e0 la MAP \u00e0 cette occasion, M. Oumouhab a pr\u00e9cis\u00e9 que ce circuit regarni en arganiers s\u2019\u00e9tend sur 50 ha, relevant que la superficie totale concern\u00e9e par ce programme global de r\u00e9habilitation des for\u00eats de l\u2019arganier \u00e0 l\u2019\u00e9chelle provinciale s\u2019\u00e9l\u00e8ve \u00e0 pr\u00e8s de 40.000 Ha, au cours de la p\u00e9riode 2020-2030.<\/p>\n<p>Evoquant les actions pr\u00e9vues dans le cadre de ce programme, le responsable a cit\u00e9 la sylviculture, la plantation de nouveaux p\u00e9rim\u00e8tres de l\u2019arganeraie, la lutte contre l\u2019\u00e9rosion et l\u2019am\u00e9lioration des ressources hydriques.<\/p>\n<p>De son c\u00f4t\u00e9, le chef de la division du d\u00e9veloppement rural et de l\u2019environnement \u00e0 la pr\u00e9fecture, M. Khalid Chafik, a mis en avant les efforts d\u00e9ploy\u00e9s et les r\u00e9alisations accumul\u00e9es, en amont, dans cette fili\u00e8re strat\u00e9gique au cours des derni\u00e8res ann\u00e9es.<\/p>\n<p>Un programme ambitieux a \u00e9t\u00e9 mis en place pour le d\u00e9veloppement de cet \u00e9cosyst\u00e8me, avec un accent mis sur tout ce qui a trait \u00e0 l\u2019organisation des ayants-droit, \u00e0 la valorisation des produits d\u2019argan, \u00e0 la r\u00e9habilitation de la for\u00eat de cet arbre embl\u00e9matique et \u00e0 l\u2019organisation des circuits de commercialisation pour garantir un meilleur retour de la valeur ajout\u00e9e au profit des ayant droits et des femmes membres des coop\u00e9ratives actives dans cette fili\u00e8re, a indiqu\u00e9 M. Chafik dans une d\u00e9claration similaire.<\/p>\n<p>Par la suite, le gouverneur et la d\u00e9l\u00e9gation l\u2019accompagnant ont visit\u00e9 la nouvelle \u00e9cole d\u2019El Hanchane o\u00f9 il a \u00e9t\u00e9 proc\u00e9d\u00e9 \u00e0 la plantation d\u2019une vingtaine d\u2019arbres d\u2019arganier avec la participation des \u00e9l\u00e8ves de divers \u00e9tablissements scolaires dans la r\u00e9gion.<\/p>\n<p>Des ateliers de sensibilisation ont \u00e9t\u00e9 \u00e9galement organis\u00e9s au profit de ces apprenants et des membres des clubs de l\u2019environnement au sein de leurs \u00e9tablissements d\u2019enseignement.<\/p>\n<p>Enfin, M. Maliki a proc\u00e9d\u00e9, dans le centre d\u2019El Hanchane, \u00e0 l\u2019inauguration de \u00ab\u00a0Dar Argan\u00a0\u00bb (Maison de l\u2019argan), une unit\u00e9 de valorisation de l\u2019arganier, r\u00e9alis\u00e9e pour un co\u00fbt global estim\u00e9 \u00e0 plus de 3 millions de DH, dans le cadre du Plan Maroc Vert.<\/p>\n<p>Pour la pr\u00e9sidente du Groupement d\u2019Int\u00e9r\u00eat Economique (GIE), charg\u00e9 de la gestion de cette structure, Mme Zahra Kanabaou, ce projet constitue un r\u00eave qui s\u2019est r\u00e9alis\u00e9 pour les coop\u00e9ratives op\u00e9rant dans cette fili\u00e8re.<\/p>\n<p>La mise en place de cette unit\u00e9 vise essentiellement \u00e0 regrouper les coop\u00e9rations actives dans ce domaine afin d\u2019agir ensemble en vue de valoriser davantage leurs produits, de mieux les commercialiser et, partant, d\u2019am\u00e9liorer leurs revenus pour contribuer efficacement au d\u00e9veloppement de ce secteur vital.<\/p>\n<p>Cette c\u00e9r\u00e9monie d\u2019inauguration a \u00e9t\u00e9 ponctu\u00e9e de la signature d\u2019une convention de partenariat entre la DPA et le GIE \u00ab\u00a0VITARGAN\u00a0\u00bb (agr\u00e9gateur), relative \u00e0 la cession et \u00e0 la gestion de cette structure, ainsi que de la remise de mat\u00e9riels de packaging \u00e0 une vingtaine de coop\u00e9ratives au niveau de la province.<\/p>\n<p>A noter que cet arbre end\u00e9mique, dont l\u2019apport socio\u00e9conomique n\u2019est plus \u00e0 d\u00e9montrer, couvre 136.000 Ha au niveau de la province d\u2019Essaouira. Cet \u00e9cosyst\u00e8me a b\u00e9n\u00e9fici\u00e9 d\u2019une attention particuli\u00e8re dans le cadre du Plan Maroc Vert \u00e0 travers des projets r\u00e9alis\u00e9s par la DPA d\u2019Essaouira et l\u2019ANDZOA, touchant aussi bien l\u2019amont que l\u2019aval de la fili\u00e8re.<\/p>\n<p>En amont, la province b\u00e9n\u00e9ficie \u00e0 l\u2019instar des autres zones argani\u00e8res du pays du projet d\u2019arganiculture. Il s\u2019agit d\u2019un projet, en cours de r\u00e9alisation, qui consiste en la plantation de 3000 Ha d\u2019arganiers \u00e0 Essaouira sur un programme de 10.000 Ha : 1000 Ha sont d\u00e9j\u00e0 plant\u00e9s, 1000 Ha sont en cours et 1000 Ha programm\u00e9s en 2021.<\/p>\n<p>La nouvelle strat\u00e9gie \u00ab\u00a0G\u00e9n\u00e9ration Green\u00a0\u00bb pr\u00e9voit, quant \u00e0 elle, la plantation de 12.500 ha suppl\u00e9mentaires, selon les donn\u00e9es de la DPA.<\/p>\n<\/div>\n<p>Auteur: Meriem IGASS<br \/>\n<a href=\"http:\/\/www.mapmarrakech.ma\/fr\/essaouira-celebre-larganier-une-richesse-indeniable-de-la-province-2\/\">Cliquez ici pour lire l&rsquo;article depuis sa source.<\/a><\/p>\n","protected":false},"excerpt":{"rendered":"<p>Essaouira \u2013 Les autorit\u00e9s provinciales d\u2019Essaouira ont concoct\u00e9, en coordination avec les parties prenantes et les services concern\u00e9s, notamment ceux relevant du minist\u00e8re de l\u2019Agriculture, des Eaux et For\u00eats et de la lutte contre la d\u00e9sertification, un programme aussi riche que vari\u00e9 pour c\u00e9l\u00e9brer la Journ\u00e9e Internationale de l\u2019Arganier et f\u00eater, comme il se doit, [&hellip;]<\/p>\n","protected":false},"author":1788,"featured_media":0,"comment_status":"closed","ping_status":"closed","sticky":false,"template":"","format":"standard","meta":{"fifu_image_url":"","fifu_image_alt":"","footnotes":""},"categories":[54,76],"tags":[],"class_list":["post-117080","post","type-post","status-publish","format-standard","hentry","category-maroc","category-regions"],"_links":{"self":[{"href":"https:\/\/linitiative.ca\/International\/wp-json\/wp\/v2\/posts\/117080","targetHints":{"allow":["GET"]}}],"collection":[{"href":"https:\/\/linitiative.ca\/International\/wp-json\/wp\/v2\/posts"}],"about":[{"href":"https:\/\/linitiative.ca\/International\/wp-json\/wp\/v2\/types\/post"}],"author":[{"embeddable":true,"href":"https:\/\/linitiative.ca\/International\/wp-json\/wp\/v2\/users\/1788"}],"replies":[{"embeddable":true,"href":"https:\/\/linitiative.ca\/International\/wp-json\/wp\/v2\/comments?post=117080"}],"version-history":[{"count":0,"href":"https:\/\/linitiative.ca\/International\/wp-json\/wp\/v2\/posts\/117080\/revisions"}],"wp:attachment":[{"href":"https:\/\/linitiative.ca\/International\/wp-json\/wp\/v2\/media?parent=117080"}],"wp:term":[{"taxonomy":"category","embeddable":true,"href":"https:\/\/linitiative.ca\/International\/wp-json\/wp\/v2\/categories?post=117080"},{"taxonomy":"post_tag","embeddable":true,"href":"https:\/\/linitiative.ca\/International\/wp-json\/wp\/v2\/tags?post=117080"}],"curies":[{"name":"wp","href":"https:\/\/api.w.org\/{rel}","templated":true}]}}