{"id":117081,"date":"2021-05-20T11:29:49","date_gmt":"2021-05-20T15:29:49","guid":{"rendered":"https:\/\/linitiative.ca\/International\/le-plasticien-brahim-el-haissan-fait-leloge-de-la-trace\/"},"modified":"2021-05-20T11:29:49","modified_gmt":"2021-05-20T15:29:49","slug":"le-plasticien-brahim-el-haissan-fait-leloge-de-la-trace","status":"publish","type":"post","link":"https:\/\/linitiative.ca\/International\/le-plasticien-brahim-el-haissan-fait-leloge-de-la-trace\/","title":{"rendered":"Le plasticien Brahim El Haissan fait \u00ab\u00a0l\u2019\u00e9loge de la trace\u00a0\u00bb"},"content":{"rendered":"<div readability=\"37\">\n<p>Essaouira \u2013 \u00ab\u00a0L\u2019Eloge de la trace\u00a0\u00bb est la th\u00e9matique d\u2019une exposition exceptionnelle de l\u2019artiste plasticien et critique d\u2019art, Brahim El Haissan, dont le vernissage a eu lieu, lundi \u00e0 l\u2019espace embl\u00e9matique \u00ab\u00a0Dar Souiri\u00a0\u00bb \u00e0 Essaouira.<\/p>\n<\/div>\n<div readability=\"147\">\n<p>Organis\u00e9e par l\u2019Association Essaouira-Mogador, cette exposition individuelle offrira au grand public, parmi les passionn\u00e9s des arts, l\u2019occasion de d\u00e9couvrir et d\u2019appr\u00e9cier les nouvelles \u0153uvres r\u00e9alis\u00e9es par M. El Haissan durant la p\u00e9riode allant de 2017 \u00e0 2021.<\/p>\n<p>Dans une d\u00e9claration \u00e0 la MAP \u00e0 cette occasion, M. El Haissan a expliqu\u00e9 que ses \u0153uvres, qui tr\u00f4nent sur les cimaises de la salle d\u2019exposition Tayeb Seddiki, font ainsi l\u2019\u00e9loge de la trace \u00ab\u00a0avec une approche chromatique diff\u00e9rente et renouvel\u00e9e qui s\u2019\u00e9tend \u00e0 une exp\u00e9rience chromatique ant\u00e9rieure\u00a0\u00bb, ajoutant que celle-ci \u00ab\u00a0puisait essentiellement dans la pens\u00e9e visuelle des nomades. Une pens\u00e9e \u00e0 laquelle, elle a emprunt\u00e9 certaines caract\u00e9ristiques esth\u00e9tiques et symboliques, ainsi que d\u2019agr\u00e9ables co\u00efncidences de la vie quotidienne, notamment lors d\u2019\u00e9tapes ou d\u2019escales pendant les voyages\u00a0\u00bb.<\/p>\n<p>En g\u00e9n\u00e9ral, a-t-il encha\u00een\u00e9, \u00ab\u00a0elle regorge de traces et artefacts chromatiques mitig\u00e9s\u00a0\u00bb, soulignant que \u00ab\u00a0les sites et les dialogues spectraux s\u2019\u00e9changent au rythme de la multiplicit\u00e9 des textures et supports, et o\u00f9 vivent des mat\u00e9riaux de teintures du terroir notamment l\u2019indigo avec sa splendeur bleue fonc\u00e9e, ainsi que le brou de noix, les encres, les mati\u00e8res de mixage et d\u2019aggravation ainsi que d\u2019autres m\u00e9diums expressifs simples qui partagent la production de sens et de plaisir visuel\u00a0\u00bb.<\/p>\n<p>Pour l\u2019\u00e9crivain et critique d\u2019art, Hassan Laghdach, \u00ab\u00a0l\u2019artiste-peintre Brahim El Haissan se consacre \u00e0 l\u2019exploration des questions esth\u00e9tiques en tant que critique d\u2019art accompli. Son travail repose sur une th\u00e9matique qui constitue un point-carrefour entre de nombreux champs \u00e9pist\u00e9mologiques\u00a0\u00bb.<\/p>\n<p>En effet, \u00ab\u00a0le th\u00e8me de la trace nomade est adoss\u00e9 au statut de la m\u00e9moire et de l\u2019oubli, au patrimoine mat\u00e9riel et immat\u00e9riel ainsi qu\u2019au fonctionnement du palimpseste, une question que Brahim El Haissan ne cesse d\u2019exp\u00e9rimenter selon une d\u00e9marche heuristique et inter-picturale \u00e0 g\u00e9om\u00e9trie variable\u00a0\u00bb, explique M. Laghdach.<\/p>\n<p>\u00ab\u00a0Ici, la trace ne renvoie nullement aux vestiges en tant que reliques archa\u00efques, ou quelque symbole totalement tomb\u00e9 en d\u00e9su\u00e9tude. Elle n\u2019\u00e9voque pas non plus quelque d\u00e9bris que le temps aura oblit\u00e9r\u00e9 pour que n\u2019en subsiste que ruine regret et d\u00e9solation. Bien au contraire, la trace, chez Brahim El Haissan, parce que vivante, comporte mouvement et rythme. Elle est l\u2019\u0153uvre d\u2019une anthropisation qui transforme le d\u00e9j\u00e0 l\u00e0 sous l\u2019effet d\u2019une activit\u00e9 sublimatoire\u00a0\u00bb, fait-il remarquer.<\/p>\n<p>\u00ab\u00a0Il s\u2019agit surtout d\u2019une nomadisation de signes r\u00e9invent\u00e9s dans un style qui rend tout mysticisme contenu dans la nostalgique comme dans l\u2019exp\u00e9riment\u00e9 chromatique de l\u2019indigo\u00a0\u00bb, a-t-il dit, faisant constater que \u00ab\u00a0l\u2019exp\u00e9rience de Brahim El Haissan dirige notre regard \u00e0 l\u2019ext\u00e9rieur des limites de l\u2019\u0153uvre expos\u00e9e, une sorte d\u2019invitation \u00e0 une forme de pr\u00e9\u00e9ternit\u00e9 riche en significations muettes\u00a0\u00bb.<\/p>\n<p>De son c\u00f4t\u00e9, l\u2019\u00e9crivain et chroniqueur d\u2019art, M\u2019barek Housni, estime qu&rsquo;\u00a0\u00bbici, la trace n\u2019est pas frapp\u00e9e de mutisme, elle scintille de signification. Elle parle en se faisant sentir dans ce qu\u2019elle a de constitutif, ce qui la distingue de ce qui est fix\u00e9 ou imperturbable\u00a0\u00bb.<\/p>\n<p>\u00ab\u00a0Elle susurre son langage dont le lexique est une certaine accointance de couleurs et de proc\u00e9d\u00e9s, et dont le r\u00e9sultat est r\u00e9fl\u00e9chi d\u2019avance\u00a0\u00bb, note-t-il.<\/p>\n<p>Et de poursuivre qu\u2019\u00a0\u00bbelle n\u2019est pas un reste d\u2019un passage o\u00f9 d\u2019un \u00e9v\u00e9nement qui ne tire pas \u00e0 cons\u00e9quence. Juste un infime ajout aux objets pr\u00e9existants. Mais un fait av\u00e9r\u00e9 devant l\u2019\u0153il qui ne peut que le fixer et qui l\u2019admire presque malgr\u00e9 lui. Quand le fait prend l\u2019aspect de l\u2019\u0153uvre\u00a0\u00bb.<\/p>\n<p>\u00ab\u00a0L\u2019artiste avait appel\u00e9 cela la trace nomade. C\u2019est-\u00e0-dire dou\u00e9e d\u2019une +personnification+ \u00e0 l\u2019\u00e9gal de l\u2019homme. D\u00e9sormais, ce th\u00e8me, Brahim El Haissan ne s\u2019en d\u00e9partit pas et continue \u00e0 creuser toutes ses possibilit\u00e9s cach\u00e9es ou apparentes\u00a0\u00bb, \u00e9crit le chroniqueur.<\/p>\n<p>\u00ab\u00a0L\u2019\u00e9loge de la trace, voil\u00e0 un titre d\u2019exposition qui laisse pensif. Peut-on prof\u00e9rer des termes \u00e9logieux \u00e0 ce qui est insaisissable? Dont la nature est de ne pas permettre l\u2019acquisition d\u2019assez de temps pour au moins le contourner ? L\u2019artiste semble d\u00e9tenir le secret, qui n\u2019est bien entendu que l\u2019approche artistique. Par les moyens de l\u2019art\u00a0\u00bb, conclut-il.<\/p>\n<p>En marge de cette exposition, il sera proc\u00e9d\u00e9 \u00e0 la signature d\u2019un catalogue de 64 pages, r\u00e9alis\u00e9 par cet artiste-peintre, et regroupant des photos et des \u0153uvres artistiques ainsi que des analyses r\u00e9alis\u00e9es par une pl\u00e9iade de critiques et de chercheurs de renom.<\/p>\n<p>Par ailleurs, une conf\u00e9rence-d\u00e9bat sera organis\u00e9e, le 22 courant, autour de la th\u00e9matique de \u00ab\u00a0La ville et la question esth\u00e9tique\u00a0\u00bb, avec la participation d\u2019un parterre d\u2019artistes et critiques d\u2019art.<\/p>\n<\/div>\n<p>Auteur: Meriem IGASS<br \/>\n<a href=\"http:\/\/www.mapmarrakech.ma\/fr\/le-plasticien-brahim-el-haissan-fait-leloge-de-la-trace-a-essaouira\/\">Cliquez ici pour lire l&rsquo;article depuis sa source.<\/a><\/p>\n","protected":false},"excerpt":{"rendered":"<p>Essaouira \u2013 \u00ab\u00a0L\u2019Eloge de la trace\u00a0\u00bb est la th\u00e9matique d\u2019une exposition exceptionnelle de l\u2019artiste plasticien et critique d\u2019art, Brahim El Haissan, dont le vernissage a eu lieu, lundi \u00e0 l\u2019espace embl\u00e9matique \u00ab\u00a0Dar Souiri\u00a0\u00bb \u00e0 Essaouira. Organis\u00e9e par l\u2019Association Essaouira-Mogador, cette exposition individuelle offrira au grand public, parmi les passionn\u00e9s des arts, l\u2019occasion de d\u00e9couvrir et [&hellip;]<\/p>\n","protected":false},"author":1788,"featured_media":0,"comment_status":"closed","ping_status":"closed","sticky":false,"template":"","format":"standard","meta":{"fifu_image_url":"","fifu_image_alt":"","footnotes":""},"categories":[54,76],"tags":[],"class_list":["post-117081","post","type-post","status-publish","format-standard","hentry","category-maroc","category-regions"],"_links":{"self":[{"href":"https:\/\/linitiative.ca\/International\/wp-json\/wp\/v2\/posts\/117081","targetHints":{"allow":["GET"]}}],"collection":[{"href":"https:\/\/linitiative.ca\/International\/wp-json\/wp\/v2\/posts"}],"about":[{"href":"https:\/\/linitiative.ca\/International\/wp-json\/wp\/v2\/types\/post"}],"author":[{"embeddable":true,"href":"https:\/\/linitiative.ca\/International\/wp-json\/wp\/v2\/users\/1788"}],"replies":[{"embeddable":true,"href":"https:\/\/linitiative.ca\/International\/wp-json\/wp\/v2\/comments?post=117081"}],"version-history":[{"count":0,"href":"https:\/\/linitiative.ca\/International\/wp-json\/wp\/v2\/posts\/117081\/revisions"}],"wp:attachment":[{"href":"https:\/\/linitiative.ca\/International\/wp-json\/wp\/v2\/media?parent=117081"}],"wp:term":[{"taxonomy":"category","embeddable":true,"href":"https:\/\/linitiative.ca\/International\/wp-json\/wp\/v2\/categories?post=117081"},{"taxonomy":"post_tag","embeddable":true,"href":"https:\/\/linitiative.ca\/International\/wp-json\/wp\/v2\/tags?post=117081"}],"curies":[{"name":"wp","href":"https:\/\/api.w.org\/{rel}","templated":true}]}}