{"id":117082,"date":"2021-05-20T12:35:34","date_gmt":"2021-05-20T16:35:34","guid":{"rendered":"https:\/\/linitiative.ca\/International\/programmation-de-162-projets-de-lindh-au-titre-de-2019-2020\/"},"modified":"2021-05-20T12:35:34","modified_gmt":"2021-05-20T16:35:34","slug":"programmation-de-162-projets-de-lindh-au-titre-de-2019-2020","status":"publish","type":"post","link":"https:\/\/linitiative.ca\/International\/programmation-de-162-projets-de-lindh-au-titre-de-2019-2020\/","title":{"rendered":"Programmation de 162 projets de l\u2019INDH au titre de 2019-2020"},"content":{"rendered":"<div readability=\"36\">\n<p>Marrakech \u2013 Quelque 162 projets de l\u2019Initiative Nationale pour le D\u00e9veloppement Humain (INDH) ont \u00e9t\u00e9 programm\u00e9s au niveau de la pr\u00e9fecture de Marrakech au titre de 2019-2020, pour un co\u00fbt global de 93,61 millions de DH (MDH).<\/p>\n<\/div>\n<div readability=\"97\">\n<p>Ces donn\u00e9es ont \u00e9t\u00e9 pr\u00e9sent\u00e9es, mardi \u00e0 Marrakech, par le chef de la Division de l\u2019Action Sociale (DAS) relevant de la Wilaya de la r\u00e9gion Marrakech-Safi, Anouar Dbira, lors d\u2019une journ\u00e9e de communication organis\u00e9e \u00e0 l\u2019occasion de la c\u00e9l\u00e9bration du 16\u00e8 anniversaire du lancement de l\u2019INDH.<\/p>\n<p>Ces projets concernent le programme 1 de la phase III de l\u2019INDH \u00ab\u00a0Rattrapage des d\u00e9ficits en infrastructures et services sociaux de base\u00a0\u00bb (05 projets d\u2019un co\u00fbt global de 7,2 MDH), \u00a0le programme 2 \u00ab\u00a0Accompagnement des personnes en situation de pr\u00e9carit\u00e9\u00a0\u00bb (58 projets d\u2019un co\u00fbt de 23,56 MDH), le programme 3 \u00ab\u00a0am\u00e9lioration du revenu et inclusion \u00e9conomique des jeunes\u00a0\u00bb (61 projets d\u2019un montant total de 21,1 MDH) et le programme 4 \u00ab\u00a0Impulsion du capital humain des g\u00e9n\u00e9rations montantes\u00a0\u00bb (38 projets, d\u2019une enveloppe budg\u00e9taire de 41,5 MDH).<\/p>\n<p>S\u2019agissant du programme 1 de la phase III de l\u2019INDH \u00ab\u00a0Rattrapage des d\u00e9ficits en infrastructures et services sociaux de base\u00a0\u00bb, les projets programm\u00e9s (construction de routes et am\u00e9nagement et \u00e9quipement de centres de sant\u00e9) au titre de 2019 et 2020, ont b\u00e9n\u00e9fici\u00e9 \u00e0 34.183 personnes au niveau de la pr\u00e9fecture de Marrakech.<\/p>\n<p>Concernant le programme 2 \u00ab\u00a0Accompagnement des personnes en situation de pr\u00e9carit\u00e9\u00a0\u00bb, le nombre de b\u00e9n\u00e9ficiaires des projets relatifs \u00e0 l\u2019\u00e9quipement de centres de protection sociale, la mise \u00e0 niveau de centre d\u2019accueil et de prise en charge des personnes \u00e0 besoins sp\u00e9cifiques et le soutien des centres d\u2019h\u00e9modialyse (acquisition d\u2019\u00e9quipements et ambulances) s\u2019\u00e9l\u00e8ve \u00e0 4.909 personnes en situation de pr\u00e9carit\u00e9.<\/p>\n<p>Le nombre de b\u00e9n\u00e9ficiaires du programme 4 \u00ab\u00a0Impulsion du capital humain des g\u00e9n\u00e9rations montantes\u00a0\u00bb (axe promotion de la sant\u00e9 de la m\u00e8re et de l\u2019enfant) s\u2019\u00e9l\u00e8ve, quant \u00e0 lui, \u00e0 4.943 femmes ayant profit\u00e9 de l\u2019am\u00e9nagement et l\u2019\u00e9quipement de maisons de maternit\u00e9.<\/p>\n<p>Pour ce qui est de l\u2019axe \u00ab\u00a0g\u00e9n\u00e9ralisation de l\u2019acc\u00e8s \u00e0 l\u2019enseignement pr\u00e9scolaire en milieu rural\u00a0\u00bb du programme 4, le nombre d\u2019unit\u00e9s programm\u00e9es dans la pr\u00e9fecture de Marrakech s\u2019\u00e9l\u00e8ve \u00e0 97 unit\u00e9s, encadr\u00e9es par 122 \u00e9ducateurs et \u00e9ducatrices, qui profitent \u00e0 2.608 enfants.<\/p>\n<p>Depuis son lancement en 2005 par Sa Majest\u00e9 le Roi Mohammed VI, l\u2019INDH a b\u00e9n\u00e9fici\u00e9 \u00e0 des millions de Marocains leur permettant de mieux tirer profit de leur potentiel.<\/p>\n<p>La phase III de l\u2019INDH, lanc\u00e9e en septembre 2018, est venue pour capitaliser sur ses acquis et recentrer ses programmes notamment, sur l\u2019impulsion du capital humain et la promotion des conditions des g\u00e9n\u00e9rations montantes.<\/p>\n<p>Cette phase porte sur plusieurs axes \u00e0 savoir : \u00ab\u00a0le rattrapage des d\u00e9ficits en infrastructures et services sociaux de base\u00a0\u00bb, \u00ab\u00a0l\u2019accompagnement des personnes en situation de pr\u00e9carit\u00e9\u00a0\u00bb, \u00ab\u00a0l\u2019am\u00e9lioration du revenu et inclusion \u00e9conomique des jeunes\u00a0\u00bb et \u00ab\u00a0l\u2019impulsion du capital humain des g\u00e9n\u00e9rations montantes\u00a0\u00bb.<\/p>\n<\/div>\n<p>Auteur: Meriem IGASS<br \/>\n<a href=\"http:\/\/www.mapmarrakech.ma\/fr\/programmation-de-162-projets-de-lindh-au-titre-de-2019-2020\/\">Cliquez ici pour lire l&rsquo;article depuis sa source.<\/a><\/p>\n","protected":false},"excerpt":{"rendered":"<p>Marrakech \u2013 Quelque 162 projets de l\u2019Initiative Nationale pour le D\u00e9veloppement Humain (INDH) ont \u00e9t\u00e9 programm\u00e9s au niveau de la pr\u00e9fecture de Marrakech au titre de 2019-2020, pour un co\u00fbt global de 93,61 millions de DH (MDH). Ces donn\u00e9es ont \u00e9t\u00e9 pr\u00e9sent\u00e9es, mardi \u00e0 Marrakech, par le chef de la Division de l\u2019Action Sociale (DAS) [&hellip;]<\/p>\n","protected":false},"author":1788,"featured_media":0,"comment_status":"closed","ping_status":"closed","sticky":false,"template":"","format":"standard","meta":{"fifu_image_url":"","fifu_image_alt":"","footnotes":""},"categories":[54,76],"tags":[],"class_list":["post-117082","post","type-post","status-publish","format-standard","hentry","category-maroc","category-regions"],"_links":{"self":[{"href":"https:\/\/linitiative.ca\/International\/wp-json\/wp\/v2\/posts\/117082","targetHints":{"allow":["GET"]}}],"collection":[{"href":"https:\/\/linitiative.ca\/International\/wp-json\/wp\/v2\/posts"}],"about":[{"href":"https:\/\/linitiative.ca\/International\/wp-json\/wp\/v2\/types\/post"}],"author":[{"embeddable":true,"href":"https:\/\/linitiative.ca\/International\/wp-json\/wp\/v2\/users\/1788"}],"replies":[{"embeddable":true,"href":"https:\/\/linitiative.ca\/International\/wp-json\/wp\/v2\/comments?post=117082"}],"version-history":[{"count":0,"href":"https:\/\/linitiative.ca\/International\/wp-json\/wp\/v2\/posts\/117082\/revisions"}],"wp:attachment":[{"href":"https:\/\/linitiative.ca\/International\/wp-json\/wp\/v2\/media?parent=117082"}],"wp:term":[{"taxonomy":"category","embeddable":true,"href":"https:\/\/linitiative.ca\/International\/wp-json\/wp\/v2\/categories?post=117082"},{"taxonomy":"post_tag","embeddable":true,"href":"https:\/\/linitiative.ca\/International\/wp-json\/wp\/v2\/tags?post=117082"}],"curies":[{"name":"wp","href":"https:\/\/api.w.org\/{rel}","templated":true}]}}