{"id":117083,"date":"2021-05-20T13:32:58","date_gmt":"2021-05-20T17:32:58","guid":{"rendered":"https:\/\/linitiative.ca\/International\/une-petite-lecon-de-choses\/"},"modified":"2021-05-20T13:32:58","modified_gmt":"2021-05-20T17:32:58","slug":"une-petite-lecon-de-choses","status":"publish","type":"post","link":"https:\/\/linitiative.ca\/International\/une-petite-lecon-de-choses\/","title":{"rendered":"Une petite le\u00e7on de choses"},"content":{"rendered":"<div readability=\"37\">\n<p>Par Khalil Hachimi Idrissi<br \/>Ce qui est affligeant dans la crise maroco-espagnole, c\u2019est que les Espagnols font, maladroitement, semblant d\u2019\u00eatre les victimes d\u2019une situation de crise dont ils ne seraient pas responsables. Ridicule !<\/p>\n<\/div>\n<div readability=\"171\">\n<p>Ils re\u00e7oivent, pour des raisons humanitaires disent-ils, un criminel de guerre \u2014 Brahim Ghali chef d\u2019un Polisario en guerre contre le Maroc \u2014 qui agit pour le compte de l\u2019Alg\u00e9rie pour attaquer l\u2019int\u00e9grit\u00e9 territoriale du Maroc, et qui plus est demand\u00e9 par leurs propres juridictions. C\u2019est quand m\u00eame exceptionnel.<\/p>\n<p>Avec la complicit\u00e9 de l\u2019Alg\u00e9rie, on fait venir le criminel de guerre en question avec un vrai-faux passeport alg\u00e9rien au nom de Mohamed Ben Batouche, on l\u2019installe \u00e0 l\u2019h\u00f4pital de Logro\u00f1o et on esp\u00e8re que le secret sera bien gard\u00e9, surtout vis-\u00e0-vis des Marocains. C\u2019est d\u2019une na\u00efvet\u00e9 confondante.<\/p>\n<p>Nos amis espagnols doivent, au moins, nous expliquer l\u2019intelligence de cette strat\u00e9gie. Son bien-fond\u00e9 g\u00e9opolitique. Sa subtilit\u00e9 diplomatique. Sa quintessence en termes de partenariat, d\u2019amiti\u00e9 et d\u2019int\u00e9r\u00eats bien compris.<\/p>\n<p>Puisque nous en sommes \u00e0 calculer les int\u00e9r\u00eats qui poussent les uns et les autres \u00e0 agir d\u2019une mani\u00e8re froide, \u2013 une vraie trahison pour ce qui nous concerne \u2013 les contrats espagnols de gaz avec un r\u00e9gime militaire alg\u00e9rien finissant valent-ils le coup pour d\u00e9stabiliser durablement l\u2019Ouest de la M\u00e9diterran\u00e9e et de jeter cette r\u00e9gion dans un inconnu explosif ?<\/p>\n<p>La quantit\u00e9 \u2013 comme disent nos amis ib\u00e9riques \u2013 des relations s\u00e9curitaires entre le Maroc et l\u2019Espagne est-elle si insignifiante pour passer par pertes et profits et \u00eatre mise au second plan pour accueillir Mohamed Ben Batouche ? Il faut trouver le strat\u00e8ge \u00e9m\u00e9rite qui a accouch\u00e9 de cette id\u00e9e pour lui remettre la m\u00e9daille de l\u2019idiot utile de l\u2019ann\u00e9e. C\u2019est consternant.<\/p>\n<p>Passons aux travaux pratiques ! Nous sommes cens\u00e9s \u00eatre les gendarmes z\u00e9l\u00e9s de la migration clandestine, les partenaires loyaux dans la lutte anti-terroriste, les partenaires \u00e9conomiques enthousiastes qui ont, volontairement, mis en 20 ans l\u2019Espagne \u00e0 la t\u00eate de nos clients-fournisseurs, les voisins attentifs et compr\u00e9hensibles \u00e0 un fait colonial incongru au 21\u00e9me si\u00e8cle, surann\u00e9 qui excite les factions les plus arri\u00e9r\u00e9es de l\u2019extr\u00eame droite \u00e0 l\u2019extr\u00eame gauche espagnoles.<\/p>\n<p>Mais qu\u2019attendent-ils du Maroc ? D\u2019\u00eatre un Etat sans charisme, sans l\u00e9gitimit\u00e9, sans int\u00e9r\u00eats, sans fiert\u00e9 nationale ou sans histoire. Dire oui \u00e0 Madrid et ses coups de mentons ridicules, dire oui \u00e0 Bruxelles et ses subsides, dire oui \u00e0 Berlin et \u00e0 son complexe n\u00e9ocolonial avort\u00e9 et puis quoi encore ?<\/p>\n<p>Il y a, manifestement, une erreur sur toute la ligne. Le temps de la clarification est venu surtout apr\u00e8s la reconnaissance par les USA de la souverainet\u00e9 pleine et enti\u00e8re du Maroc sur son Sahara. Qu\u2019allez-vous faire ?<\/p>\n<p>Vous aligner sur les USA et donner une chance \u00e0 la paix dans cette r\u00e9gion ? Ou continuer \u00e0 grenouiller en jouant les uns contre les autres en maintenant le Maghreb \u2014 votre pire cauchemar s\u2019il est uni \u2014 dans la servilit\u00e9, la division st\u00e9rile et les antagonismes factices. Allez-vous soutenir la solution d\u2019autonomie sous souverainet\u00e9 marocaine comme vous le laissez parfois croire tellement l\u2019id\u00e9e de la cr\u00e9ation d\u2019un 6\u00e8me \u00ab fail-state \u00bb dans la r\u00e9gion sous domination alg\u00e9rienne vous semble irresponsable ? Qu\u2019allez vous faire, dites-nous ?<\/p>\n<p>La nouvelle r\u00e9alit\u00e9 g\u00e9opolitique impose soit une reformulation, responsable et pragmatique, des alliances et des rapports strat\u00e9giques avec nos partenaires traditionnels ou, carr\u00e9ment, les errements espagnols poussant vers cela, changer de partenaires et construire de nouvelles alliances plus loyales, plus cr\u00e9dibles, moins m\u00e2tin\u00e9es de m\u00e9pris colonial du 19\u00e8me si\u00e8cle, et, surtout moins hypocrites.<\/p>\n<p>La terre de Dieu est vaste. Et l\u2019Europe se meurt. Ni coh\u00e9sion \u00e9conomique et financi\u00e8re. Ni capacit\u00e9 de prot\u00e9ger r\u00e9ellement ses fronti\u00e8res, ni \u00e0 l\u2019Est ni \u00e0 l\u2019Ouest. Ni arm\u00e9e susceptible de relever un d\u00e9fi ou imposer des valeurs. Un \u00e9largissement calamiteux qui a tu\u00e9 le r\u00eave des p\u00e8res fondateurs. Des Etats membres sous perfusion d\u2019euros sans aucune conscience de destin partag\u00e9. Et des rodomontades pu\u00e9riles en direction de pays tiers. Votre charme est rompu.<\/p>\n<p>Cette Europe-l\u00e0 d\u00e9fend solidairement, au d\u00e9triment de ses valeurs fondatrices, la pr\u00e9sence ill\u00e9gale d\u2019un criminel de guerre, recherch\u00e9 par la justice en Espagne et fait fi des cas humanitaires de millions de migrants en mouvement pour leur survie ! De quelle farine cet humanisme est fait ?<\/p>\n<p>Oui, la terre de Dieu est vaste et si notre face \u00e0 face avec cette Europe d\u00e9boussol\u00e9e, affaiblit, gav\u00e9e de ses euros et perdue dans le si\u00e8cle sans valeurs partag\u00e9es et sans mod\u00e8le gratifiant ne fait plus notre affaire, pourquoi alors insister \u00e0 vive ensemble.<\/p>\n<p>Il serait suicidaire pour nous de continuer \u00e0 faire un bout de chemin avec des gens qui ne sont pas loyaux, qui sont hypocrites, menteurs, qui te plantent un couteau dans le dos \u00e0 la premi\u00e8re occasion, qui sont incapables de construire une alliance strat\u00e9gique \u00e9quilibr\u00e9e, fond\u00e9e sur des int\u00e9r\u00eats bien compris. Il n\u2019y a rien \u00e0 faire. Il apparait maintenant que cette voie est bouch\u00e9e.<\/p>\n<p>L\u2019affaire de Sebta est un retour du r\u00e9el dans une relation fantasm\u00e9e. C\u2019est l\u2019intrusion du r\u00e9el quotidien dans une construction intellectuelle sordide et fausse. Les dirigeants actuels de Madrid dans leur incomp\u00e9tence av\u00e9r\u00e9e \u2014 d\u00e9truire la relation marco-espagnole pour Mohamed Ben Batouche ! \u2014 ont oubli\u00e9 les param\u00e8tres fondamentaux qui structurent durablement la relation de voisinage Maroc-Espagne. Le rappel de Sebta ne leur fait pas de mal. Ils devraient revenir rapidement \u00e0 la realpolitik et sortir des \u00e9garements \u00abBatouchiens\u00bb qui ont ridiculis\u00e9 l\u2019ex\u00e9cutif, humili\u00e9 le judiciaire et plong\u00e9 dans la prosternation le l\u00e9gislatif. Des gouvernements d\u2019honneur, par le pass\u00e9, ont d\u00e9missionn\u00e9 pour moins que cela. Mais l\u00e0, c\u2019est le r\u00e8gne de l\u2019amateurisme, le temps de l\u2019honneur est r\u00e9volu.<\/p>\n<p>La mise en abime est parfaite quand les Espagnols parlent de l\u2019int\u00e9grit\u00e9 territoriale de l\u2019Espagne quand il s\u2019agit de Sebta. Leurs tr\u00e9molos dans la voix sont touchants. Et la fibre patriotarde confondante. M\u00eame les plus d\u00e9mocrates s\u2019y mettent pour d\u00e9fendre une r\u00e9alit\u00e9 coloniale caricaturale. Mais passons ! Quid de l\u2019int\u00e9grit\u00e9 territoriale du Royaume et de sa souverainet\u00e9 sur ses provinces du Sud ? Non ! Pas de parall\u00e9lisme en vue, pas de similitudes, pas de convergence ou pas de rapprochement d\u2019id\u00e9es. La schizophr\u00e9nie est totale. Ce qui vaut pour l\u2019un, ne vaut pas pour l\u2019autre.<\/p>\n<p>Les cons\u00e9quences de cette crise politique et diplomatique majeure seront, sans doute, multiples et calamiteuses. Non seulement elles annulent de fait 15 ans de progr\u00e8s, \u00e0 deux, pour construire un partenariat bilat\u00e9ral solide mais elle va ouvrir la boite de Pandore avec tous ses vieux d\u00e9mons, ses vielles amertumes et ses vieilles ranc\u0153urs. La joie actuelle \u2014 infantile et contreproductive \u2014 des partis d\u2019extr\u00eame droite en Espagne est le meilleur t\u00e9moignage que le pauvre gouvernement de Pedro Sanchez fonce droit dans le mur en klaxonnant.<\/p>\n<\/div>\n<p>Auteur: Meriem IGASS<br \/>\n<a href=\"http:\/\/www.mapmarrakech.ma\/fr\/une-petite-lecon-de-choses\/\">Cliquez ici pour lire l&rsquo;article depuis sa source.<\/a><\/p>\n","protected":false},"excerpt":{"rendered":"<p>Par Khalil Hachimi IdrissiCe qui est affligeant dans la crise maroco-espagnole, c\u2019est que les Espagnols font, maladroitement, semblant d\u2019\u00eatre les victimes d\u2019une situation de crise dont ils ne seraient pas responsables. Ridicule ! Ils re\u00e7oivent, pour des raisons humanitaires disent-ils, un criminel de guerre \u2014 Brahim Ghali chef d\u2019un Polisario en guerre contre le Maroc [&hellip;]<\/p>\n","protected":false},"author":1788,"featured_media":0,"comment_status":"closed","ping_status":"closed","sticky":false,"template":"","format":"standard","meta":{"fifu_image_url":"","fifu_image_alt":"","footnotes":""},"categories":[54,76],"tags":[],"class_list":["post-117083","post","type-post","status-publish","format-standard","hentry","category-maroc","category-regions"],"_links":{"self":[{"href":"https:\/\/linitiative.ca\/International\/wp-json\/wp\/v2\/posts\/117083","targetHints":{"allow":["GET"]}}],"collection":[{"href":"https:\/\/linitiative.ca\/International\/wp-json\/wp\/v2\/posts"}],"about":[{"href":"https:\/\/linitiative.ca\/International\/wp-json\/wp\/v2\/types\/post"}],"author":[{"embeddable":true,"href":"https:\/\/linitiative.ca\/International\/wp-json\/wp\/v2\/users\/1788"}],"replies":[{"embeddable":true,"href":"https:\/\/linitiative.ca\/International\/wp-json\/wp\/v2\/comments?post=117083"}],"version-history":[{"count":0,"href":"https:\/\/linitiative.ca\/International\/wp-json\/wp\/v2\/posts\/117083\/revisions"}],"wp:attachment":[{"href":"https:\/\/linitiative.ca\/International\/wp-json\/wp\/v2\/media?parent=117083"}],"wp:term":[{"taxonomy":"category","embeddable":true,"href":"https:\/\/linitiative.ca\/International\/wp-json\/wp\/v2\/categories?post=117083"},{"taxonomy":"post_tag","embeddable":true,"href":"https:\/\/linitiative.ca\/International\/wp-json\/wp\/v2\/tags?post=117083"}],"curies":[{"name":"wp","href":"https:\/\/api.w.org\/{rel}","templated":true}]}}