{"id":117085,"date":"2021-05-20T14:08:26","date_gmt":"2021-05-20T18:08:26","guid":{"rendered":"https:\/\/linitiative.ca\/International\/adoption-dun-projet-de-decret-instituant-une-remuneration-des-services-rendus-par-la-protection-civile\/"},"modified":"2021-05-20T14:08:26","modified_gmt":"2021-05-20T18:08:26","slug":"adoption-dun-projet-de-decret-instituant-une-remuneration-des-services-rendus-par-la-protection-civile","status":"publish","type":"post","link":"https:\/\/linitiative.ca\/International\/adoption-dun-projet-de-decret-instituant-une-remuneration-des-services-rendus-par-la-protection-civile\/","title":{"rendered":"Adoption d\u2019un projet de d\u00e9cret instituant une r\u00e9mun\u00e9ration des services rendus par la Protection civile"},"content":{"rendered":"<p class=\"c4\">Le Conseil de gouvernement a adopt\u00e9, jeudi, un projet de d\u00e9cret instituant une r\u00e9mun\u00e9ration des services rendus par le minist\u00e8re de l\u2019Int\u00e9rieur (Inspection de la Protection civile).<\/p>\n<p class=\"c4\">Le projet de d\u00e9cret N\u00b02.20.656, qui modifie le d\u00e9cret 2.97.344 publi\u00e9 le 30 juin 1997, s\u2019inscrit dans le cadre de l\u2019adaptation aux nouvelles dispositions institu\u00e9es en vertu du d\u00e9cret N\u00b02.18.577 relatif au r\u00e8glement g\u00e9n\u00e9ral de construction (RGC), et ce conform\u00e9ment aux textes qui concernent le domaine de l\u2019urbanisme et de la construction, indique M. Saaid Amzazi, Porte-parole du gouvernement, dans un communiqu\u00e9 lu lors d\u2019un point de presse \u00e0 l\u2019issue du Conseil.<\/p>\n<p class=\"c4\">En vertu de ce texte, les services de la protection civile sont d\u00e9sormais charg\u00e9s de fournir des plans proactifs de pr\u00e9vention contre les risques et d\u2019intervenir, le cas \u00e9ch\u00e9ant, dans les lotissements immobiliers, les b\u00e2timents, les groupes de logement, ainsi que dans les \u00e9tablissements objets des dossiers d\u00e9pos\u00e9s aupr\u00e8s des services concern\u00e9s, ajoute le porte-parole, notant que le r\u00f4le de la Protection civile se limitait, jusqu\u2019ici, \u00e0 l\u2019\u00e9tude des dossiers li\u00e9s notamment \u00e0 la division, \u00e0 la construction ou \u00e0 l\u2019am\u00e9nagement.<\/p>\n<p class=\"c4\">Pr\u00e9sent\u00e9 par le ministre de l\u2019Int\u00e9rieur, ce projet de d\u00e9cret vise \u00e9galement \u00e0 tirer vers le haut l\u2019efficacit\u00e9 et la qualit\u00e9 du rendement des services de la Protection civile, ainsi qu\u2019\u00e0 percevoir les frais de ce nouveau service, conclut M. Amzazi.<\/p>\n<p>Auteur: Soufiane ELAHMAR<br \/>\n<a href=\"http:\/\/www.mapoujda.ma\/fr\/adoption-dun-projet-de-decret-instituant-une-remuneration-des-services-rendus-par-la-protection-civile\/\">Cliquez ici pour lire l&rsquo;article depuis sa source.<\/a><\/p>\n","protected":false},"excerpt":{"rendered":"<p>Le Conseil de gouvernement a adopt\u00e9, jeudi, un projet de d\u00e9cret instituant une r\u00e9mun\u00e9ration des services rendus par le minist\u00e8re de l\u2019Int\u00e9rieur (Inspection de la Protection civile). Le projet de d\u00e9cret N\u00b02.20.656, qui modifie le d\u00e9cret 2.97.344 publi\u00e9 le 30 juin 1997, s\u2019inscrit dans le cadre de l\u2019adaptation aux nouvelles dispositions institu\u00e9es en vertu du [&hellip;]<\/p>\n","protected":false},"author":1788,"featured_media":0,"comment_status":"closed","ping_status":"closed","sticky":false,"template":"","format":"standard","meta":{"fifu_image_url":"","fifu_image_alt":"","footnotes":""},"categories":[54,76],"tags":[],"class_list":["post-117085","post","type-post","status-publish","format-standard","hentry","category-maroc","category-regions"],"_links":{"self":[{"href":"https:\/\/linitiative.ca\/International\/wp-json\/wp\/v2\/posts\/117085","targetHints":{"allow":["GET"]}}],"collection":[{"href":"https:\/\/linitiative.ca\/International\/wp-json\/wp\/v2\/posts"}],"about":[{"href":"https:\/\/linitiative.ca\/International\/wp-json\/wp\/v2\/types\/post"}],"author":[{"embeddable":true,"href":"https:\/\/linitiative.ca\/International\/wp-json\/wp\/v2\/users\/1788"}],"replies":[{"embeddable":true,"href":"https:\/\/linitiative.ca\/International\/wp-json\/wp\/v2\/comments?post=117085"}],"version-history":[{"count":0,"href":"https:\/\/linitiative.ca\/International\/wp-json\/wp\/v2\/posts\/117085\/revisions"}],"wp:attachment":[{"href":"https:\/\/linitiative.ca\/International\/wp-json\/wp\/v2\/media?parent=117085"}],"wp:term":[{"taxonomy":"category","embeddable":true,"href":"https:\/\/linitiative.ca\/International\/wp-json\/wp\/v2\/categories?post=117085"},{"taxonomy":"post_tag","embeddable":true,"href":"https:\/\/linitiative.ca\/International\/wp-json\/wp\/v2\/tags?post=117085"}],"curies":[{"name":"wp","href":"https:\/\/api.w.org\/{rel}","templated":true}]}}