{"id":117086,"date":"2021-05-20T12:20:28","date_gmt":"2021-05-20T16:20:28","guid":{"rendered":"https:\/\/linitiative.ca\/International\/colorado-le-c-a-en-hausse-de-395-au-t1\/"},"modified":"2021-05-20T12:20:28","modified_gmt":"2021-05-20T16:20:28","slug":"colorado-le-c-a-en-hausse-de-395-au-t1","status":"publish","type":"post","link":"https:\/\/linitiative.ca\/International\/colorado-le-c-a-en-hausse-de-395-au-t1\/","title":{"rendered":"Colorado: Le C.A en hausse de 39,5% au T1"},"content":{"rendered":"<p class=\"rtejustify\">Le sp\u00e9cialiste de la peinte Colorado a r\u00e9alis\u00e9, au premier trimestre, un chiffre d\u2019affaires de 113,7 millions de DH, en hausse de 39,5% par rapport \u00e0 la m\u00eame p\u00e9riode de 2020. Selon la soci\u00e9t\u00e9, sur cette p\u00e9riode le tonnage vendu a atteint 9,9 K.Tonnes, en progression de 35,5% par rapport au T1-2020, alors que tonnage produit a augment\u00e9 de 44,3% \u00e0 10,4 K.Tonnes. Concernant l&rsquo;endettement net, il a enregistr\u00e9 une hausse de 41,9% \u00e0 31,1 millions DH, et reste constitu\u00e9 exclusivement les dettes \u00e0 moyen terme. \u00ab Cette augmentation est relative au d\u00e9blocage d&rsquo;un cr\u00e9dit moyen terme de 10 millions DH durant ce trimestre \u00bb, explique la soci\u00e9t\u00e9, pr\u00e9cisant que le niveau de l&rsquo;endettement \u00e0 moyen terme reste tr\u00e8s faible (8,7%) rapport\u00e9 aux capitaux propres.<\/p>\n<p>Auteur: hgueye<br \/>\n<a href=\"https:\/\/www.leconomiste.com\/flash-infos\/colorado-le-c-en-hausse-de-39-5-au-t1\">Cliquez ici pour lire l&rsquo;article depuis sa source.<\/a><\/p>\n","protected":false},"excerpt":{"rendered":"<p>Le sp\u00e9cialiste de la peinte Colorado a r\u00e9alis\u00e9, au premier trimestre, un chiffre d\u2019affaires de 113,7 millions de DH, en hausse de 39,5% par rapport \u00e0 la m\u00eame p\u00e9riode de 2020. Selon la soci\u00e9t\u00e9, sur cette p\u00e9riode le tonnage vendu a atteint 9,9 K.Tonnes, en progression de 35,5% par rapport au T1-2020, alors que tonnage [&hellip;]<\/p>\n","protected":false},"author":1763,"featured_media":0,"comment_status":"closed","ping_status":"closed","sticky":false,"template":"","format":"standard","meta":{"fifu_image_url":"","fifu_image_alt":"","footnotes":""},"categories":[78,54],"tags":[],"class_list":["post-117086","post","type-post","status-publish","format-standard","hentry","category-economie","category-maroc"],"_links":{"self":[{"href":"https:\/\/linitiative.ca\/International\/wp-json\/wp\/v2\/posts\/117086","targetHints":{"allow":["GET"]}}],"collection":[{"href":"https:\/\/linitiative.ca\/International\/wp-json\/wp\/v2\/posts"}],"about":[{"href":"https:\/\/linitiative.ca\/International\/wp-json\/wp\/v2\/types\/post"}],"author":[{"embeddable":true,"href":"https:\/\/linitiative.ca\/International\/wp-json\/wp\/v2\/users\/1763"}],"replies":[{"embeddable":true,"href":"https:\/\/linitiative.ca\/International\/wp-json\/wp\/v2\/comments?post=117086"}],"version-history":[{"count":0,"href":"https:\/\/linitiative.ca\/International\/wp-json\/wp\/v2\/posts\/117086\/revisions"}],"wp:attachment":[{"href":"https:\/\/linitiative.ca\/International\/wp-json\/wp\/v2\/media?parent=117086"}],"wp:term":[{"taxonomy":"category","embeddable":true,"href":"https:\/\/linitiative.ca\/International\/wp-json\/wp\/v2\/categories?post=117086"},{"taxonomy":"post_tag","embeddable":true,"href":"https:\/\/linitiative.ca\/International\/wp-json\/wp\/v2\/tags?post=117086"}],"curies":[{"name":"wp","href":"https:\/\/api.w.org\/{rel}","templated":true}]}}