{"id":117087,"date":"2021-05-20T14:07:16","date_gmt":"2021-05-20T18:07:16","guid":{"rendered":"https:\/\/linitiative.ca\/International\/le-couvre-feu-fixe-de-23h00-a-4h30\/"},"modified":"2021-05-20T14:07:16","modified_gmt":"2021-05-20T18:07:16","slug":"le-couvre-feu-fixe-de-23h00-a-4h30","status":"publish","type":"post","link":"https:\/\/linitiative.ca\/International\/le-couvre-feu-fixe-de-23h00-a-4h30\/","title":{"rendered":"Le couvre-feu fix\u00e9 de 23h00 \u00e0 4h30"},"content":{"rendered":"<p class=\"rtejustify\">C&rsquo;est officiel. Le gouvernement vient de d\u00e9cider l&rsquo;all\u00e8gement des mesures de restrictions. A partir de vendredi 21 mai, le couvre-feu sera appliqu\u00e9 de 23h00 \u00e0 4h30 du matin, annonce le gouvernement.<\/p>\n<p>Le gouvernement indique avoir pris une batterie de mesures pour la gestion de cette \u00e9tape, portant \u00e9galement sur la fermeture des commerces, des restaurants et des caf\u00e9s \u00e0 23h00, ainsi que le maintien de toutes les autres mesures de pr\u00e9caution en vigueur dans le cadre de l&rsquo;\u00e9tat d&rsquo;urgence sanitaire, relatives aux f\u00eates, rassemblements, manifestations, salles de cin\u00e9ma et fun\u00e9railles&#8230;<\/p>\n<p>Ces d\u00e9cisions font suite aux\u00a0recommandations du Comit\u00e9 scientifique et technique et tiennent compte des conclusions du suivi de la situation \u00e9pid\u00e9miologique dans le Royaume, surtout la baisse des cas de contamination au Covid-19 not\u00e9e ces derniers temps.<\/p>\n<p>Auteur: hgueye<br \/>\n<a href=\"https:\/\/www.leconomiste.com\/flash-infos\/le-couvre-feu-fixe-de-23h00-4h30\">Cliquez ici pour lire l&rsquo;article depuis sa source.<\/a><\/p>\n","protected":false},"excerpt":{"rendered":"<p>C&rsquo;est officiel. Le gouvernement vient de d\u00e9cider l&rsquo;all\u00e8gement des mesures de restrictions. A partir de vendredi 21 mai, le couvre-feu sera appliqu\u00e9 de 23h00 \u00e0 4h30 du matin, annonce le gouvernement. Le gouvernement indique avoir pris une batterie de mesures pour la gestion de cette \u00e9tape, portant \u00e9galement sur la fermeture des commerces, des restaurants [&hellip;]<\/p>\n","protected":false},"author":1763,"featured_media":0,"comment_status":"closed","ping_status":"closed","sticky":false,"template":"","format":"standard","meta":{"fifu_image_url":"","fifu_image_alt":"","footnotes":""},"categories":[78,54],"tags":[],"class_list":["post-117087","post","type-post","status-publish","format-standard","hentry","category-economie","category-maroc"],"_links":{"self":[{"href":"https:\/\/linitiative.ca\/International\/wp-json\/wp\/v2\/posts\/117087","targetHints":{"allow":["GET"]}}],"collection":[{"href":"https:\/\/linitiative.ca\/International\/wp-json\/wp\/v2\/posts"}],"about":[{"href":"https:\/\/linitiative.ca\/International\/wp-json\/wp\/v2\/types\/post"}],"author":[{"embeddable":true,"href":"https:\/\/linitiative.ca\/International\/wp-json\/wp\/v2\/users\/1763"}],"replies":[{"embeddable":true,"href":"https:\/\/linitiative.ca\/International\/wp-json\/wp\/v2\/comments?post=117087"}],"version-history":[{"count":0,"href":"https:\/\/linitiative.ca\/International\/wp-json\/wp\/v2\/posts\/117087\/revisions"}],"wp:attachment":[{"href":"https:\/\/linitiative.ca\/International\/wp-json\/wp\/v2\/media?parent=117087"}],"wp:term":[{"taxonomy":"category","embeddable":true,"href":"https:\/\/linitiative.ca\/International\/wp-json\/wp\/v2\/categories?post=117087"},{"taxonomy":"post_tag","embeddable":true,"href":"https:\/\/linitiative.ca\/International\/wp-json\/wp\/v2\/tags?post=117087"}],"curies":[{"name":"wp","href":"https:\/\/api.w.org\/{rel}","templated":true}]}}