{"id":117088,"date":"2021-05-20T14:31:32","date_gmt":"2021-05-20T18:31:32","guid":{"rendered":"https:\/\/linitiative.ca\/International\/cause-palestinienne-bourita-reaffirme-lengagement-du-roi-mohammed-vi-a-lag-de-lonu\/"},"modified":"2021-05-20T14:31:32","modified_gmt":"2021-05-20T18:31:32","slug":"cause-palestinienne-bourita-reaffirme-lengagement-du-roi-mohammed-vi-a-lag-de-lonu","status":"publish","type":"post","link":"https:\/\/linitiative.ca\/International\/cause-palestinienne-bourita-reaffirme-lengagement-du-roi-mohammed-vi-a-lag-de-lonu\/","title":{"rendered":"Cause palestinienne: Bourita r\u00e9affirme l&rsquo;engagement du Roi Mohammed VI \u00e0 l&rsquo;AG de l&rsquo;ONU"},"content":{"rendered":"<p class=\"rtejustify\">Le ministre des Affaires Etrang\u00e8res, de la Coop\u00e9ration africaine et des Marocains r\u00e9sidant \u00e0 l&rsquo;\u00e9tranger, Nasser Bourita, a rappel\u00e9, jeudi lors d\u2019une r\u00e9union de l\u2019Assembl\u00e9e g\u00e9n\u00e9rale de l\u2019ONU, l\u2019engagement constant du Roi Mohammed VI, Pr\u00e9sident du Comit\u00e9 Al Qods, en faveur de la cause palestinienne et pour la paix et la stabilit\u00e9 au Proche-Orient.<\/p>\n<p class=\"rtejustify\">Dans son discours, le chef de la diplomatie marocaine a indiqu\u00e9 que le Souverain \u00ab\u00a0s\u2019oppose fermement \u00e0 toute tentative visant \u00e0 changer le statut juridique et historique d\u2019Al-Qods et de la Mosqu\u00e9e Al-Aqsa, \u00e0 porter atteinte \u00e0 la qui\u00e9tude des populations des lieux saints, ou \u00e0 l\u2019\u00e9viction ill\u00e9gale des habitants du quartier Cheikh Jarrah\u00a0\u00bb. Il a \u00e9galement rappel\u00e9 que le Roi Mohammed VI a \u00ab\u00a0toujours insist\u00e9 sur l&rsquo;imp\u00e9ratif de s&rsquo;abstenir de tout acte susceptible de pr\u00e9cipiter la r\u00e9gion vers davantage de tensions, \u00e9tant donn\u00e9 que la persistance des mesures unilat\u00e9rales et des actes contraires \u00e0 la l\u00e9galit\u00e9 et au droit international, ne font que creuser le foss\u00e9 entre les deux parties et hypoth\u00e9quer les chances de paix dans la r\u00e9gion\u00a0\u00bb.<\/p>\n<p class=\"rtejustify\">\u00a0<\/p>\n<p>Auteur: hgueye<br \/>\n<a href=\"https:\/\/www.leconomiste.com\/flash-infos\/cause-palestinienne-bourita-reaffirme-l-engagement-du-roi-mohammed-vi-l-ag-de-l-onu\">Cliquez ici pour lire l&rsquo;article depuis sa source.<\/a><\/p>\n","protected":false},"excerpt":{"rendered":"<p>Le ministre des Affaires Etrang\u00e8res, de la Coop\u00e9ration africaine et des Marocains r\u00e9sidant \u00e0 l&rsquo;\u00e9tranger, Nasser Bourita, a rappel\u00e9, jeudi lors d\u2019une r\u00e9union de l\u2019Assembl\u00e9e g\u00e9n\u00e9rale de l\u2019ONU, l\u2019engagement constant du Roi Mohammed VI, Pr\u00e9sident du Comit\u00e9 Al Qods, en faveur de la cause palestinienne et pour la paix et la stabilit\u00e9 au Proche-Orient. Dans [&hellip;]<\/p>\n","protected":false},"author":1763,"featured_media":0,"comment_status":"closed","ping_status":"closed","sticky":false,"template":"","format":"standard","meta":{"fifu_image_url":"","fifu_image_alt":"","footnotes":""},"categories":[78,54],"tags":[],"class_list":["post-117088","post","type-post","status-publish","format-standard","hentry","category-economie","category-maroc"],"_links":{"self":[{"href":"https:\/\/linitiative.ca\/International\/wp-json\/wp\/v2\/posts\/117088","targetHints":{"allow":["GET"]}}],"collection":[{"href":"https:\/\/linitiative.ca\/International\/wp-json\/wp\/v2\/posts"}],"about":[{"href":"https:\/\/linitiative.ca\/International\/wp-json\/wp\/v2\/types\/post"}],"author":[{"embeddable":true,"href":"https:\/\/linitiative.ca\/International\/wp-json\/wp\/v2\/users\/1763"}],"replies":[{"embeddable":true,"href":"https:\/\/linitiative.ca\/International\/wp-json\/wp\/v2\/comments?post=117088"}],"version-history":[{"count":0,"href":"https:\/\/linitiative.ca\/International\/wp-json\/wp\/v2\/posts\/117088\/revisions"}],"wp:attachment":[{"href":"https:\/\/linitiative.ca\/International\/wp-json\/wp\/v2\/media?parent=117088"}],"wp:term":[{"taxonomy":"category","embeddable":true,"href":"https:\/\/linitiative.ca\/International\/wp-json\/wp\/v2\/categories?post=117088"},{"taxonomy":"post_tag","embeddable":true,"href":"https:\/\/linitiative.ca\/International\/wp-json\/wp\/v2\/tags?post=117088"}],"curies":[{"name":"wp","href":"https:\/\/api.w.org\/{rel}","templated":true}]}}