{"id":117089,"date":"2021-05-20T15:14:01","date_gmt":"2021-05-20T19:14:01","guid":{"rendered":"https:\/\/linitiative.ca\/International\/international-benzema-cest-aussi-grace-a-zidane\/"},"modified":"2021-05-20T15:14:01","modified_gmt":"2021-05-20T19:14:01","slug":"international-benzema-cest-aussi-grace-a-zidane","status":"publish","type":"post","link":"https:\/\/linitiative.ca\/International\/international-benzema-cest-aussi-grace-a-zidane\/","title":{"rendered":"International : Benzema, c\u2019est aussi gr\u00e2ce \u00e0 Zidane !"},"content":{"rendered":"<div readability=\"32\">\n<p>Auteur : <span class=\"time\">jeudi 20 mai 2021 14:41<\/span><\/p>\n<\/div>\n<div id=\"post_core\" readability=\"55\">\n<p>Didier Deschamps a beau ne pas appeler \u00e7a une surprise, le retour de Karim Benzema en \u00e9quipe de France en a scotch\u00e9 plus d\u2019un. M\u00eame apr\u00e8s les premi\u00e8res fuites sur la liste des 26 Bleus pour l\u2019Euro, en milieu de journ\u00e9e, beaucoup n\u2019osaient croire \u00e0 la convocation de l\u2019attaquant du Real Madrid, qui n\u2019avait plus \u00e9t\u00e9 appel\u00e9 en s\u00e9lection depuis octobre 2015. Il a fallu attendre 19h30 environ pour que beaucoup se r\u00e9jouissent enfin de la nouvelle. Que ce soit aupr\u00e8s de dirigeants comme No\u00ebl Le Gra\u00ebt et Jean-Michel Aulas, ou de joueurs comme Kylian Mbapp\u00e9, Kingsley Coman et Steve Mandanda, ce come-back de \u00ab KB9 \u00bb fait l\u2019unanimit\u00e9. Pourquoi maintenant et pas plus t\u00f4t ? Si le s\u00e9lectionneur fran\u00e7ais a expliqu\u00e9 avoir rencontr\u00e9 et discut\u00e9 longuement avec le buteur merengue, un interm\u00e9diaire a \u00e9galement jou\u00e9 un r\u00f4le capital dans cet incroyable revirement de situation. Proche des deux hommes, en tant que champion du monde 1998 et actuel entra\u00eeneur de la Maison Blanche, Zinedine Zidane a contribu\u00e9 en coulisses \u00e0 ce retour tonitruant. C\u2019est ce qu\u2019a confi\u00e9 Jacques Vendroux sur le plateau de l\u2019\u00e9mission C \u00e0 Vous, sur France 5: \u00ab Ils se sont parl\u00e9 r\u00e9cemment. Zinedine Zidane est beaucoup intervenu aupr\u00e8s de Didier et aupr\u00e8s de Karim \u00bb, a ainsi r\u00e9v\u00e9l\u00e9 le journaliste, par ailleurs manager g\u00e9n\u00e9ral du Vari\u00e9t\u00e9s Club de France. \u00ab Karim, il se trouve qu\u2019il s\u2019est apais\u00e9, a-t-il ajout\u00e9. Avant, c\u2019\u00e9tait un jeune chien fou, des amis d\u2019enfance l\u2019ont peut-\u00eatre induit en erreur. Il s\u2019est pris pour ce qu\u2019il n\u2019est pas. Il s\u2019est laiss\u00e9 entra\u00eener alors que c\u2019est un mec bien ! C\u2019est un mec hyper r\u00e9glo mais quand il \u00e9tait plus jeune, il \u00e9tait un peu influen\u00e7able. \u00bb Mais les choses ont semble-t-il chang\u00e9 et sa discussion avec Didier Deschamps a remis les choses \u00e0 plat. A voir maintenant si la mayonnaise prend sur le terrain rapporte sports.fr.<\/p>\n<p><strong>Publi\u00e9 dans :<\/strong> <span>Zidane<\/span> <span>benzema<\/span><\/p>\n<\/div>\n<p>Auteur:<br \/>\n<a href=\"http:\/\/www.lebuteur.com\/article\/detail?titre=benzema-cest-aussi-grace-a-zidane&#038;id=100125&#038;utm_source=feedburner&#038;utm_medium=feed&#038;utm_campaign=Feed%3A+GalerieFArtciles+%28Les+derniers+articles++-+lebuteur.com%29\">Cliquez ici pour lire l&rsquo;article depuis sa source.<\/a><\/p>\n","protected":false},"excerpt":{"rendered":"<p>Auteur : jeudi 20 mai 2021 14:41 Didier Deschamps a beau ne pas appeler \u00e7a une surprise, le retour de Karim Benzema en \u00e9quipe de France en a scotch\u00e9 plus d\u2019un. M\u00eame apr\u00e8s les premi\u00e8res fuites sur la liste des 26 Bleus pour l\u2019Euro, en milieu de journ\u00e9e, beaucoup n\u2019osaient croire \u00e0 la convocation de [&hellip;]<\/p>\n","protected":false},"author":1738,"featured_media":0,"comment_status":"closed","ping_status":"closed","sticky":false,"template":"","format":"standard","meta":{"fifu_image_url":"\/\/cdn.lebuteur.com\/data\/images\/article\/thumbs\/large-100125benzema-cest-aussi-grace-a-zidane-efb0b.jpg","fifu_image_alt":"International : Benzema, c\u2019est aussi gr\u00e2ce \u00e0 Zidane !","footnotes":""},"categories":[53,75],"tags":[],"class_list":["post-117089","post","type-post","status-publish","format-standard","hentry","category-algerie","category-sport"],"_links":{"self":[{"href":"https:\/\/linitiative.ca\/International\/wp-json\/wp\/v2\/posts\/117089","targetHints":{"allow":["GET"]}}],"collection":[{"href":"https:\/\/linitiative.ca\/International\/wp-json\/wp\/v2\/posts"}],"about":[{"href":"https:\/\/linitiative.ca\/International\/wp-json\/wp\/v2\/types\/post"}],"author":[{"embeddable":true,"href":"https:\/\/linitiative.ca\/International\/wp-json\/wp\/v2\/users\/1738"}],"replies":[{"embeddable":true,"href":"https:\/\/linitiative.ca\/International\/wp-json\/wp\/v2\/comments?post=117089"}],"version-history":[{"count":0,"href":"https:\/\/linitiative.ca\/International\/wp-json\/wp\/v2\/posts\/117089\/revisions"}],"wp:attachment":[{"href":"https:\/\/linitiative.ca\/International\/wp-json\/wp\/v2\/media?parent=117089"}],"wp:term":[{"taxonomy":"category","embeddable":true,"href":"https:\/\/linitiative.ca\/International\/wp-json\/wp\/v2\/categories?post=117089"},{"taxonomy":"post_tag","embeddable":true,"href":"https:\/\/linitiative.ca\/International\/wp-json\/wp\/v2\/tags?post=117089"}],"curies":[{"name":"wp","href":"https:\/\/api.w.org\/{rel}","templated":true}]}}