{"id":11709,"date":"2019-02-05T15:23:36","date_gmt":"2019-02-05T20:23:36","guid":{"rendered":"https:\/\/linitiative.ca\/International\/tunisie-images-la-ville-de-mahdia-noyee-sous-les-flots\/"},"modified":"2019-02-05T15:23:36","modified_gmt":"2019-02-05T20:23:36","slug":"tunisie-images-la-ville-de-mahdia-noyee-sous-les-flots","status":"publish","type":"post","link":"https:\/\/linitiative.ca\/International\/tunisie-images-la-ville-de-mahdia-noyee-sous-les-flots\/","title":{"rendered":"Tunisie \u2013 IMAGES\u00a0: La ville de Mahdia noy\u00e9e sous les flots"},"content":{"rendered":"<div class=\"post-cont-in left relative\">\n<div class=\"nc_socialPanel swp_flatFresh swp_d_fullColor swp_i_fullColor swp_o_fullColor scale-100 scale-fullWidth\" data-position=\"none\" data-float=\"floatNone\" data-count=\"5\" data-floatcolor=\"#ffffff\" data-emphasize=\"0\">\n<div class=\"nc_tweetContainer totes totesalt\" data-id=\"6\"><span class=\"swp_count\"><span class=\"swp_label\">Partages<\/span> 47<\/span><\/div>\n<\/div>\n<p>La ville de Mahdia a, rapidement, \u00e9t\u00e9 noy\u00e9e sous les flots, des suites de fortes pr\u00e9cipitations enregistr\u00e9es ce matin et qui ont d\u00e9pass\u00e9 en un court laps de temps, les 50 mm.<\/p>\n<p>Plusieurs commerces ont \u00e9t\u00e9 contraints de fermer leurs portes, et la ville a \u00e9t\u00e9 quasiment paralys\u00e9e.<\/p>\n<div class=\"code-block code-block-1 c4\"><ins class=\"adsbygoogle c3\" data-ad-layout=\"in-article\" data-ad-format=\"fluid\" data-ad-client=\"ca-pub-2102118777505746\" data-ad-slot=\"7301775417\"\/> <\/div>\n<p><img loading=\"lazy\" decoding=\"async\" class=\"aligncenter size-full wp-image-414074\" src=\"https:\/\/www.tunisienumerique.com\/wp-content\/uploads\/2019\/02\/mahdia2.jpg\" alt=\"\" width=\"528\" height=\"600\"\/><\/p>\n<p><img loading=\"lazy\" decoding=\"async\" class=\"aligncenter size-full wp-image-414075\" src=\"https:\/\/www.tunisienumerique.com\/wp-content\/uploads\/2019\/02\/mahdia3.jpg\" alt=\"\" width=\"480\" height=\"600\"\/><\/p>\n<div class=\"mvp-org-wrap mvp-org-logo\" itemprop=\"publisher\" itemscope=\"\" itemtype=\"https:\/\/schema.org\/Organization\"><img decoding=\"async\" src=\"https:\/\/www.tunisienumerique.com\/wp-content\/uploads\/2017\/02\/logo_tunisie_numerique.png\"\/><\/div>\n<div class=\"nc_socialPanel swp_flatFresh swp_d_fullColor swp_i_fullColor swp_o_fullColor scale-100 scale-fullWidth\" data-position=\"none\" data-float=\"floatNone\" data-count=\"5\" data-floatcolor=\"#ffffff\" data-emphasize=\"0\">\n<div class=\"nc_tweetContainer totes totesalt\" data-id=\"6\"><span class=\"swp_count\"><span class=\"swp_label\">Partages<\/span> 47<\/span><\/div>\n<\/div>\n<div class=\"mvp-related-posts left relative\">\n<h4 class=\"post-header\"><span class=\"post-header\">Lire aussi<\/span><\/h4>\n<\/div>\n<\/div>\n","protected":false},"excerpt":{"rendered":"<p>Partages 47 La ville de Mahdia a, rapidement, \u00e9t\u00e9 noy\u00e9e sous les flots, des suites de fortes pr\u00e9cipitations enregistr\u00e9es ce matin et qui ont d\u00e9pass\u00e9 en un court laps de temps, les 50 mm. Plusieurs commerces ont \u00e9t\u00e9 contraints de fermer leurs portes, et la ville a \u00e9t\u00e9 quasiment paralys\u00e9e. Partages 47 Lire aussi<\/p>\n","protected":false},"author":1789,"featured_media":11710,"comment_status":"closed","ping_status":"closed","sticky":false,"template":"","format":"standard","meta":{"fifu_image_url":"","fifu_image_alt":"","footnotes":""},"categories":[73,55],"tags":[],"class_list":["post-11709","post","type-post","status-publish","format-standard","has-post-thumbnail","hentry","category-actualite","category-tunisie"],"_links":{"self":[{"href":"https:\/\/linitiative.ca\/International\/wp-json\/wp\/v2\/posts\/11709","targetHints":{"allow":["GET"]}}],"collection":[{"href":"https:\/\/linitiative.ca\/International\/wp-json\/wp\/v2\/posts"}],"about":[{"href":"https:\/\/linitiative.ca\/International\/wp-json\/wp\/v2\/types\/post"}],"author":[{"embeddable":true,"href":"https:\/\/linitiative.ca\/International\/wp-json\/wp\/v2\/users\/1789"}],"replies":[{"embeddable":true,"href":"https:\/\/linitiative.ca\/International\/wp-json\/wp\/v2\/comments?post=11709"}],"version-history":[{"count":0,"href":"https:\/\/linitiative.ca\/International\/wp-json\/wp\/v2\/posts\/11709\/revisions"}],"wp:featuredmedia":[{"embeddable":true,"href":"https:\/\/linitiative.ca\/International\/wp-json\/"}],"wp:attachment":[{"href":"https:\/\/linitiative.ca\/International\/wp-json\/wp\/v2\/media?parent=11709"}],"wp:term":[{"taxonomy":"category","embeddable":true,"href":"https:\/\/linitiative.ca\/International\/wp-json\/wp\/v2\/categories?post=11709"},{"taxonomy":"post_tag","embeddable":true,"href":"https:\/\/linitiative.ca\/International\/wp-json\/wp\/v2\/tags?post=11709"}],"curies":[{"name":"wp","href":"https:\/\/api.w.org\/{rel}","templated":true}]}}