{"id":117090,"date":"2021-05-20T15:14:03","date_gmt":"2021-05-20T19:14:03","guid":{"rendered":"https:\/\/linitiative.ca\/International\/international-valbuena-se-moque-de-benzema\/"},"modified":"2021-05-20T15:14:03","modified_gmt":"2021-05-20T19:14:03","slug":"international-valbuena-se-moque-de-benzema","status":"publish","type":"post","link":"https:\/\/linitiative.ca\/International\/international-valbuena-se-moque-de-benzema\/","title":{"rendered":"International : Valbuena se moque de Benzema"},"content":{"rendered":"<div readability=\"32\">\n<p>Auteur : <span class=\"time\">jeudi 20 mai 2021 14:42<\/span><\/p>\n<\/div>\n<div id=\"post_core\" readability=\"52\">\n<p>L\u2019annonce du retour de Karim Benzema en \u00e9quipe de France, mardi, a fait l\u2019effet d\u2019une bombe. Les r\u00e9actions \u00e0 la pr\u00e9sence de l\u2019attaquant madril\u00e8ne parmi les 26 Bleus ont \u00e9t\u00e9 nombreuses et quelques Bleus y sont m\u00eame all\u00e9s de leurs commentaires \u00e0 l\u2019image de Steve Mandanda, Kingsley Coman ou Kylian Mbapp\u00e9, qui a dit, mercredi, apr\u00e8s la finale de la Coupe de France, sa satisfaction de voir revenir l\u2019ancien Madril\u00e8ne chez les Bleus. S\u2019ils ont \u00e9t\u00e9 consult\u00e9s par Didier Deschamps lorsque celui-ci a entam\u00e9 sa r\u00e9flexion sur le bienfond\u00e9 d\u2019un retour de Karim Benzema, les cadres de l\u2019\u00e9quipe de France ne se sont pas encore exprim\u00e9s sur le sujet. La r\u00e9action d\u2019Olivier Giroud est forc\u00e9ment tr\u00e8s attendue. Cons\u00e9quence de la rivalit\u00e9 entre les deux hommes. Il en est de m\u00eame de celle de Mathieu Valbuena, indirectement \u00e0 l\u2019origine de l\u2019absence de Karim Benzema chez les Bleus depuis l\u2019automne 2015. Car si KB9 n\u2019est plus apparu en \u00e9quipe de France depuis octobre 2015, c\u2019est en raison de son implication dans l\u2019affaire de chantage \u00e0 la sextape aux d\u00e9pens de l\u2019ancien Marseillais. Mais le natif de Bruges a visiblement d\u2019autres sujets en t\u00eate. Car s\u2019il s\u2019est exprim\u00e9 sur les r\u00e9seaux sociaux, mercredi, au lendemain de l\u2019annonce de la liste des Bleus, c\u2019est pour se tourner vers son rendez-vous de samedi soir. D\u00e9j\u00e0 vainqueur championnat de Gr\u00e8ce, l\u2019Olympiakos a en effet l\u2019occasion de faire le doubl\u00e9 face au PAOK \u00e0 l\u2019occasion de la finale de Coupe de Gr\u00e8ce. \u00ab Pr\u00eat pour la finale de la Coupe \u00bb, a-t-il ainsi \u00e9crit pour accompagner deux photos d\u2019entra\u00eenement. Le retour de Karim Benzema en \u00e9quipe de France semble le cadet de ses pr\u00e9occupations rapporte sports.fr.<\/p>\n<p><strong>Publi\u00e9 dans :<\/strong> <span>benzema<\/span> <span>Valbuena<\/span><\/p>\n<\/div>\n<p>Auteur:<br \/>\n<a href=\"http:\/\/www.lebuteur.com\/article\/detail?titre=valbuena-se-moque-de-benzema&#038;id=100126&#038;utm_source=feedburner&#038;utm_medium=feed&#038;utm_campaign=Feed%3A+GalerieFArtciles+%28Les+derniers+articles++-+lebuteur.com%29\">Cliquez ici pour lire l&rsquo;article depuis sa source.<\/a><\/p>\n","protected":false},"excerpt":{"rendered":"<p>Auteur : jeudi 20 mai 2021 14:42 L\u2019annonce du retour de Karim Benzema en \u00e9quipe de France, mardi, a fait l\u2019effet d\u2019une bombe. Les r\u00e9actions \u00e0 la pr\u00e9sence de l\u2019attaquant madril\u00e8ne parmi les 26 Bleus ont \u00e9t\u00e9 nombreuses et quelques Bleus y sont m\u00eame all\u00e9s de leurs commentaires \u00e0 l\u2019image de Steve Mandanda, Kingsley Coman [&hellip;]<\/p>\n","protected":false},"author":1738,"featured_media":0,"comment_status":"closed","ping_status":"closed","sticky":false,"template":"","format":"standard","meta":{"fifu_image_url":"\/\/cdn.lebuteur.com\/data\/images\/article\/thumbs\/large-valbuena-se-moque-de-benzema-d8b18.jpg","fifu_image_alt":"International : Valbuena se moque de Benzema","footnotes":""},"categories":[53,75],"tags":[],"class_list":["post-117090","post","type-post","status-publish","format-standard","hentry","category-algerie","category-sport"],"_links":{"self":[{"href":"https:\/\/linitiative.ca\/International\/wp-json\/wp\/v2\/posts\/117090","targetHints":{"allow":["GET"]}}],"collection":[{"href":"https:\/\/linitiative.ca\/International\/wp-json\/wp\/v2\/posts"}],"about":[{"href":"https:\/\/linitiative.ca\/International\/wp-json\/wp\/v2\/types\/post"}],"author":[{"embeddable":true,"href":"https:\/\/linitiative.ca\/International\/wp-json\/wp\/v2\/users\/1738"}],"replies":[{"embeddable":true,"href":"https:\/\/linitiative.ca\/International\/wp-json\/wp\/v2\/comments?post=117090"}],"version-history":[{"count":0,"href":"https:\/\/linitiative.ca\/International\/wp-json\/wp\/v2\/posts\/117090\/revisions"}],"wp:attachment":[{"href":"https:\/\/linitiative.ca\/International\/wp-json\/wp\/v2\/media?parent=117090"}],"wp:term":[{"taxonomy":"category","embeddable":true,"href":"https:\/\/linitiative.ca\/International\/wp-json\/wp\/v2\/categories?post=117090"},{"taxonomy":"post_tag","embeddable":true,"href":"https:\/\/linitiative.ca\/International\/wp-json\/wp\/v2\/tags?post=117090"}],"curies":[{"name":"wp","href":"https:\/\/api.w.org\/{rel}","templated":true}]}}