{"id":117091,"date":"2021-05-20T15:14:05","date_gmt":"2021-05-20T19:14:05","guid":{"rendered":"https:\/\/linitiative.ca\/International\/international-juventus-cristiano-ronaldo-lache-un-gros-indice-sur-son-avenir\/"},"modified":"2021-05-20T15:14:05","modified_gmt":"2021-05-20T19:14:05","slug":"international-juventus-cristiano-ronaldo-lache-un-gros-indice-sur-son-avenir","status":"publish","type":"post","link":"https:\/\/linitiative.ca\/International\/international-juventus-cristiano-ronaldo-lache-un-gros-indice-sur-son-avenir\/","title":{"rendered":"International : Juventus: Cristiano Ronaldo l\u00e2che un gros indice sur son avenir !"},"content":{"rendered":"<div readability=\"32\">\n<p>Auteur : <span class=\"time\">jeudi 20 mai 2021 16:05<\/span><\/p>\n<\/div>\n<div id=\"post_core\" readability=\"46\">\n<p>Depuis le d\u00e9but de la saison, la Juventus n&rsquo;est pas du tout dans son assiette. Habitu\u00e9 \u00e0 survoler la Serie A et \u00e0 faire bonne figure en Ligue des Champions, le club turinois est seulement cinqui\u00e8me en championnat et a \u00e9t\u00e9 sorti par Porto d\u00e8s les huiti\u00e8mes de finale en C1. Alors que La Vieille Dame pourrait ne pas disputer la Coupe aux Grandes Oreilles la saison prochaine, Cristiano Ronaldo envisagerait de prendre ses jambes \u00e0 son cou cet \u00e9t\u00e9, soit \u00e0 un an de la fin de son contrat, pour rejoindre une \u00e9curie plus ambitieuse. Toutefois, il semblerait que le sacre de la Juve en Coupe d&rsquo;Italie lui ait remis du baume au coeur. \u00a0Apr\u00e8s avoir soulev\u00e9 la Coupe d&rsquo;Italie avec la Juventus ce mercredi soir (Atalanta 1-2 Juve), Cristiano Ronaldo a laiss\u00e9 passer un message fort sur les r\u00e9seaux sociaux. Un message qui pourrait laisser penser qu&rsquo;il honorera son contrat jusqu&rsquo;au bout avec les Bianconeri, soit jusqu&rsquo;au 30 juin 2022 \u00ab Je ne pourrais pas \u00eatre plus heureux de remporter un autre titre au service de ce grand club ! Jusqu&rsquo;\u00e0 la fin ! Allez la Juve ! \u00bb, a post\u00e9 Cristiano Ronaldo sur son compte Twitter comme rapport\u00e9 par Le 10 Sport.<\/p>\n<p><strong>Publi\u00e9 dans :<\/strong> <span>cristiano ronaldo<\/span><\/p>\n<\/div>\n<p>Auteur:<br \/>\n<a href=\"http:\/\/www.lebuteur.com\/article\/detail?titre=juventus-cristiano-ronaldo-lache-un-gros-indice-sur-son-avenir&#038;id=100127&#038;utm_source=feedburner&#038;utm_medium=feed&#038;utm_campaign=Feed%3A+GalerieFArtciles+%28Les+derniers+articles++-+lebuteur.com%29\">Cliquez ici pour lire l&rsquo;article depuis sa source.<\/a><\/p>\n","protected":false},"excerpt":{"rendered":"<p>Auteur : jeudi 20 mai 2021 16:05 Depuis le d\u00e9but de la saison, la Juventus n&rsquo;est pas du tout dans son assiette. Habitu\u00e9 \u00e0 survoler la Serie A et \u00e0 faire bonne figure en Ligue des Champions, le club turinois est seulement cinqui\u00e8me en championnat et a \u00e9t\u00e9 sorti par Porto d\u00e8s les huiti\u00e8mes de [&hellip;]<\/p>\n","protected":false},"author":1738,"featured_media":0,"comment_status":"closed","ping_status":"closed","sticky":false,"template":"","format":"standard","meta":{"fifu_image_url":"\/\/cdn.lebuteur.com\/data\/images\/article\/thumbs\/large-juventus-cristiano-ronaldo-lache-un-gros-indice-sur-son-avenir-8ceb7.jpg","fifu_image_alt":"International : Juventus: Cristiano Ronaldo l\u00e2che un gros indice sur son avenir !","footnotes":""},"categories":[53,75],"tags":[],"class_list":["post-117091","post","type-post","status-publish","format-standard","hentry","category-algerie","category-sport"],"_links":{"self":[{"href":"https:\/\/linitiative.ca\/International\/wp-json\/wp\/v2\/posts\/117091","targetHints":{"allow":["GET"]}}],"collection":[{"href":"https:\/\/linitiative.ca\/International\/wp-json\/wp\/v2\/posts"}],"about":[{"href":"https:\/\/linitiative.ca\/International\/wp-json\/wp\/v2\/types\/post"}],"author":[{"embeddable":true,"href":"https:\/\/linitiative.ca\/International\/wp-json\/wp\/v2\/users\/1738"}],"replies":[{"embeddable":true,"href":"https:\/\/linitiative.ca\/International\/wp-json\/wp\/v2\/comments?post=117091"}],"version-history":[{"count":0,"href":"https:\/\/linitiative.ca\/International\/wp-json\/wp\/v2\/posts\/117091\/revisions"}],"wp:attachment":[{"href":"https:\/\/linitiative.ca\/International\/wp-json\/wp\/v2\/media?parent=117091"}],"wp:term":[{"taxonomy":"category","embeddable":true,"href":"https:\/\/linitiative.ca\/International\/wp-json\/wp\/v2\/categories?post=117091"},{"taxonomy":"post_tag","embeddable":true,"href":"https:\/\/linitiative.ca\/International\/wp-json\/wp\/v2\/tags?post=117091"}],"curies":[{"name":"wp","href":"https:\/\/api.w.org\/{rel}","templated":true}]}}