{"id":117092,"date":"2021-05-20T15:14:07","date_gmt":"2021-05-20T19:14:07","guid":{"rendered":"https:\/\/linitiative.ca\/International\/international-les-mots-forts-de-mbappe-pour-benzema\/"},"modified":"2021-05-20T15:14:07","modified_gmt":"2021-05-20T19:14:07","slug":"international-les-mots-forts-de-mbappe-pour-benzema","status":"publish","type":"post","link":"https:\/\/linitiative.ca\/International\/international-les-mots-forts-de-mbappe-pour-benzema\/","title":{"rendered":"International : Les mots forts de Mbapp\u00e9 pour Benzema"},"content":{"rendered":"<div readability=\"32\">\n<p>Auteur : <span class=\"time\">jeudi 20 mai 2021 16:11<\/span><\/p>\n<\/div>\n<div id=\"post_core\" readability=\"43\">\n<p>Karim Benzema de retour en \u00e9quipe de France ? Tout le monde en parle ! M\u00eame le rappeur Booba a son mot \u00e0 dire. Mais qu\u2019en pense Kylian Mbapp\u00e9 ? L\u2019attaquant du PSG est le prochain comp\u00e8re d\u2019attaque de KB9 sur la ligne de front des Bleus et est donc assez l\u00e9gitime sur la question. \u00bbJe suis tr\u00e8s content \u00bb, a-t-il indiqu\u00e9 d\u2019embl\u00e9e mercredi soir, apr\u00e8s le triomphe du PSG en Coupe de France face \u00e0 Monaco. \u00a0\u00ab J\u2019ai toujours dit que je voulais jouer avec des grands joueurs. Benzema, il n\u2019y en a pas beaucoup au-dessus dans le monde. Il va beaucoup nous apporter. Il a jou\u00e9 \u00e0 Madrid pendant une dizaine d\u2019ann\u00e9es\u2026 La pression, il conna\u00eet. Il a l\u2019exp\u00e9rience et le talent, surtout. C\u2019est facile de s\u2019adapter avec les grands joueurs. Je suis s\u00fbr que son adaptation sera tr\u00e8s rapide\u00ab , a ajout\u00e9 le champion du monde 2018. On en salive d\u2019avance rapporte football365.<\/p>\n<p><strong>Publi\u00e9 dans :<\/strong> <span>benzema<\/span> <span>Mbapp\u00e9<\/span><\/p>\n<\/div>\n<p>Auteur:<br \/>\n<a href=\"http:\/\/www.lebuteur.com\/article\/detail?titre=les-mots-forts-de-mbappe-pour-benzema&#038;id=100128&#038;utm_source=feedburner&#038;utm_medium=feed&#038;utm_campaign=Feed%3A+GalerieFArtciles+%28Les+derniers+articles++-+lebuteur.com%29\">Cliquez ici pour lire l&rsquo;article depuis sa source.<\/a><\/p>\n","protected":false},"excerpt":{"rendered":"<p>Auteur : jeudi 20 mai 2021 16:11 Karim Benzema de retour en \u00e9quipe de France ? Tout le monde en parle ! M\u00eame le rappeur Booba a son mot \u00e0 dire. Mais qu\u2019en pense Kylian Mbapp\u00e9 ? L\u2019attaquant du PSG est le prochain comp\u00e8re d\u2019attaque de KB9 sur la ligne de front des Bleus et [&hellip;]<\/p>\n","protected":false},"author":1738,"featured_media":0,"comment_status":"closed","ping_status":"closed","sticky":false,"template":"","format":"standard","meta":{"fifu_image_url":"\/\/cdn.lebuteur.com\/data\/images\/article\/thumbs\/large-les-mots-forts-de-mbappe-pour-benzema-6015e.jpg","fifu_image_alt":"International : Les mots forts de Mbapp\u00e9 pour Benzema","footnotes":""},"categories":[53,75],"tags":[],"class_list":["post-117092","post","type-post","status-publish","format-standard","hentry","category-algerie","category-sport"],"_links":{"self":[{"href":"https:\/\/linitiative.ca\/International\/wp-json\/wp\/v2\/posts\/117092","targetHints":{"allow":["GET"]}}],"collection":[{"href":"https:\/\/linitiative.ca\/International\/wp-json\/wp\/v2\/posts"}],"about":[{"href":"https:\/\/linitiative.ca\/International\/wp-json\/wp\/v2\/types\/post"}],"author":[{"embeddable":true,"href":"https:\/\/linitiative.ca\/International\/wp-json\/wp\/v2\/users\/1738"}],"replies":[{"embeddable":true,"href":"https:\/\/linitiative.ca\/International\/wp-json\/wp\/v2\/comments?post=117092"}],"version-history":[{"count":0,"href":"https:\/\/linitiative.ca\/International\/wp-json\/wp\/v2\/posts\/117092\/revisions"}],"wp:attachment":[{"href":"https:\/\/linitiative.ca\/International\/wp-json\/wp\/v2\/media?parent=117092"}],"wp:term":[{"taxonomy":"category","embeddable":true,"href":"https:\/\/linitiative.ca\/International\/wp-json\/wp\/v2\/categories?post=117092"},{"taxonomy":"post_tag","embeddable":true,"href":"https:\/\/linitiative.ca\/International\/wp-json\/wp\/v2\/tags?post=117092"}],"curies":[{"name":"wp","href":"https:\/\/api.w.org\/{rel}","templated":true}]}}