{"id":117093,"date":"2021-05-20T15:14:09","date_gmt":"2021-05-20T19:14:09","guid":{"rendered":"https:\/\/linitiative.ca\/International\/pros-schlake-04-bentaleb-ne-sera-pas-conserve\/"},"modified":"2021-05-20T15:14:09","modified_gmt":"2021-05-20T19:14:09","slug":"pros-schlake-04-bentaleb-ne-sera-pas-conserve","status":"publish","type":"post","link":"https:\/\/linitiative.ca\/International\/pros-schlake-04-bentaleb-ne-sera-pas-conserve\/","title":{"rendered":"Pros : Schlake 04 : Bentaleb ne sera pas conserv\u00e9"},"content":{"rendered":"<div readability=\"32\">\n<p>Auteur : <span class=\"time\">jeudi 20 mai 2021 16:40<\/span><\/p>\n<\/div>\n<div id=\"post_core\" readability=\"42\">\n<p>En effet, Schalke 04 a publi\u00e9 une liste de plusieurs joueurs, dont fait partie Nabil Bentaleb, qui seront lib\u00e9r\u00e9s \u00e0 pr\u00e9sent que le club est rel\u00e9gu\u00e9 en deuxi\u00e8me division allemande.<\/p>\n<p>Selon les informations de la presse allemande, le milieu de terrain alg\u00e9rien est dans le viseur de plusieurs clubs. Parmi les plus int\u00e9ress\u00e9s par le profil de l\u2019ancien joueur de Tottenham, figure le Besiktas d\u2019Istanbul.<\/p>\n<p><strong>Publi\u00e9 dans :<\/strong> <span>bentaleb<\/span><\/p>\n<\/div>\n<p>Auteur:<br \/>\n<a href=\"http:\/\/www.lebuteur.com\/article\/detail?titre=schlake-04-bentaleb-ne-sera-pas-conserve&#038;id=100129&#038;utm_source=feedburner&#038;utm_medium=feed&#038;utm_campaign=Feed%3A+GalerieFArtciles+%28Les+derniers+articles++-+lebuteur.com%29\">Cliquez ici pour lire l&rsquo;article depuis sa source.<\/a><\/p>\n","protected":false},"excerpt":{"rendered":"<p>Auteur : jeudi 20 mai 2021 16:40 En effet, Schalke 04 a publi\u00e9 une liste de plusieurs joueurs, dont fait partie Nabil Bentaleb, qui seront lib\u00e9r\u00e9s \u00e0 pr\u00e9sent que le club est rel\u00e9gu\u00e9 en deuxi\u00e8me division allemande. Selon les informations de la presse allemande, le milieu de terrain alg\u00e9rien est dans le viseur de plusieurs [&hellip;]<\/p>\n","protected":false},"author":1738,"featured_media":0,"comment_status":"closed","ping_status":"closed","sticky":false,"template":"","format":"standard","meta":{"fifu_image_url":"\/\/cdn.lebuteur.com\/data\/images\/article\/thumbs\/large-schlake-04-bentaleb-ne-sera-pas-conserve-36aea.jpg","fifu_image_alt":"Pros : Schlake 04 : Bentaleb ne sera pas conserv\u00e9","footnotes":""},"categories":[53,75],"tags":[],"class_list":["post-117093","post","type-post","status-publish","format-standard","hentry","category-algerie","category-sport"],"_links":{"self":[{"href":"https:\/\/linitiative.ca\/International\/wp-json\/wp\/v2\/posts\/117093","targetHints":{"allow":["GET"]}}],"collection":[{"href":"https:\/\/linitiative.ca\/International\/wp-json\/wp\/v2\/posts"}],"about":[{"href":"https:\/\/linitiative.ca\/International\/wp-json\/wp\/v2\/types\/post"}],"author":[{"embeddable":true,"href":"https:\/\/linitiative.ca\/International\/wp-json\/wp\/v2\/users\/1738"}],"replies":[{"embeddable":true,"href":"https:\/\/linitiative.ca\/International\/wp-json\/wp\/v2\/comments?post=117093"}],"version-history":[{"count":0,"href":"https:\/\/linitiative.ca\/International\/wp-json\/wp\/v2\/posts\/117093\/revisions"}],"wp:attachment":[{"href":"https:\/\/linitiative.ca\/International\/wp-json\/wp\/v2\/media?parent=117093"}],"wp:term":[{"taxonomy":"category","embeddable":true,"href":"https:\/\/linitiative.ca\/International\/wp-json\/wp\/v2\/categories?post=117093"},{"taxonomy":"post_tag","embeddable":true,"href":"https:\/\/linitiative.ca\/International\/wp-json\/wp\/v2\/tags?post=117093"}],"curies":[{"name":"wp","href":"https:\/\/api.w.org\/{rel}","templated":true}]}}