{"id":117094,"date":"2021-05-20T06:00:03","date_gmt":"2021-05-20T10:00:03","guid":{"rendered":"https:\/\/linitiative.ca\/International\/tentatives-de-porter-atteinte-a-lunite-nationale-les-mises-en-garde-de-said-chengriha\/"},"modified":"2021-05-20T06:00:03","modified_gmt":"2021-05-20T10:00:03","slug":"tentatives-de-porter-atteinte-a-lunite-nationale-les-mises-en-garde-de-said-chengriha","status":"publish","type":"post","link":"https:\/\/linitiative.ca\/International\/tentatives-de-porter-atteinte-a-lunite-nationale-les-mises-en-garde-de-said-chengriha\/","title":{"rendered":"Tentatives de porter atteinte \u00e0 l\u2019unit\u00e9 nationale : Les mises en garde de Sa\u00efd Chengriha"},"content":{"rendered":"<h4 class=\"title-14\"\/>\n<div class=\"featured_image\"><img loading=\"lazy\" decoding=\"async\" width=\"1000\" height=\"667\" src=\"https:\/\/www.elwatan.com\/wp-content\/uploads\/2021\/01\/Chengriha.gif\" class=\"attachment-post-thumbnail size-post-thumbnail wp-post-image\" alt=\"Sa\u00efd Chengriha\"\/> <span class=\"featured-image-caption\">PHOTO : D. R. &#8211; Le chef d\u2019\u00e9tat-major, Sa\u00efd Chengriha<\/span><\/div>\n<p class=\"p1\"><strong><em><span class=\"s1\">L<\/span><\/em><span class=\"s1\"><em>e chef d\u2019\u00e9tat-major de l\u2019ANP, le g\u00e9n\u00e9ral de corps d\u2019arm\u00e9e Sa\u00efd Chengriha, met en garde contre toute menace ou tentative de porter atteinte \u00e0 l\u2019int\u00e9grit\u00e9 territoriale et \u00e0 l\u2019unit\u00e9 nationale.<\/em><\/span><\/strong><\/p>\n<p class=\"p2\"><span class=\"s1\">Dans une allocution prononc\u00e9e lors de sa visite de travail et d\u2019inspection hier \u00e0 la 2<sup>e<\/sup> R\u00e9gion militaire \u00e0 Oran, le chef d\u2019\u00e9tat-major de l\u2019ANP insiste sur la s\u00e9curit\u00e9 nationale et appelle au renforcement de la vigilance afin de faire face \u00e0 toute menace d\u2019o\u00f9 qu\u2019elle vienne.<\/span><\/p>\n<p class=\"p2\"><span class=\"s1\"><em>\u00abJe saisis cette occasion pour mettre en garde les aventuriers,<\/em> <em>quels que soient leur ob\u00e9dience ou leur courant id\u00e9ologique, contre toute tentative de porter atteinte \u00e0 l\u2019unit\u00e9 nationale\u00bb<\/em>, a-t-il affirm\u00e9 dans son allocution, assurant que les forces de l\u2019ANP feront face avec fermet\u00e9 et rigueur \u00e0 tout p\u00e9ril pouvant toucher les constantes de la nation.<\/span><\/p>\n<p class=\"p2\"><span class=\"s1\"><em>\u00abNous leur rappelons qu\u2019au sein de l\u2019Arm\u00e9e nationale populaire, nous ferons face, avec fermet\u00e9 et vigueur, \u00e0 quiconque songe \u00e0 mettre en p\u00e9ril les constantes de la nation et nous \u0153uvrerons, sans rel\u00e2che, \u00e0 mettre \u00e0 nu leurs abjects desseins devant l\u2019opinion publique nationale et internationale, car nous sommes fermement convaincus que l\u2019unit\u00e9 nationale est le phare qui \u00e9claire notre voie et qui renforce notre volont\u00e9 dans les crises et l\u2019adversit\u00e9, et qui est aussi le garant de l\u2019\u00e9dification d\u2019une Alg\u00e9rie nouvelle, forte, unie, d\u00e9velopp\u00e9e, fid\u00e8le aux valeurs et nobles id\u00e9aux de nos vaillants a\u00efeux, et apte \u00e0 affirmer sa pr\u00e9sence<\/em> <em>dans un monde, plein de d\u00e9fis et impitoyable \u00e0 l\u2019\u00e9gard des plus faibles\u00bb<\/em>, a-t-il poursuivi.<\/span><\/p>\n<p class=\"p2\"><span class=\"s1\">Le g\u00e9n\u00e9ral de corps d\u2019arm\u00e9e Sa\u00efd Chengriha a pr\u00e9cis\u00e9 que l\u2019Alg\u00e9rie <em>\u00abtraverse aujourd\u2019hui une phase cruciale de son histoire contemporaine, induite par les \u00e9v\u00e9nements enregistr\u00e9s aux plans r\u00e9gional et international, ce qui exige de la part des enfants libres de l\u2019Alg\u00e9rie, d\u00e9vou\u00e9s et fid\u00e8les \u00e0 l\u2019Etat national f\u00e9d\u00e9rateur, instaur\u00e9 par la glorieuse R\u00e9volution de lib\u00e9ration et dont les rep\u00e8res ont \u00e9t\u00e9 trac\u00e9s par la Proclamation du 1<sup>er<\/sup>\u00a0Novembre, une veille sans faille, un sens du patriotisme plus \u00e9lev\u00e9 et de veiller \u00e0 la pr\u00e9servation de l\u2019unit\u00e9 nationale, territoriale et populaire, \u00e0 laquelle nous devons tous nous attacher, en l\u2019estimant, en notre \u00e2me<\/em> <em>et conscience, \u00e0 sa juste valeur, et en la d\u00e9fendant farouchement\u00bb<\/em>.<\/span><\/p>\n<p class=\"p2\"><span class=\"s1\">Il est \u00e0 rappeler que le Haut Conseil de s\u00e9curit\u00e9 (HCS), qui s\u2019est r\u00e9uni mardi dernier sous la pr\u00e9sidence de Abdelmadjid Tebboune, a class\u00e9 les mouvements Rachad et MAK comme organisations terroristes.<\/span><\/p>\n<p class=\"p2\"><span class=\"s1\"><em>\u00abLe Haut Conseil de s\u00e9curit\u00e9 s\u2019est \u00e9galement pench\u00e9 sur les actes hostiles et subversifs commis par les mouvements dits Rachad et MAK pour d\u00e9stabiliser le pays et attenter \u00e0 sa s\u00e9curit\u00e9, et a d\u00e9cid\u00e9, dans ce cadre, de les classer sur la liste des organisations terroristes et de les traiter comme telles\u00bb<\/em>, a indiqu\u00e9 un communiqu\u00e9 de la pr\u00e9sidence de la R\u00e9publique rendu public le 18 mai.<\/span><\/p>\n<p><span class=\"post-views-label\">Post Views:<\/span> <span class=\"post-views-count\">1\u00a0382<\/span><\/p>\n<p><br class=\"c2\"\/><\/p>\n<div class=\"ichhar-moneytagnative c4\" id=\"ichhar-398957762\">\n<p>Advertisements<\/p>\n<\/div>\n<p><br class=\"c2\"\/><br \/>\n<br class=\"c5\"\/><\/p>\n<p>Auteur: Hicham Chouadria<br \/>\n<a href=\"https:\/\/www.elwatan.com\/edition\/actualite\/tentatives-de-porter-atteinte-a-lunite-nationale-les-mises-en-garde-de-said-chengriha-20-05-2021\">Cliquez ici pour lire l&rsquo;article depuis sa source.<\/a><\/p>\n","protected":false},"excerpt":{"rendered":"<p>PHOTO : D. R. &#8211; Le chef d\u2019\u00e9tat-major, Sa\u00efd Chengriha Le chef d\u2019\u00e9tat-major de l\u2019ANP, le g\u00e9n\u00e9ral de corps d\u2019arm\u00e9e Sa\u00efd Chengriha, met en garde contre toute menace ou tentative de porter atteinte \u00e0 l\u2019int\u00e9grit\u00e9 territoriale et \u00e0 l\u2019unit\u00e9 nationale. Dans une allocution prononc\u00e9e lors de sa visite de travail et d\u2019inspection hier \u00e0 la [&hellip;]<\/p>\n","protected":false},"author":1743,"featured_media":0,"comment_status":"closed","ping_status":"closed","sticky":false,"template":"","format":"standard","meta":{"fifu_image_url":"https:\/\/www.elwatan.com\/wp-content\/uploads\/2021\/01\/Chengriha.gif","fifu_image_alt":"Tentatives de porter atteinte \u00e0 l\u2019unit\u00e9 nationale : Les mises en garde de Sa\u00efd Chengriha","footnotes":""},"categories":[73,53],"tags":[],"class_list":["post-117094","post","type-post","status-publish","format-standard","hentry","category-actualite","category-algerie"],"_links":{"self":[{"href":"https:\/\/linitiative.ca\/International\/wp-json\/wp\/v2\/posts\/117094","targetHints":{"allow":["GET"]}}],"collection":[{"href":"https:\/\/linitiative.ca\/International\/wp-json\/wp\/v2\/posts"}],"about":[{"href":"https:\/\/linitiative.ca\/International\/wp-json\/wp\/v2\/types\/post"}],"author":[{"embeddable":true,"href":"https:\/\/linitiative.ca\/International\/wp-json\/wp\/v2\/users\/1743"}],"replies":[{"embeddable":true,"href":"https:\/\/linitiative.ca\/International\/wp-json\/wp\/v2\/comments?post=117094"}],"version-history":[{"count":0,"href":"https:\/\/linitiative.ca\/International\/wp-json\/wp\/v2\/posts\/117094\/revisions"}],"wp:attachment":[{"href":"https:\/\/linitiative.ca\/International\/wp-json\/wp\/v2\/media?parent=117094"}],"wp:term":[{"taxonomy":"category","embeddable":true,"href":"https:\/\/linitiative.ca\/International\/wp-json\/wp\/v2\/categories?post=117094"},{"taxonomy":"post_tag","embeddable":true,"href":"https:\/\/linitiative.ca\/International\/wp-json\/wp\/v2\/tags?post=117094"}],"curies":[{"name":"wp","href":"https:\/\/api.w.org\/{rel}","templated":true}]}}