{"id":117096,"date":"2021-05-20T06:11:48","date_gmt":"2021-05-20T10:11:48","guid":{"rendered":"https:\/\/linitiative.ca\/International\/ghafour-bensalmane-secretaire-de-wilaya-du-sate-syndicat-algerien-des-travailleurs-de-leducation-nous-avons-deja-alerte-les-autorites-sur-linsecurite-au-niveau-des-etablis\/"},"modified":"2021-05-20T06:11:48","modified_gmt":"2021-05-20T10:11:48","slug":"ghafour-bensalmane-secretaire-de-wilaya-du-sate-syndicat-algerien-des-travailleurs-de-leducation-nous-avons-deja-alerte-les-autorites-sur-linsecurite-au-niveau-des-etablis","status":"publish","type":"post","link":"https:\/\/linitiative.ca\/International\/ghafour-bensalmane-secretaire-de-wilaya-du-sate-syndicat-algerien-des-travailleurs-de-leducation-nous-avons-deja-alerte-les-autorites-sur-linsecurite-au-niveau-des-etablis\/","title":{"rendered":"Ghafour Bensalmane, secr\u00e9taire de wilaya du SATE (Syndicat alg\u00e9rien des travailleurs de l\u2019\u00e9ducation) : \u00abNous avons d\u00e9j\u00e0 alert\u00e9 les autorit\u00e9s sur l\u2019ins\u00e9curit\u00e9 au niveau des \u00e9tablissements scolaires\u00bb"},"content":{"rendered":"<h4 class=\"title-14\"\/>\n<div class=\"featured_image\"><img loading=\"lazy\" decoding=\"async\" width=\"342\" height=\"414\" src=\"https:\/\/www.elwatan.com\/wp-content\/uploads\/2021\/05\/IMG-20210519-WA0044.jpg\" class=\"attachment-post-thumbnail size-post-thumbnail wp-post-image\" alt=\"\" srcset=\"https:\/\/www.elwatan.com\/wp-content\/uploads\/2021\/05\/IMG-20210519-WA0044.jpg 342w, https:\/\/www.elwatan.com\/wp-content\/uploads\/2021\/05\/IMG-20210519-WA0044-248x300.jpg 248w\" sizes=\"auto, (max-width: 342px) 100vw, 342px\"\/> <span class=\"featured-image-caption\">Sidi M\u2019hamed Berboussi<\/span><\/div>\n<p><em><strong>-Comment expliquer que des institutrices soient agress\u00e9es \u00e0 l\u2019int\u00e9rieur de leurs logements de fonction se trouvant dans l\u2019enceinte m\u00eame de l\u2019\u00e9cole ?<\/strong><\/em><\/p>\n<p>Les neuf institutrices r\u00e9sident dans les logements de fonction se trouvant \u00e0 l\u2019int\u00e9rieur de l\u2019\u00e9cole n\u00b010 o\u00f9 elles exercent. Des hommes avec des armes blanches ont attaqu\u00e9 leurs logements dans la nuit du lundi \u00e0 mardi. Selon les informations obtenues aujourd\u2019hui (hier, ndlr), deux des auteurs de l\u2019agression ont \u00e9t\u00e9 arr\u00eat\u00e9s et deux autres sont en fuite. Ce qui s\u2019est pass\u00e9 est tr\u00e8s grave. Les victimes ont v\u00e9cu l\u2019enfer et sont dans un \u00e9tat psychologique indescriptible, Elles refusent de retourner \u00e0 leur poste, je les comprends. Ce qu\u2019elles ont endur\u00e9 est terrible.<\/p>\n<p><em><strong>-Ce n\u2019est pas la premi\u00e8re fois que le syndicat des travailleurs de l\u2019\u00e9ducation alerte sur les agressions dont sont victimes les enseignantes mais aussi sur les attaques contre les \u00e9coles. Comment expliquer une telle situation ?<\/strong><\/em><\/p>\n<p>Moi-m\u00eame en tant que maire de Bordj Badji Mokhtar j\u2019ai interpell\u00e9 les autorit\u00e9s sur la s\u00e9curit\u00e9 des 12 \u00e9coles que j\u2019ai sous ma responsabilit\u00e9. Aucun de ces \u00e9tablissements n\u2019est prot\u00e9g\u00e9 par des gardiens. Y compris celui o\u00f9 les neuf institutrices ont \u00e9t\u00e9 agress\u00e9es.<\/p>\n<p><em><strong>-Certains t\u00e9moignages affirment qu\u2019il y avait un gardien qui aurait \u00e9t\u00e9 neutralis\u00e9. N\u2019est-ce pas le cas ?<\/strong><\/em><\/p>\n<p>Il fait office de gardien, pas plus. Je peux vous assurer que les douze \u00e9coles que la commune g\u00e8re n\u2019ont pas de gardiens. J\u2019en ai fait la demande en saisissant le minist\u00e8re de l\u2019Int\u00e9rieur, mais aucune r\u00e9ponse ne m\u2019a \u00e9t\u00e9 donn\u00e9e. Nous n\u2019avons pas de personnel charg\u00e9 de la s\u00e9curit\u00e9, alors que les instituteurs, majoritairement des femmes, viennent surtout d\u2019autres wilayas, notamment du nord et ont besoin d\u2019\u00eatre dans des logements s\u00e9curis\u00e9s. Le probl\u00e8me se pose depuis des ann\u00e9es. C\u2019est quand m\u00eame impensable que l\u2019Etat d\u00e9pense des sommes colossales pour construire des \u00e9tablissements dans des localit\u00e9s aussi lointaines et isol\u00e9es et les laisse par la suite sans protection dans la nature. Il faut savoir que ces \u00e9tablissements se trouvent loin de la ville. Il faut trouver des solutions rapidement.<\/p>\n<p><em><strong>-Comment expliquer qu\u2019une ville frontali\u00e8re avec le Mali, qui conna\u00eet des probl\u00e8mes de contrebande, de criminalit\u00e9 transfrontali\u00e8re et de ch\u00f4mage soit confront\u00e9e \u00e0 un manque de s\u00e9curit\u00e9 ?<\/strong><\/em><\/p>\n<p>Moi-m\u00eame je me pose cette question. Bordj Badji Mokhtar est une zone frontali\u00e8re o\u00f9 arrivent des contingents de migrants clandestins subsahariens avec tout ce que cela suppose comme risque s\u00e9curitaire. Elle a toujours \u00e9t\u00e9 un lieu de passage des trafiquants en tout genre en provenance ou \u00e0 destination du Mali. Malgr\u00e9 cela, elle n\u2019a pas de maillage s\u00e9curitaire \u00e0 la hauteur de ces menaces. Elle n\u2019a m\u00eame pas de poste de police. La brigade de gendarmerie patrouille la journ\u00e9e, mais le soir, il n\u2019y a rien. L\u2019attaque contre l\u2019\u00e9cole n\u00b010 doit amener autorit\u00e9s de prendre au s\u00e9rieux cette situation.<\/p>\n<p>Nous ne pouvons pas laisser des espaces aussi importants sans s\u00e9curit\u00e9. La nature a horreur du vide. La mairie de Bordj Badji Mokhtar ne peut pas assurer avec ses moyens d\u00e9risoires la s\u00e9curit\u00e9 de ses douze \u00e9coles et encore moins de ses instituteurs et de ses institutrices.<\/p>\n<p>Cela rel\u00e8ve de l\u2019Etat. Il faut prendre conscience de ce qui s\u2019est pass\u00e9 \u00e0 l\u2019\u00e9cole n\u00b010 et prendre des mesures pour que plus jamais de tels actes ne soient r\u00e9\u00e9dit\u00e9s.<\/p>\n<p><em>Propos recueillis par<\/em>\u00a0\u00a0<strong>Salima Tlem\u00e7ani<\/strong><\/p>\n<p><span class=\"post-views-label\">Post Views:<\/span> <span class=\"post-views-count\">379<\/span><\/p>\n<p><br class=\"c2\"\/><\/p>\n<div class=\"ichhar-moneytagnative c4\" id=\"ichhar-1089051851\">\n<p>Advertisements<\/p>\n<\/div>\n<p><br class=\"c2\"\/><br \/>\n<br class=\"c5\"\/><\/p>\n<p>Auteur: Hicham Chouadria<br \/>\n<a href=\"https:\/\/www.elwatan.com\/edition\/actualite\/sidi-mhamed-berboussi-maire-de-bordj-badji-mokhtar-nous-avons-deja-alerte-les-autorites-sur-linsecurite-au-niveau-des-etablissements-scolaires-20-05-2021\">Cliquez ici pour lire l&rsquo;article depuis sa source.<\/a><\/p>\n","protected":false},"excerpt":{"rendered":"<p>Sidi M\u2019hamed Berboussi -Comment expliquer que des institutrices soient agress\u00e9es \u00e0 l\u2019int\u00e9rieur de leurs logements de fonction se trouvant dans l\u2019enceinte m\u00eame de l\u2019\u00e9cole ? Les neuf institutrices r\u00e9sident dans les logements de fonction se trouvant \u00e0 l\u2019int\u00e9rieur de l\u2019\u00e9cole n\u00b010 o\u00f9 elles exercent. Des hommes avec des armes blanches ont attaqu\u00e9 leurs logements dans [&hellip;]<\/p>\n","protected":false},"author":1743,"featured_media":0,"comment_status":"closed","ping_status":"closed","sticky":false,"template":"","format":"standard","meta":{"fifu_image_url":"https:\/\/www.elwatan.com\/wp-content\/uploads\/2021\/05\/IMG-20210519-WA0044.jpg","fifu_image_alt":"Ghafour Bensalmane, secr\u00e9taire de wilaya du SATE (Syndicat alg\u00e9rien des travailleurs de l\u2019\u00e9ducation) : \u00abNous avons d\u00e9j\u00e0 alert\u00e9 les autorit\u00e9s sur l\u2019ins\u00e9curit\u00e9 au niveau des \u00e9tablissements scolaires\u00bb","footnotes":""},"categories":[73,53],"tags":[],"class_list":["post-117096","post","type-post","status-publish","format-standard","hentry","category-actualite","category-algerie"],"_links":{"self":[{"href":"https:\/\/linitiative.ca\/International\/wp-json\/wp\/v2\/posts\/117096","targetHints":{"allow":["GET"]}}],"collection":[{"href":"https:\/\/linitiative.ca\/International\/wp-json\/wp\/v2\/posts"}],"about":[{"href":"https:\/\/linitiative.ca\/International\/wp-json\/wp\/v2\/types\/post"}],"author":[{"embeddable":true,"href":"https:\/\/linitiative.ca\/International\/wp-json\/wp\/v2\/users\/1743"}],"replies":[{"embeddable":true,"href":"https:\/\/linitiative.ca\/International\/wp-json\/wp\/v2\/comments?post=117096"}],"version-history":[{"count":0,"href":"https:\/\/linitiative.ca\/International\/wp-json\/wp\/v2\/posts\/117096\/revisions"}],"wp:attachment":[{"href":"https:\/\/linitiative.ca\/International\/wp-json\/wp\/v2\/media?parent=117096"}],"wp:term":[{"taxonomy":"category","embeddable":true,"href":"https:\/\/linitiative.ca\/International\/wp-json\/wp\/v2\/categories?post=117096"},{"taxonomy":"post_tag","embeddable":true,"href":"https:\/\/linitiative.ca\/International\/wp-json\/wp\/v2\/tags?post=117096"}],"curies":[{"name":"wp","href":"https:\/\/api.w.org\/{rel}","templated":true}]}}