{"id":117099,"date":"2021-05-20T09:40:00","date_gmt":"2021-05-20T13:40:00","guid":{"rendered":"https:\/\/linitiative.ca\/International\/six-bonnes-raisons-pour-celebrer-cette-annee-la-fete-des-meres\/"},"modified":"2021-05-20T09:40:00","modified_gmt":"2021-05-20T13:40:00","slug":"six-bonnes-raisons-pour-celebrer-cette-annee-la-fete-des-meres","status":"publish","type":"post","link":"https:\/\/linitiative.ca\/International\/six-bonnes-raisons-pour-celebrer-cette-annee-la-fete-des-meres\/","title":{"rendered":"Six bonnes raisons pour c\u00e9l\u00e9brer cette ann\u00e9e la f\u00eate des m\u00e8res"},"content":{"rendered":"<p><span class=\"c2\"><em><strong><img decoding=\"async\" src=\"\/uploads\/FCK_files\/Ridha-Berguaoui(6).jpg\" alt=\"\" width=\"20%\" vspace=\"5\" hspace=\"5\" align=\"left\"\/>Par Ridha Bergaoui &#8211;<\/strong><\/em><\/span> La fin du mois de mai de chaque ann\u00e9e, le monde c\u00e9l\u00e8bre la f\u00eate des m\u00e8res. Cette tradition remonte \u00e0 tr\u00e8s loin. C\u2019est une occasion pour les enfants de t\u00e9moigner de la reconnaissance envers leurs m\u00e8res pour tout l\u2019amour, les sacrifices et les efforts d\u00e9ploy\u00e9s pour leur \u00e9ducation.<\/p>\n<p>En Tunisie, la f\u00eate des m\u00e8res fait son chemin. Certains pensent que, comme la saint-valentin, la f\u00eate des m\u00e8res est une f\u00eate essentiellement commerciale. D\u2019autres affirment qu\u2019il n\u2019y a pas un jour et une date pr\u00e9cise pour signifier amour et tendresse \u00e0 sa m\u00e8re. Enfin, il y a ceux qui ont pris l\u2019habitude de c\u00e9l\u00e9brer chaque ann\u00e9e la f\u00eate des m\u00e8res et de lui offrir de petits cadeaux pour lui exprimer estime et gratitude.<\/p>\n<p>Dans le contexte de crise multiple que nous sommes en train de vivre ces jours-ci,\u00a0 nous devons tous c\u00e9l\u00e9brer la f\u00eate des m\u00e8res. Celle ci repr\u00e9sente une excellente opportunit\u00e9 pour nous \u00e9panouir en famille et\u00a0 faire le plein de joie et de bonheur. Six bonnes raisons au moins justifient cette proposition.<\/p>\n<p><span class=\"c3\"><strong>1- Traduire notre amour \u00e0 nos m\u00e8res, ces anges-gardiens qui nous prot\u00e8gent toute la vie<\/strong><\/span><\/p>\n<p>La m\u00e8re, c\u2019est celle qui nous a donn\u00e9 la vie. Durant neuf mois elle a support\u00e9 les douleurs, les privations et les supplices pour nous mettre au monde.\u00a0 C\u2019est elle qui s\u2019est occup\u00e9e de nous b\u00e9b\u00e9 et s\u2019est mobilis\u00e9e, toute la journ\u00e9e et tous les jours, pour nous accorder attention et bienveillance. Nous accompagner, nous \u00e9lever et nous \u00e9duquer durant la petite enfance et l\u2019enfance n\u2019est pas facile. La scolarit\u00e9 et la r\u00e9ussite ont \u00e9t\u00e9 pour nos m\u00e8res source de stress et d\u2019inqui\u00e9tude. L\u2019adolescence et sa c\u00e9l\u00e8bre crise d\u2019incompr\u00e9hension et de conflits est une phase bien difficile \u00e0 aborder et g\u00e9rer par les parents et surtout la m\u00e8re.\u00a0<\/p>\n<p>Le r\u00f4le de la m\u00e8re ne s\u2019arr\u00eate jamais. M\u00eame mari\u00e9 et parent de plusieurs enfants, on demeure pour nos parents encore petits et notre \u00e9ducation se poursuit.<\/p>\n<p><span class=\"c3\"><strong>2- Reconnaitre que la m\u00e8re est une \u00e9cole \u00e0 former des citoyens responsables<\/strong><\/span><\/p>\n<p>L\u2019objectif de toute m\u00e8re est d\u2019assurer la meilleure \u00e9ducation \u00e0 ses enfants et r\u00e9ussir son m\u00e9tier de m\u00e8re. Elever un enfant et l\u2019amener jusqu\u2019\u00e0 l\u2019\u00e2ge adulte en bonne sant\u00e9, instruit, psychologiquement et \u00e9motionnellement bien \u00e9quilibr\u00e9 est un pari tr\u00e8s s\u00e9rieux. Donner aux enfants une bonne dose d\u2019amour et d\u2019affection leur permettra d\u2019\u00eatre plus sereins, \u00e9quilibr\u00e9s, plus confiants et plus ouverts \u00e0 leur entourage.<\/p>\n<p>Elever des enfants est source de stress, de probl\u00e8mes et de doutes. Un hommage \u00e0 nos grand-m\u00e8res qui ont toujours apport\u00e9 leur pr\u00e9cieuse aide directement ou indirectement par les conseils, du soutien et l\u2019encadrement des jeunes mamans.<\/p>\n<p><span class=\"c3\"><strong>3- Saluer nos m\u00e8res, ces h\u00e9ro\u00efnes d\u2019un quotidien de plus en plus difficile<\/strong><\/span><\/p>\n<p>De nos jours, o\u00f9 la femme n\u2019est plus uniquement maitresse de maison, mais \u00e9galement ing\u00e9nieure, docteure ou simplement fonctionnaire et salari\u00e9e dans une entreprise, qui doit remplir correctement ses devoirs professionnels, le r\u00f4le de la m\u00e8re est devenu encore plus difficile et plus p\u00e9nible.<\/p>\n<p>Malgr\u00e9 ses multiples pr\u00e9occupations, la m\u00e8re demeure pour ses enfants,\u00a0 la premi\u00e8re responsable de leur \u00e9ducation, la principale pourvoyeuse de soins, de conseils et d\u2019exemple. Elle doit jongler tant \u00e0 la maison, qu\u2019au travail et dehors pour mener \u00e0 bien ses responsabilit\u00e9s professionnelles, domestiques, conjugales, \u00e9ducatives\u2026 M\u00eame si une partie de l\u2019\u00e9ducation des enfants est confi\u00e9e \u00e0 d\u2019autres, comme les jardins d\u2019enfants, les garderies ou l\u2019\u00e9cole, la m\u00e8re reste le guide qui inspire et qui fa\u00e7onne la personnalit\u00e9 de l\u2019enfant.<\/p>\n<p><span class=\"c3\"><strong>4- F\u00eater la fin d\u2019une ann\u00e9e difficile<\/strong><\/span><\/p>\n<p>La pand\u00e9mie de la covid-19 a conduit le monde entier \u00e0 un \u00e9tat de panique, de peur et de r\u00e9cession sans pr\u00e9c\u00e9dent.\u00a0 La crise sanitaire s\u2019est accompagn\u00e9e d\u2019une crise \u00e9conomique et sociale s\u00e9rieuse. En Tunisie la situation s\u2019est aggrav\u00e9e par une crise politique, de conflits de pr\u00e9rogatives entre les trois principaux responsables du pays, qui a entrain\u00e9 une d\u00e9t\u00e9rioration du climat politique g\u00e9n\u00e9ral.<\/p>\n<p>Depuis plus d\u2019une ann\u00e9e, l\u2019humanit\u00e9 enti\u00e8re essaye de faire face \u00e0 ce fl\u00e9au exceptionnel. La seule solution, pr\u00e9conis\u00e9e jusqu\u2019ici, \u00e9tait de s\u2019isoler pour \u00e9viter la contagion et limiter la propagation du virus. Heureusement que les NTIC ont permis de r\u00e9duire les impacts catastrophiques du fl\u00e9au et \u00e0 quelques secteurs \u00e9conomiques de continuer \u00e0\u00a0 fonctionner.<\/p>\n<p>La mise au point des vaccins et les campagnes collectives syst\u00e9matiques d\u2019immunisation ont donn\u00e9 une lueur d\u2019espoir de retrouver prochainement une vie quelque peu normale. De nombreux pays commencent \u00e0 lever les contraintes induites par la pand\u00e9mie, enregistrent timidement un d\u00e9but de retour \u00e0 la normale et la reprise des activit\u00e9s commerciales, touristiques, h\u00f4teli\u00e8res, r\u00e9cr\u00e9atives et de loisir\u2026<br \/>En Tunisie, apr\u00e8s plusieurs erreurs dans la gestion de la crise sanitaire et du retard dans l\u2019acquisition des vaccins, la campagne nationale de vaccination d\u00e9marre enfin et le moral des gens semble s\u2019am\u00e9liorer.<\/p>\n<p><span class=\"c3\"><strong>5- Rattraper une f\u00eate de l\u2019A\u00efd \u00e9touff\u00e9e et sabot\u00e9e<\/strong><\/span><\/p>\n<p>Suite \u00e0 la situation sanitaire catastrophique induite par la covid-19, le gouvernement avait d\u00e9cid\u00e9 le confinement g\u00e9n\u00e9ral pour la semaine du 9 au 16 mai. Cette p\u00e9riode correspondait \u00e0 la fin du mois de Ramadan et la p\u00e9riode de l\u2019A\u00efd. Le couvre feu, l\u2019interdiction des d\u00e9placements et la fermeture des commerces ont conduit \u00e0 l\u2019isolement des m\u00e9nages et l\u2019annulation des f\u00eates de l\u2019A\u00efd. Cette privation des f\u00eates s\u2019est traduite par un \u00e9tat de frustration chez les petits comme les grands.<\/p>\n<p>Plac\u00e9 dans un cadre g\u00e9n\u00e9ral morose, anxiog\u00e8ne et d\u00e9pressif, ne pas f\u00eater la fin du Ramadan et l\u2019A\u00efd et ne pas se retrouver en famille, ne fait qu\u2019augmenter la pression et d\u00e9t\u00e9riorer la situation psychologique\u00a0 des citoyens. La pand\u00e9mie et le confinement ont augment\u00e9 sensiblement la violence \u00e0 l\u2019encontre des femmes en g\u00e9n\u00e9ral et les m\u00e8res en particulier. Le cas de Refka Cherni, la femme du Kef, abattue par son mari\u00a0 par cinq coups de pistolet, est r\u00e9v\u00e9lateur.<\/p>\n<p>C\u00e9l\u00e9brer bient\u00f4t la f\u00eate des m\u00e8res permettrait de rattraper les f\u00eates familiales ignor\u00e9es et rat\u00e9es\u00a0 de l\u2019A\u00efd.<\/p>\n<p><span class=\"c3\"><strong>6- Donner l\u2019occasion aux commer\u00e7ants de r\u00e9cup\u00e9rer un manque \u00e0 gagner<\/strong><\/span><\/p>\n<p>Avec la pand\u00e9mie de la covid-19, le confinement et la fermeture des commerces, surtout durant les f\u00eates de l\u2019A\u00efd, les artisans et commer\u00e7ants ont subi de grandes pertes et n\u2019ont pas r\u00e9alis\u00e9 leurs chiffres d\u2019affaire habituels.<\/p>\n<p>La f\u00eate des m\u00e8res est une opportunit\u00e9 pour les commer\u00e7ants pour r\u00e9aliser des ventes et booster leur chiffre d\u2019affaire. En cette occasion les commer\u00e7ants proposent toute une panoplie de cadeaux \u00e0 offrir : bouquets de fleurs, parfums, sacs, souliers\u2026 Les pages de vente en ligne s\u2019y mettent \u00e9galement et d\u00e9ploient toutes sortes de m\u00e9thodes de marketing pour proposer de nombreuses id\u00e9es de cadeaux.<br \/>A l\u2019occasion de la f\u00eate des m\u00e8res, jeunes et moins jeunes s\u2019investissent pour choisir le cadeau id\u00e9al, celui qui fera le plus plaisir \u00e0 maman. Ceci fera tourner les affaires et fera sans aucun doute le bonheur des commer\u00e7ants.<\/p>\n<p>Pour conclure, la f\u00eate des m\u00e8res est une occasion sp\u00e9ciale pour mettre \u00e0 l\u2019honneur, renouveler et exprimer \u00e0 nos m\u00e8res notre amour et notre attachement afin qu\u2019elles soient contentes, fi\u00e8res de nous et heureuses. Ne dit-on pas que \u00ab\u00a0Le paradis se trouve sous les pieds des m\u00e8res\u00a0\u00bb ?<\/p>\n<p>Le cadeau n\u2019est pas n\u00e9cessaire, un baiser sur le front ou une fleur du jardin suffiront pour montrer \u00e0 nos m\u00e8res notre amour et notre respect. Un cadeau fera quand m\u00eame encore plus plaisir et tant mieux si cela permet aux commer\u00e7ants d\u2019am\u00e9liorer leur chiffre d\u2019affaire surtout suite \u00e0 une saison catastrophique.<\/p>\n<p>Apr\u00e8s toute une ann\u00e9e de peur, d\u2019angoisse, de privation et de frustration induites par la pand\u00e9mie de la covid-19 et avec l\u2019espoir d\u2019un proche retour \u00e0 la normale, c\u00e9l\u00e9brer la f\u00eate des m\u00e8res sera une occasion importante, sur les plan sentimental et psychologique, pour nous tous de passer une journ\u00e9e en famille et faire le plein de tendresse, d\u2019optimisme et de bonheur.<\/p>\n<p>Bonne f\u00eate \u00e0 toutes les m\u00e8res.<\/p>\n<p class=\"c5\"><strong>Ridha Bergaoui<\/strong><br \/><span class=\"c4\"><em>Professeur universitaire<\/em><\/span><\/p>\n<p>Auteur:<br \/>\n<a href=\"https:\/\/www.leaders.com.tn\/article\/31896-six-bonnes-raisons-pour-celebrer-cette-annee-la-fete-des-meres\">Cliquez ici pour lire l&rsquo;article depuis sa source.<\/a><\/p>\n","protected":false},"excerpt":{"rendered":"<p>Par Ridha Bergaoui &#8211; La fin du mois de mai de chaque ann\u00e9e, le monde c\u00e9l\u00e8bre la f\u00eate des m\u00e8res. Cette tradition remonte \u00e0 tr\u00e8s loin. C\u2019est une occasion pour les enfants de t\u00e9moigner de la reconnaissance envers leurs m\u00e8res pour tout l\u2019amour, les sacrifices et les efforts d\u00e9ploy\u00e9s pour leur \u00e9ducation. En Tunisie, la [&hellip;]<\/p>\n","protected":false},"author":1772,"featured_media":0,"comment_status":"closed","ping_status":"closed","sticky":false,"template":"","format":"standard","meta":{"fifu_image_url":"\/uploads\/FCK_files\/Ridha-Berguaoui(6).jpg","fifu_image_alt":"Six bonnes raisons pour c\u00e9l\u00e9brer cette ann\u00e9e la f\u00eate des m\u00e8res","footnotes":""},"categories":[73,55],"tags":[],"class_list":["post-117099","post","type-post","status-publish","format-standard","hentry","category-actualite","category-tunisie"],"_links":{"self":[{"href":"https:\/\/linitiative.ca\/International\/wp-json\/wp\/v2\/posts\/117099","targetHints":{"allow":["GET"]}}],"collection":[{"href":"https:\/\/linitiative.ca\/International\/wp-json\/wp\/v2\/posts"}],"about":[{"href":"https:\/\/linitiative.ca\/International\/wp-json\/wp\/v2\/types\/post"}],"author":[{"embeddable":true,"href":"https:\/\/linitiative.ca\/International\/wp-json\/wp\/v2\/users\/1772"}],"replies":[{"embeddable":true,"href":"https:\/\/linitiative.ca\/International\/wp-json\/wp\/v2\/comments?post=117099"}],"version-history":[{"count":0,"href":"https:\/\/linitiative.ca\/International\/wp-json\/wp\/v2\/posts\/117099\/revisions"}],"wp:attachment":[{"href":"https:\/\/linitiative.ca\/International\/wp-json\/wp\/v2\/media?parent=117099"}],"wp:term":[{"taxonomy":"category","embeddable":true,"href":"https:\/\/linitiative.ca\/International\/wp-json\/wp\/v2\/categories?post=117099"},{"taxonomy":"post_tag","embeddable":true,"href":"https:\/\/linitiative.ca\/International\/wp-json\/wp\/v2\/tags?post=117099"}],"curies":[{"name":"wp","href":"https:\/\/api.w.org\/{rel}","templated":true}]}}