{"id":117100,"date":"2021-05-20T10:19:00","date_gmt":"2021-05-20T14:19:00","guid":{"rendered":"https:\/\/linitiative.ca\/International\/mechichi-ce-samedi-a-tripoli-a-la-tete-de-1000-hommes-daffaires\/"},"modified":"2021-05-20T10:19:00","modified_gmt":"2021-05-20T14:19:00","slug":"mechichi-ce-samedi-a-tripoli-a-la-tete-de-1000-hommes-daffaires","status":"publish","type":"post","link":"https:\/\/linitiative.ca\/International\/mechichi-ce-samedi-a-tripoli-a-la-tete-de-1000-hommes-daffaires\/","title":{"rendered":"Mechichi, ce samedi \u00e0 Tripoli \u00e0 la t\u00eate de 1000 hommes d\u2019affaires"},"content":{"rendered":"<p>Le chef du gouvernement Hichem Mechichi est attendu ce samedi \u00e0 Tripoli, \u00e0 la t\u00eate d\u2019une importante d\u00e9l\u00e9gation minist\u00e9rielle et \u00e9conomique, forte de plus de 1000 hommes d\u2019affaires. Cette visite de deux jours, \u00e0 caract\u00e8re politique et \u00e9conomique intervient apr\u00e8s celle effectu\u00e9e il y a deux mois dans la capitale libyenne, par le chef de l\u2019Etat Kais Sa\u00efed, le 17 mars dernier, au lendemain-m\u00eame de l\u2019installation des nouvelles autorit\u00e9s issues du consensus politique, devant conduire le pays vers les \u00e9lections du 24 d\u00e9cembre prochain. Le chef du gouvernement qui sera accompagn\u00e9 notamment des ministres de l\u2019Economie, du Transport et de l\u2019Equipement ainsi que du secr\u00e9taire d\u2019Etat aux Affaires \u00e9trang\u00e8res et du pr\u00e9sident de l\u2019UTICA, rencontrera son homologue libyen, Abdelhamid Menfi, pour des entretiens de haut niveau. En pr\u00e9vision de cette rencontre, les deux chefs de gouvernement ont eu mercredi un entretien t\u00e9l\u00e9phonique qualifi\u00e9 de chaleueux.\u00a0\u00a0le matin-m\u00eame, Mechichi a pr\u00e9sid\u00e9 un conseil minist\u00e9riel consacr\u00e9 \u00e0 l&rsquo;examen de la coop\u00e9ration bilat\u00e9rale.<\/p>\n<p><img decoding=\"async\" src=\"\/uploads\/FCK_files\/Libye-moy.jpg\" alt=\"\" width=\"100%\" vspace=\"5\" hspace=\"5\" align=\"middle\"\/><\/p>\n<p>Le voyage de Mechichi co\u00efncide avec le r\u00e9tablissement des vols a\u00e9riens op\u00e9r\u00e9s par Tunisair sur Tripoli (Maatigua) et Benghazi (Bnina), et la tenue d\u2019une grande exposition \u00e9conomique tunisienne, adoss\u00e9e \u00e0 un forum d\u2019affaires et de partenariat, \u00e0 l\u2019initiative du Conseil d\u2019affaires Tunisie \u2013 Afrique (TABC), en collaboration avec l&rsquo;UTICA. Plus de 170 stands sont d\u2019ores et d\u00e9j\u00e0 am\u00e9nag\u00e9s dans l\u2019enceinte de la Foire internationale de Tripoli, devant regrouper pr\u00e8s de 500 exposants des deux pays. Jusque-l\u00e0, pas moins de 1200 chefs d\u2019entreprises tunisiens se sont inscrits. Pr\u00e8s de la moiti\u00e9 feront le d\u00e9placement par avion, Tunisair ayant d\u00e9j\u00e0 programm\u00e9, outre ses vols quotidiens, trois vols suppl\u00e9mentaires ce samedi 22 mai.<\/p>\n<p>Sur place \u00e0 Tripoli, l\u2019ambassadeur de Tunisie \u00e0 Tripoli, Lassaad Agili, assist\u00e9 par le consul g\u00e9n\u00e9ral, Taoufik Guesmi, se d\u00e9ploie tous azimuts pour finaliser en \u00e9troite collaboration avec les autorit\u00e9s libyennes, les derniers pr\u00e9paratifs afin de r\u00e9ussir ce grand weekend tuniso-libyen.<\/p>\n<h2>Une nouvelle g\u00e9n\u00e9ration, une mentalit\u00e9 nouvelle<\/h2>\n<p>\u00ab La Libye a beaucoup chang\u00e9, pr\u00e9vient Anis Jaziri, pr\u00e9sident de TABC. Une nouvelle Libye, tout-\u00e0-fait diff\u00e9rente de l\u2019ancienne, est en train de naitre apr\u00e8s une longue d\u00e9cennie d\u2019\u00e9preuves. Une g\u00e9n\u00e9ration exceptionnelle et g\u00e9niale est \u00e0 pr\u00e9sent aux commandes, un peu partout, aspirant \u00e0 une reprise \u00e9conomique acc\u00e9l\u00e9r\u00e9e, au d\u00e9veloppement de l\u2019industrie et du commerce. Les mentalit\u00e9s ont chang\u00e9. Les Tunisiens doivent le r\u00e9aliser et s\u2019inscrire dans une vision nouvelle. \u00bb<\/p>\n<p>\u00ab Trois grands chapitres seront mis en d\u00e9bat, lors de ce Forum d\u2019affaires, explique Jaziri. D\u2019abord, le financement du commerce bilat\u00e9ral, \u00e0 travers la mise en place de lignes de cr\u00e9dits, le d\u00e9ploiement des accr\u00e9ditifs pour les exportations par voie terrestre et autres freins \u00e0 lever. Le concours des gouverneurs des banques centrales dans les deux pays sera substantiel. Ensuite, la contribution d\u2019entreprises tunisiennes \u00e0 l\u2019effort de reconstruction en Libye. C\u2019est le ministre de l\u2019Equipement, accompagn\u00e9 des dirigeants de 12 entreprises et organismes publics (SNIT, AFH, etc.) qui animera les d\u00e9bats \u00e0 ce sujet avec son homologue libyen. Le troisi\u00e8me dossier est celui du partenariat triangulaires afin d\u2019inciter Tunisiens et Libyens \u00e0 acc\u00e9der ensemble aux march\u00e9s africains, \u00e0 commencer par ceux les plus proches, subsahariens. \u00bb<\/p>\n<p>Sans le laisser emporter par l\u2019euphorie d\u2019un eldorado gagn\u00e9 d\u2019avance, Anis Jaziri reste pond\u00e9r\u00e9. Il esquisse de larges perspectives d\u2019une coop\u00e9ration mutuellement fructueuse entre les op\u00e9rateurs \u00e9conomiques des deux pays. La comp\u00e9tition est certes internationale, mais les facteurs de proximit\u00e9 g\u00e9ographique, de fraternit\u00e9 et de fluidit\u00e9 totale, offrent un avantage particulier \u00e0 la Tunisie.<br \/>\u00a0<\/p>\n<p>Auteur:<br \/>\n<a href=\"https:\/\/www.leaders.com.tn\/article\/31895-mechichi-ce-samedi-a-tripoli-a-la-tete-de-1000-hommes-d-affaires\">Cliquez ici pour lire l&rsquo;article depuis sa source.<\/a><\/p>\n","protected":false},"excerpt":{"rendered":"<p>Le chef du gouvernement Hichem Mechichi est attendu ce samedi \u00e0 Tripoli, \u00e0 la t\u00eate d\u2019une importante d\u00e9l\u00e9gation minist\u00e9rielle et \u00e9conomique, forte de plus de 1000 hommes d\u2019affaires. Cette visite de deux jours, \u00e0 caract\u00e8re politique et \u00e9conomique intervient apr\u00e8s celle effectu\u00e9e il y a deux mois dans la capitale libyenne, par le chef de [&hellip;]<\/p>\n","protected":false},"author":1772,"featured_media":0,"comment_status":"closed","ping_status":"closed","sticky":false,"template":"","format":"standard","meta":{"fifu_image_url":"\/uploads\/FCK_files\/Libye-moy.jpg","fifu_image_alt":"Mechichi, ce samedi \u00e0 Tripoli \u00e0 la t\u00eate de 1000 hommes d\u2019affaires","footnotes":""},"categories":[73,55],"tags":[],"class_list":["post-117100","post","type-post","status-publish","format-standard","hentry","category-actualite","category-tunisie"],"_links":{"self":[{"href":"https:\/\/linitiative.ca\/International\/wp-json\/wp\/v2\/posts\/117100","targetHints":{"allow":["GET"]}}],"collection":[{"href":"https:\/\/linitiative.ca\/International\/wp-json\/wp\/v2\/posts"}],"about":[{"href":"https:\/\/linitiative.ca\/International\/wp-json\/wp\/v2\/types\/post"}],"author":[{"embeddable":true,"href":"https:\/\/linitiative.ca\/International\/wp-json\/wp\/v2\/users\/1772"}],"replies":[{"embeddable":true,"href":"https:\/\/linitiative.ca\/International\/wp-json\/wp\/v2\/comments?post=117100"}],"version-history":[{"count":0,"href":"https:\/\/linitiative.ca\/International\/wp-json\/wp\/v2\/posts\/117100\/revisions"}],"wp:attachment":[{"href":"https:\/\/linitiative.ca\/International\/wp-json\/wp\/v2\/media?parent=117100"}],"wp:term":[{"taxonomy":"category","embeddable":true,"href":"https:\/\/linitiative.ca\/International\/wp-json\/wp\/v2\/categories?post=117100"},{"taxonomy":"post_tag","embeddable":true,"href":"https:\/\/linitiative.ca\/International\/wp-json\/wp\/v2\/tags?post=117100"}],"curies":[{"name":"wp","href":"https:\/\/api.w.org\/{rel}","templated":true}]}}