{"id":117104,"date":"2021-05-20T06:00:00","date_gmt":"2021-05-20T10:00:00","guid":{"rendered":"https:\/\/linitiative.ca\/International\/top-depart-de-la-campagne-electorale\/"},"modified":"2021-05-20T06:00:00","modified_gmt":"2021-05-20T10:00:00","slug":"top-depart-de-la-campagne-electorale","status":"publish","type":"post","link":"https:\/\/linitiative.ca\/International\/top-depart-de-la-campagne-electorale\/","title":{"rendered":"Top d\u00e9part de la campagne \u00e9lectorale"},"content":{"rendered":"<p class=\"c3\">C\u2019est aujourd\u2019hui que d\u00e9marre la campagne \u00e9lectorale pour les \u00e9lections l\u00e9gislatives anticip\u00e9es du 12 juin prochain.<br \/>M. Kebci &#8211; Alger (Le Soir) &#8211; C\u2019est aujourd\u2019hui que d\u00e9marre la campagne \u00e9lectorale pour les \u00e9lections l\u00e9gislatives anticip\u00e9es du 12 juin prochain. Ceci, en vertu de l\u2019article 73 de la loi portant r\u00e9gime \u00e9lectoral qui stipule qu\u2019\u00e0 \u00abl\u2019exception du cas pr\u00e9vu \u00e0 l\u2019alin\u00e9a 3 de l\u2019article 95 de la Constitution, la campagne \u00e9lectorale est d\u00e9clar\u00e9e ouverte, 23 jours avant la date du scrutin\u00bb pour s\u2019achever le 8 juin prochain, soit 3 jours avant la date du scrutin pr\u00e9vu le 12 juin prochain.<br \/>Et, jusqu\u2019\u00e0 hier, nombreux sont les partis et les ind\u00e9pendants \u00e0 se pr\u00e9senter \u00e0 cette \u00e9lection, qui \u00e9taient encore dans l\u2019expectative, tant nombre d\u2019entre eux n\u2019ont pas encore \u00e9tabli les plannings de leurs rassemblements et meetings.<br \/>La raison est que pour beaucoup de wilayas, comme la capitale par exemple, on n\u2019avait pas encore proc\u00e9d\u00e9 au tirage au sort pour d\u00e9partager les salles et espaces publics retenus pour la campagne \u00e9lectorale parmi les nombreuses listes. Ce qui a fait que les \u00e9tats-majors des partis, notamment, jusqu\u2019\u00e0 hier, n\u2019avaient pas d\u00e9fini les agendas des sorties de leurs pr\u00e9sidents.\u00a0<br \/>Rares, en effet, sont ceux qui ont \u00e9tabli des plannings, encore que ces derniers soient \u00abal\u00e9atoires\u00bb. Comme c\u2019est le cas de Jil Jadid dont le pr\u00e9sident doit se rendre aujourd\u2019hui dans une wilaya du centre du pays. \u00abNous avons pr\u00e9vu au premier jour de la campagne \u00e9lectorale, une sortie au centre du pays, \u00e0 Rouiba \u00e0 Alger, ou \u00e0 Khemis-el Khechna dans la wilaya de Boumerd\u00e8s ou \u00e0 l\u2019Arba\u00e2 dans la wilaya de Blida. Et jusqu\u2019\u00e0 maintenant, nous ne connaissons pas encore le lieu exact de notre sortie, faute d\u2019un tirage au sort\u00bb, affirme le charg\u00e9 de la communication du parti que pr\u00e9side Soufiane Djillali. De ce fait, ajoute Habib Brahmia, \u00abnous n\u2019avons pas encore \u00e9tabli le planning final des sorties du pr\u00e9sident du parti\u00bb.<br \/>Chez le Front El-Moustakbal, si le planning a \u00e9t\u00e9 \u00e9tabli dans sa globalit\u00e9, des d\u00e9tails subsistent, n\u00e9anmoins, concernant les lieux des meetings que devrait animer le pr\u00e9sident du parti.<br \/>Ainsi, Abdelaziz Bela\u00efd animera son premier meeting sur les 35 pr\u00e9vus, ce matin \u00e0 Bordj-Bou-Arr\u00e9ridj avant d\u2019en animer un autre, en fin d\u2019apr\u00e8s-midi, dans la wilaya limitrophe de S\u00e9tif. Et le pr\u00e9sident du Front El-Moustakbal a choisi le sud du pays pour cl\u00f4turer sa campagne \u00e9lectorale, le 8 juin prochain, puisqu\u2019il animera son ultime meeting dans la nouvelle wilaya de Beni-Abb\u00e8s.<br \/>Le pr\u00e9sident du mouvement El Binaa, quant \u00e0 lui, entamera sa campagne \u00e9lectorale ce jeudi par une sortie de proximit\u00e9 \u00e0 Sidi-Okba dans la wilaya de Biskra. Une sortie \u00absymbolique\u00bb, pr\u00e9cise le charg\u00e9 de la communication du mouvement islamiste, qui pr\u00e9cise que Abdelkader Bengrina se rendra dans l\u2019apr\u00e8s-midi dans la nouvelle wilaya de Ouled-Djellal, et \u00e0 Batna en toute fin de journ\u00e9e.<br \/>Hocine affirme que le planning des sorties du pr\u00e9sident du parti n\u2019est pas encore arr\u00eat\u00e9 et sera \u00e9labor\u00e9 au fur et \u00e0 mesure de la disponibilit\u00e9 des salles et autres lieux et des cr\u00e9neaux horaires qui seront attribu\u00e9s au parti au niveau des wilayas.<br \/>Il faut pr\u00e9ciser que les agents des communes ont commenc\u00e9, depuis avant-hier, l\u2019installation des panneaux d\u2019affichage qui devront accueillir les portraits et autres affiches des partis et autres listes ind\u00e9pendantes. Aussi, un tirage au sort a \u00e9t\u00e9 effectu\u00e9, mardi pour l\u2019attribution des tranches de 4 minutes d\u2019intervention sur les cha\u00eenes de la T\u00e9l\u00e9vision\u00a0 et de la Radio nationales.\u00a0<br \/>Aussi, les repr\u00e9sentants des partis politiques et des listes ind\u00e9pendantes en lice pour ces \u00e9lections l\u00e9gislatives ont sign\u00e9, mardi, la charte d&rsquo;\u00e9thique des pratiques \u00e9lectorales qui se veut un cadre pr\u00e9sentant le comportement \u00e9thique attendu des acteurs et participants au processus \u00e9lectoral.<br \/>M. K.<\/p>\n<p>Auteur:<br \/>\n<a href=\"https:\/\/www.lesoirdalgerie.com\/actualites\/top-depart-de-la-campagne-electorale-61442\">Cliquez ici pour lire l&rsquo;article depuis sa source.<\/a><\/p>\n","protected":false},"excerpt":{"rendered":"<p>C\u2019est aujourd\u2019hui que d\u00e9marre la campagne \u00e9lectorale pour les \u00e9lections l\u00e9gislatives anticip\u00e9es du 12 juin prochain.M. Kebci &#8211; Alger (Le Soir) &#8211; C\u2019est aujourd\u2019hui que d\u00e9marre la campagne \u00e9lectorale pour les \u00e9lections l\u00e9gislatives anticip\u00e9es du 12 juin prochain. Ceci, en vertu de l\u2019article 73 de la loi portant r\u00e9gime \u00e9lectoral qui stipule qu\u2019\u00e0 \u00abl\u2019exception du [&hellip;]<\/p>\n","protected":false},"author":1741,"featured_media":0,"comment_status":"closed","ping_status":"closed","sticky":false,"template":"","format":"standard","meta":{"fifu_image_url":"","fifu_image_alt":"","footnotes":""},"categories":[73,53],"tags":[],"class_list":["post-117104","post","type-post","status-publish","format-standard","hentry","category-actualite","category-algerie"],"_links":{"self":[{"href":"https:\/\/linitiative.ca\/International\/wp-json\/wp\/v2\/posts\/117104","targetHints":{"allow":["GET"]}}],"collection":[{"href":"https:\/\/linitiative.ca\/International\/wp-json\/wp\/v2\/posts"}],"about":[{"href":"https:\/\/linitiative.ca\/International\/wp-json\/wp\/v2\/types\/post"}],"author":[{"embeddable":true,"href":"https:\/\/linitiative.ca\/International\/wp-json\/wp\/v2\/users\/1741"}],"replies":[{"embeddable":true,"href":"https:\/\/linitiative.ca\/International\/wp-json\/wp\/v2\/comments?post=117104"}],"version-history":[{"count":0,"href":"https:\/\/linitiative.ca\/International\/wp-json\/wp\/v2\/posts\/117104\/revisions"}],"wp:attachment":[{"href":"https:\/\/linitiative.ca\/International\/wp-json\/wp\/v2\/media?parent=117104"}],"wp:term":[{"taxonomy":"category","embeddable":true,"href":"https:\/\/linitiative.ca\/International\/wp-json\/wp\/v2\/categories?post=117104"},{"taxonomy":"post_tag","embeddable":true,"href":"https:\/\/linitiative.ca\/International\/wp-json\/wp\/v2\/tags?post=117104"}],"curies":[{"name":"wp","href":"https:\/\/api.w.org\/{rel}","templated":true}]}}