{"id":117106,"date":"2021-05-20T06:00:00","date_gmt":"2021-05-20T10:00:00","guid":{"rendered":"https:\/\/linitiative.ca\/International\/lespagne-sonne-letat-dalerte\/"},"modified":"2021-05-20T06:00:00","modified_gmt":"2021-05-20T10:00:00","slug":"lespagne-sonne-letat-dalerte","status":"publish","type":"post","link":"https:\/\/linitiative.ca\/International\/lespagne-sonne-letat-dalerte\/","title":{"rendered":"L&rsquo;Espagne sonne l\u2019\u00e9tat d\u2019alerte"},"content":{"rendered":"<p class=\"c3\">L&rsquo;arriv\u00e9e, depuis lundi dernier, de 6 000 migrants marocains sur les c\u00f4tes de Ceuta en Espagne suscite une large vague d&rsquo;indignation et d\u2019inqui\u00e9tude aupr\u00e8s du gouvernement espagnol, de l&rsquo;Union europ\u00e9enne et des formations politiques, appelant le Maroc \u00e0 \u00ab respecter ses engagements et \u00e0 fournir davantage d&rsquo;efforts en mati\u00e8re de lutte contre le ph\u00e9nom\u00e8ne de la migration clandestine \u00bb.<\/p>\n<p class=\"c3\">Le Premier ministre espagnol Pedro Sanchez a, apr\u00e8s avoir qualifi\u00e9 l&rsquo;afflux de migrants marocains de \u00ab crise grave pour l&rsquo;Espagne et l&rsquo;Europe \u00bb, promis de \u00ab r\u00e9tablir l&rsquo;ordre\u00a0 (&#8230;) dans la ville et aux fronti\u00e8res le plus rapidement possible \u00bb, notant qu&rsquo;il se rendra sur place. L&rsquo;Union europ\u00e9enne a condamn\u00e9, pour sa part, vivement l&rsquo;afflux de migrants marocains, jugeant la situation \u00ab d&rsquo;inqui\u00e9tante \u00bb.\u00a0<br \/>De leur c\u00f4t\u00e9, plusieurs formations politiques espagnoles ont condamn\u00e9 le flux migratoire partant du Maroc, appelant les autorit\u00e9s marocaines \u00e0 assumer leurs responsabilit\u00e9s et agir vite et efficacement.\u00a0<br \/>Le porte-parole de la Coalition Caballas, Mohamed Ali, a mis en garde contre la \u00ab gravit\u00e9 \u00bb de ce qui s&rsquo;est pass\u00e9 et a annonc\u00e9 qu&rsquo;il serait \u00e0 la disposition du gouvernement de Ceuta pour exiger que le gouvernement espagnol accorde la \u00ab plus grande attention \u00bb \u00e0 Ceuta.<\/p>\n<p class=\"c3\">Chantage<br \/>Le pr\u00e9sident de Vox Ceuta, Juan Sergio Redondo, a rappel\u00e9 que sa formation n&rsquo;a jamais cess\u00e9e de mettre en garde contre le \u00ab chantage du Maroc \u00bb, rappelant que l&rsquo;Espagne devrait d\u00e9noncer le Maroc devant les instances internationales pour que le pays soit sanctionn\u00e9 \u00e9conomiquement et politiquement.\u00a0<br \/>Les relations diplomatiques entre l&rsquo;Espagne et le Maroc se sont tendues depuis l&rsquo;accueil en Espagne, fin avril, du Pr\u00e9sident sahraoui et chef du Front Polisario, Brahim Ghali, venu pour des soins.\u00a0<br \/>La baisse de vigilance des gardes-c\u00f4tes marocains au niveau des fronti\u00e8res avec l&rsquo;Espagne est, pour beaucoup d&rsquo;observateurs, \u00ab une fa\u00e7on pour le Maroc de d\u00e9noncer l&rsquo;attitude du gouvernement espagnol \u00bb. \u00ab Je ne con\u00e7ois pas que l&rsquo;on puisse mettre en danger la vie de mineurs dans la mer comme nous l&rsquo;avons vu ces derni\u00e8res heures \u00e0 Ceuta \u00bb, que cela puisse \u00eatre \u00ab une r\u00e9ponse \u00e0 une action humanitaire \u00bb, a d\u00e9clar\u00e9 Arancha Gonzalez Laya dans une interview \u00e0 la radio Cadena Ser.<br \/>R. I.<\/p>\n<p>Auteur:<br \/>\n<a href=\"https:\/\/www.lesoirdalgerie.com\/monde\/lespagne-sonne-letat-dalerte-61440\">Cliquez ici pour lire l&rsquo;article depuis sa source.<\/a><\/p>\n","protected":false},"excerpt":{"rendered":"<p>L&rsquo;arriv\u00e9e, depuis lundi dernier, de 6 000 migrants marocains sur les c\u00f4tes de Ceuta en Espagne suscite une large vague d&rsquo;indignation et d\u2019inqui\u00e9tude aupr\u00e8s du gouvernement espagnol, de l&rsquo;Union europ\u00e9enne et des formations politiques, appelant le Maroc \u00e0 \u00ab respecter ses engagements et \u00e0 fournir davantage d&rsquo;efforts en mati\u00e8re de lutte contre le ph\u00e9nom\u00e8ne de [&hellip;]<\/p>\n","protected":false},"author":1741,"featured_media":0,"comment_status":"closed","ping_status":"closed","sticky":false,"template":"","format":"standard","meta":{"fifu_image_url":"","fifu_image_alt":"","footnotes":""},"categories":[73,53],"tags":[],"class_list":["post-117106","post","type-post","status-publish","format-standard","hentry","category-actualite","category-algerie"],"_links":{"self":[{"href":"https:\/\/linitiative.ca\/International\/wp-json\/wp\/v2\/posts\/117106","targetHints":{"allow":["GET"]}}],"collection":[{"href":"https:\/\/linitiative.ca\/International\/wp-json\/wp\/v2\/posts"}],"about":[{"href":"https:\/\/linitiative.ca\/International\/wp-json\/wp\/v2\/types\/post"}],"author":[{"embeddable":true,"href":"https:\/\/linitiative.ca\/International\/wp-json\/wp\/v2\/users\/1741"}],"replies":[{"embeddable":true,"href":"https:\/\/linitiative.ca\/International\/wp-json\/wp\/v2\/comments?post=117106"}],"version-history":[{"count":0,"href":"https:\/\/linitiative.ca\/International\/wp-json\/wp\/v2\/posts\/117106\/revisions"}],"wp:attachment":[{"href":"https:\/\/linitiative.ca\/International\/wp-json\/wp\/v2\/media?parent=117106"}],"wp:term":[{"taxonomy":"category","embeddable":true,"href":"https:\/\/linitiative.ca\/International\/wp-json\/wp\/v2\/categories?post=117106"},{"taxonomy":"post_tag","embeddable":true,"href":"https:\/\/linitiative.ca\/International\/wp-json\/wp\/v2\/tags?post=117106"}],"curies":[{"name":"wp","href":"https:\/\/api.w.org\/{rel}","templated":true}]}}