{"id":117107,"date":"2021-05-20T14:47:05","date_gmt":"2021-05-20T18:47:05","guid":{"rendered":"https:\/\/linitiative.ca\/International\/allegement-des-restrictions-couvre-feu-reduit-et-heure-de-fermeture-prolongee-pour-les-cafes-et-restaurants\/"},"modified":"2021-05-20T14:47:05","modified_gmt":"2021-05-20T18:47:05","slug":"allegement-des-restrictions-couvre-feu-reduit-et-heure-de-fermeture-prolongee-pour-les-cafes-et-restaurants","status":"publish","type":"post","link":"https:\/\/linitiative.ca\/International\/allegement-des-restrictions-couvre-feu-reduit-et-heure-de-fermeture-prolongee-pour-les-cafes-et-restaurants\/","title":{"rendered":"All\u00e8gement des restrictions : couvre-feu  r\u00e9duit et heure de fermeture prolong\u00e9e pour les caf\u00e9s et restaurants"},"content":{"rendered":"<p><strong>Sur la base des recommandations du comit\u00e9 scientifique et technique, le gouvernement a d\u00e9cid\u00e9 d\u2019all\u00e9ger une partie des restrictions. En prime, une r\u00e9duction du couvre-feu et une prolongation de l\u2019heure de fermeture des caf\u00e9s et restaurants.<\/strong><\/p>\n<div class=\"c10\">\n<\/div>\n<p>A la suite de l\u2019\u00e9volution de la situation relative \u00e0 la pand\u00e9mie covid-19, une s\u00e9rie d\u2019all\u00e9gement des mesures ont \u00e9t\u00e9 annonc\u00e9 par le gouvernement en fin d\u2019apr\u00e8s-midi. Les caf\u00e9s et les restaurants ouvriront plus tard et ce jusqu\u2019\u00e0 23h et le couvre-feu a \u00e9t\u00e9 r\u00e9duit entre 23h et 4h30 et ce sur l\u2019ensemble du territoire national.<\/p>\n<p>Cependant, le communiqu\u00e9 gouvernemental insiste sur le maintien de toutes les autres restrictions relatives notamment aux festivit\u00e9s, rassemblements, manifestations, acc\u00e8s aux salles de cin\u00e9mas et fun\u00e9railles.<\/p>\n<p><strong>Lire aussi| <a href=\"https:\/\/www.challenge.ma\/affaire-brahim-ghali-apres-ses-critiques-contre-le-gouvernement-espagnol-la-deputee-ana-vazquez-\">Affaire Brahim Ghali : apr\u00e8s ses critiques contre le gouvernement espagnol, la d\u00e9put\u00e9e Ana V\u00e1zquez s\u2019expliquera ce jeudi sur la cha\u00eene 24 Horas<\/a><\/strong><\/p>\n<p>Ces annonces viennent \u00e0 la suite des recommandations du comit\u00e9 scientifique et technique.<\/p>\n<p>Cependant, le communiqu\u00e9 n\u2019a pas \u00e9voqu\u00e9 tout d\u00e9placement interville ou encore la question de l\u2019ouverture des fronti\u00e8res, laissant croire \u00e0 une s\u00e9rie d\u2019autres all\u00e8gements \u00e0 venir dans les jours ou semaines \u00e0 venir.<\/p>\n<p><strong>Lire aussi| <a href=\"https:\/\/www.challenge.ma\/gaza-sebta-droit-dans-nos-bottes-185197\/\">Gaza\/Sebta : droit dans nos bottes<\/a><\/strong><\/p>\n<p>Auteur: Amine Messaoudi<br \/>\n<a href=\"https:\/\/www.challenge.ma\/allegement-des-restrictions-couvre-feu-reduit-et-heure-de-fermeture-prolongee-pour-les-cafes-et-restaurants-185212\/\">Cliquez ici pour lire l&rsquo;article depuis sa source.<\/a><\/p>\n","protected":false},"excerpt":{"rendered":"<p>Sur la base des recommandations du comit\u00e9 scientifique et technique, le gouvernement a d\u00e9cid\u00e9 d\u2019all\u00e9ger une partie des restrictions. En prime, une r\u00e9duction du couvre-feu et une prolongation de l\u2019heure de fermeture des caf\u00e9s et restaurants. A la suite de l\u2019\u00e9volution de la situation relative \u00e0 la pand\u00e9mie covid-19, une s\u00e9rie d\u2019all\u00e9gement des mesures ont [&hellip;]<\/p>\n","protected":false},"author":1787,"featured_media":0,"comment_status":"closed","ping_status":"closed","sticky":false,"template":"","format":"standard","meta":{"fifu_image_url":"","fifu_image_alt":"","footnotes":""},"categories":[78,54],"tags":[],"class_list":["post-117107","post","type-post","status-publish","format-standard","hentry","category-economie","category-maroc"],"_links":{"self":[{"href":"https:\/\/linitiative.ca\/International\/wp-json\/wp\/v2\/posts\/117107","targetHints":{"allow":["GET"]}}],"collection":[{"href":"https:\/\/linitiative.ca\/International\/wp-json\/wp\/v2\/posts"}],"about":[{"href":"https:\/\/linitiative.ca\/International\/wp-json\/wp\/v2\/types\/post"}],"author":[{"embeddable":true,"href":"https:\/\/linitiative.ca\/International\/wp-json\/wp\/v2\/users\/1787"}],"replies":[{"embeddable":true,"href":"https:\/\/linitiative.ca\/International\/wp-json\/wp\/v2\/comments?post=117107"}],"version-history":[{"count":0,"href":"https:\/\/linitiative.ca\/International\/wp-json\/wp\/v2\/posts\/117107\/revisions"}],"wp:attachment":[{"href":"https:\/\/linitiative.ca\/International\/wp-json\/wp\/v2\/media?parent=117107"}],"wp:term":[{"taxonomy":"category","embeddable":true,"href":"https:\/\/linitiative.ca\/International\/wp-json\/wp\/v2\/categories?post=117107"},{"taxonomy":"post_tag","embeddable":true,"href":"https:\/\/linitiative.ca\/International\/wp-json\/wp\/v2\/tags?post=117107"}],"curies":[{"name":"wp","href":"https:\/\/api.w.org\/{rel}","templated":true}]}}