{"id":117109,"date":"2021-05-20T16:08:09","date_gmt":"2021-05-20T20:08:09","guid":{"rendered":"https:\/\/linitiative.ca\/International\/le-gang-de-lalimentation-animale-interdira-t-il-aux-tunisiens-de-manger-de-la-viande\/"},"modified":"2021-05-20T16:08:09","modified_gmt":"2021-05-20T20:08:09","slug":"le-gang-de-lalimentation-animale-interdira-t-il-aux-tunisiens-de-manger-de-la-viande","status":"publish","type":"post","link":"https:\/\/linitiative.ca\/International\/le-gang-de-lalimentation-animale-interdira-t-il-aux-tunisiens-de-manger-de-la-viande\/","title":{"rendered":"Le gang de l\u2019alimentation animale interdira-t-il aux tunisiens de manger de la viande ?"},"content":{"rendered":"<div class=\"post-cont-in left relative\">\n<div id=\"post-info-wrap\" class=\"left relative post-info-out\">\n<div class=\"post-info-img left relative\"><img decoding=\"async\" alt=\"\" src=\"https:\/\/secure.gravatar.com\/avatar\/b658f27b24160a89d557421a966e5ca1?s=50&amp;d=mm&amp;r=g\" srcset=\"https:\/\/secure.gravatar.com\/avatar\/b658f27b24160a89d557421a966e5ca1?s=100&amp;d=mm&amp;r=g 2x\" class=\"avatar avatar-50 photo\" height=\"50\" width=\"50\" loading=\"lazy\"\/><\/div>\n<div class=\"post-info-in\">\n<div class=\"post-info-right left relative post-info-name left relative\"><span><span class=\"post-info-text\">Par<\/span> <span class=\"author-name vcard fn author\"><a href=\"https:\/\/www.tunisienumerique.com\/author\/htb\/\" title=\"Articles par Mohamed Ben Abderrazek\" rel=\"author\">Mohamed Ben Abderrazek<\/a><\/span><\/span> <span class=\"post-date updated\"><time class=\"post-date updated\" datetime=\"2021-05-20\">\u00a0| Il y a 1 heure<\/time><\/span><br \/>\n<meta itemprop=\"dateModified\" content=\"2021-05-20\"\/><\/div>\n<div class=\"left relative\"><button id=\"listenButton1\" class=\"responsivevoice-button\" type=\"button\" value=\"Play\" title=\"\u00c9coutez l'article\"><span>\ud83d\udd0a \u00c9coutez l&rsquo;article<\/span><\/button>\n<\/div>\n<\/div>\n<\/div>\n<p>Le Syndicat des Agriculteurs de Tunisie (SYNAGRI) a d\u00e9nonc\u00e9 hier, mercredi 19 mai 2021, les augmentations successives et excessives des prix des aliments compos\u00e9s pour animaux (m\u00e9langes alimentaires) destin\u00e9s aux bovins, ovins et les volailles. Le syndicat a fait savoir que les augmentations sont devenues quasi mensuelles, \u00ab al\u00e9atoires \u00bb et \u00ab r\u00e9currentes \u00bb au point d\u2019exposer le secteur \u00e0 la faillite.<\/p>\n<div class=\"code-block code-block-1 c4\">\n <ins class=\"adsbygoogle c3\" data-ad-layout=\"in-article\" data-ad-format=\"fluid\" data-ad-client=\"ca-pub-2102118777505746\" data-ad-slot=\"7301775417\"\/>\n<\/div>\n<p>Le SYNAGRI consid\u00e8re ce qui se passe est une \u00ab destruction organis\u00e9e \u00bb du secteur de l\u2019\u00e9levage en Tunisie et de la s\u00e9curit\u00e9 alimentaire du pays ce qui causera, certainement, selon lui et dans la une courte p\u00e9riode la \u00ab disparition \u00bb d\u2019environ 100 mille petits et moyens \u00e9leveurs des diff\u00e9rentes fili\u00e8res du secteur.<\/p>\n<p>Le probl\u00e8me du monopole de la vente des aliments pour animaux d\u2019\u00e9levage par quelques soci\u00e9t\u00e9s a fini par \u00e9craser les petits agriculteurs. L\u2019absence de tout contr\u00f4le des autorit\u00e9s des marges commerciales de ces soci\u00e9t\u00e9s et face \u00e0 la non classification par les pouvoirs publics des aliments compos\u00e9s tels que le Soja et le Ma\u00efs dans la nomenclature des produits alimentaires de base risque de d\u00e9truire d\u00e9finitivement les petits \u00e9leveurs qui contribuent \u00e0 hauteur de 80% de la production alimentaire du secteur et les pousser \u00e0 la faillite.<\/p>\n<p>D\u2019ailleurs un appel a \u00e9t\u00e9 lanc\u00e9, \u00e0 cet effet, par le syndicat aux agriculteurs \u00e0 ne plus investir dans le secteur tant que l\u2019Etat ne prend pas des mesures pour le r\u00e9gulariser.<\/p>\n<p>Par ailleurs, plusieurs observateurs et sp\u00e9cialistes du domaine n\u2019ont cess\u00e9 d\u2019alerter quant \u00e0 la dangerosit\u00e9 de l\u2019accaparation par 12 soci\u00e9t\u00e9s dont 7 appartenant \u00e0 un \u00ab grand groupe \u00bb de 80% des importations des aliments compos\u00e9s pour animaux.<\/p>\n<p>Ces soci\u00e9t\u00e9s maitrisent en fait non seulement le march\u00e9 de l\u2019importation mais aussi la production de viande \u00e0 travers ses filiales. Elle est ainsi dans une situation de monopole en amont et en aval du secteur, dans son ensemble. Les agriculteurs et notamment \u00ab les petits \u00bb sont devenus de simples sous-traitants chez eux\u2026<\/p>\n<p>Mieux encore, les organismes officiels charg\u00e9s de la distribution de l\u2019alimentation animale en principe selon des normes bien d\u00e9finies et des quotas ont abandonn\u00e9 toutes leurs r\u00e8gles du travail pour passer \u00e0 l\u2019\u00ab anarchie \u00bb au vu et su de tout le monde et surtout de l\u2019autorit\u00e9 de tutelle et de l\u2019autre organe \u00ab repr\u00e9sentatif \u00bb des agriculteurs, l\u2019Union tunisienne de l\u2019agriculture et de la p\u00eache (UTAP).<\/p>\n<p>Bien que des solutions existent pour l\u2019encouragement de la production et l\u2019importation des aliments pour animaux jadis prosp\u00e8re, les deux minist\u00e8res, celui du Commerce et celui de l\u2019Agriculture font la sourde oreille aux appels de d\u00e9tresse des agriculteurs qui souffrent des p\u00e9nuries en intrants et en fourrage dues aux agissements des bandes criminelles qui ont pu maitriser tous les circuits de production et de distribution pour spolier les producteurs que les consommateurs.<\/p>\n<p>Le trafic de bien rod\u00e9 ces gangs, surtout durant les derni\u00e8res ann\u00e9es, gangr\u00e8ne tout : alimentation de b\u00e9tail, engrais, semences, approvisionnement des march\u00e9s, financement usurier des petits agriculteurs, distribution des cartes professionnelles aux agriculteurs, etc. en d\u00e9truisant les petits \u00e9leveurs, ces gangs finiront certes, par interdire \u00e0 la population l\u2019acc\u00e8s \u00e0 la viande \u00e0 moyen terme.<\/p>\n<div class=\"swp_social_panel swp_horizontal_panel swp_flat_fresh swp_default_full_color swp_individual_full_color swp_other_full_color scale-100 scale-\" data-min-width=\"1100\" data-float-color=\"#ffffff\" data-float=\"bottom\" data-float-mobile=\"bottom\" data-transition=\"slide\">\n<div class=\"nc_tweetContainer swp_share_button total_shares total_sharesalt\"><span class=\"swp_count\">6 <span class=\"swp_label\">Partages<\/span><\/span><\/div>\n<\/div>\n<p><strong>Que se passe-t-il en Tunisie?<\/strong><br \/>Nous expliquons sur notre <a href=\"https:\/\/www.youtube.com\/channel\/UCRzypVq0B_yBad5eGrwBx0Q?sub_confirmation=1\" target=\"_blank\" rel=\"noopener\">cha\u00eene YouTube<\/a> . <a href=\"https:\/\/www.youtube.com\/channel\/UCRzypVq0B_yBad5eGrwBx0Q?sub_confirmation=1\" target=\"_blank\" rel=\"noopener\">Abonnez-vous!<\/a><\/p>\n<div class=\"mvp-org-wrap\" itemprop=\"publisher\">\n<div class=\"mvp-org-logo\" itemprop=\"logo\"><img decoding=\"async\" src=\"https:\/\/www.tunisienumerique.com\/wp-content\/uploads\/2017\/02\/logo_tunisie_numerique.png\"\/><br \/>\n<meta itemprop=\"url\" content=\"https:\/\/www.tunisienumerique.com\/wp-content\/uploads\/2017\/02\/logo_tunisie_numerique.png\"\/><\/div>\n<p><meta content=\"Tunisie\"\/><\/div>\n<div class=\"mvp-related-posts left relative\">\n<h4 class=\"post-header\"><span class=\"post-header\">Lire aussi<\/span><\/h4>\n<\/div>\n<div id=\"article-ad\">\n <ins class=\"adsbygoogle c5\" data-ad-client=\"ca-pub-2102118777505746\" data-ad-slot=\"6513972734\" data-ad-format=\"auto\" data-full-width-responsive=\"true\"\/>\n<\/div>\n<\/div>\n<div id=\"post-sidebar-wrap\">\n <ins class=\"adsbygoogle c5\" data-ad-client=\"ca-pub-2102118777505746\" data-ad-slot=\"6168283410\" data-ad-format=\"auto\" data-full-width-responsive=\"true\"\/>\n<\/div>\n<p>Auteur: Mohamed Ben Abderrazek<br \/>\n<a href=\"https:\/\/www.tunisienumerique.com\/le-gang-de-lalimentation-animale-interdira-t-il-aux-tunisiens-de-manger-de-la-viande\/\">Cliquez ici pour lire l&rsquo;article depuis sa source.<\/a><\/p>\n","protected":false},"excerpt":{"rendered":"<p>Par Mohamed Ben Abderrazek \u00a0| Il y a 1 heure \ud83d\udd0a \u00c9coutez l&rsquo;article Le Syndicat des Agriculteurs de Tunisie (SYNAGRI) a d\u00e9nonc\u00e9 hier, mercredi 19 mai 2021, les augmentations successives et excessives des prix des aliments compos\u00e9s pour animaux (m\u00e9langes alimentaires) destin\u00e9s aux bovins, ovins et les volailles. Le syndicat a fait savoir que les [&hellip;]<\/p>\n","protected":false},"author":1789,"featured_media":0,"comment_status":"closed","ping_status":"closed","sticky":false,"template":"","format":"standard","meta":{"fifu_image_url":"https:\/\/secure.gravatar.com\/avatar\/b658f27b24160a89d557421a966e5ca1?s=50&d=mm&r=g","fifu_image_alt":"Le gang de l\u2019alimentation animale interdira-t-il aux tunisiens de manger de la viande ?","footnotes":""},"categories":[73,55],"tags":[],"class_list":["post-117109","post","type-post","status-publish","format-standard","hentry","category-actualite","category-tunisie"],"_links":{"self":[{"href":"https:\/\/linitiative.ca\/International\/wp-json\/wp\/v2\/posts\/117109","targetHints":{"allow":["GET"]}}],"collection":[{"href":"https:\/\/linitiative.ca\/International\/wp-json\/wp\/v2\/posts"}],"about":[{"href":"https:\/\/linitiative.ca\/International\/wp-json\/wp\/v2\/types\/post"}],"author":[{"embeddable":true,"href":"https:\/\/linitiative.ca\/International\/wp-json\/wp\/v2\/users\/1789"}],"replies":[{"embeddable":true,"href":"https:\/\/linitiative.ca\/International\/wp-json\/wp\/v2\/comments?post=117109"}],"version-history":[{"count":0,"href":"https:\/\/linitiative.ca\/International\/wp-json\/wp\/v2\/posts\/117109\/revisions"}],"wp:attachment":[{"href":"https:\/\/linitiative.ca\/International\/wp-json\/wp\/v2\/media?parent=117109"}],"wp:term":[{"taxonomy":"category","embeddable":true,"href":"https:\/\/linitiative.ca\/International\/wp-json\/wp\/v2\/categories?post=117109"},{"taxonomy":"post_tag","embeddable":true,"href":"https:\/\/linitiative.ca\/International\/wp-json\/wp\/v2\/tags?post=117109"}],"curies":[{"name":"wp","href":"https:\/\/api.w.org\/{rel}","templated":true}]}}