{"id":11711,"date":"2019-02-05T15:37:34","date_gmt":"2019-02-05T20:37:34","guid":{"rendered":"https:\/\/linitiative.ca\/International\/tunisie-kourchide-marzouki-couvre-des-individus-impliques-dans-la-protection-des-organisations-caritatives\/"},"modified":"2019-02-05T15:37:34","modified_gmt":"2019-02-05T20:37:34","slug":"tunisie-kourchide-marzouki-couvre-des-individus-impliques-dans-la-protection-des-organisations-caritatives","status":"publish","type":"post","link":"https:\/\/linitiative.ca\/International\/tunisie-kourchide-marzouki-couvre-des-individus-impliques-dans-la-protection-des-organisations-caritatives\/","title":{"rendered":"Tunisie \u2013 Kourchide\u00a0: Marzouki couvre des individus impliqu\u00e9s dans la protection des \u00ab\u00a0organisations caritatives\u00a0\u00bb"},"content":{"rendered":"<div class=\"post-cont-in left relative\">\n<div class=\"nc_socialPanel swp_flatFresh swp_d_fullColor swp_i_fullColor swp_o_fullColor scale-100 scale-fullWidth\" data-position=\"none\" data-float=\"floatNone\" data-count=\"5\" data-floatcolor=\"#ffffff\" data-emphasize=\"0\">\n<div class=\"nc_tweetContainer totes totesalt\" data-id=\"6\"><span class=\"swp_count\"><span class=\"swp_label\">Partages<\/span> 42<\/span><\/div>\n<\/div>\n<p>L\u2019ex-ministre des domaines de l\u2019Etat, Mabrouk Kourchide a annonc\u00e9, ce mardi, au micro d\u2019une radio priv\u00e9e, qu\u2019il a suspendu de ses fonctions, au moment o\u00f9 il \u00e9tait ministre, un agent de son minist\u00e8re qui avait dissimul\u00e9 des documents inh\u00e9rents \u00e0 des associations caritatives et des \u00e9coles coraniques. Et qui devaient \u00eatre adress\u00e9es \u00e0 la justice. Kourchide a ajout\u00e9 que cet agent l\u2019a d\u00e9fi\u00e9 annon\u00e7ant qu\u2019il \u00e9tait soutenu. Et en effet, cet individu s\u2019est av\u00e9r\u00e9 \u00eatre membre du parti Al Irada, et \u00e9tait soutenu par le pr\u00e9sident du parti, Moncef Marzouki, qui n\u2019a pas h\u00e9sit\u00e9, \u00e0 l\u2019\u00e9poque, de s\u2019acharner sur Kourchide dans une campagne de diffamation.<\/p>\n<div class=\"mvp-org-wrap mvp-org-logo\" itemprop=\"publisher\" itemscope=\"\" itemtype=\"https:\/\/schema.org\/Organization\"><img decoding=\"async\" src=\"https:\/\/www.tunisienumerique.com\/wp-content\/uploads\/2017\/02\/logo_tunisie_numerique.png\"\/><\/div>\n<div class=\"nc_socialPanel swp_flatFresh swp_d_fullColor swp_i_fullColor swp_o_fullColor scale-100 scale-fullWidth\" data-position=\"none\" data-float=\"floatNone\" data-count=\"5\" data-floatcolor=\"#ffffff\" data-emphasize=\"0\">\n<div class=\"nc_tweetContainer totes totesalt\" data-id=\"6\"><span class=\"swp_count\"><span class=\"swp_label\">Partages<\/span> 42<\/span><\/div>\n<\/div>\n<div class=\"mvp-related-posts left relative\">\n<h4 class=\"post-header\"><span class=\"post-header\">Lire aussi<\/span><\/h4>\n<\/div>\n<\/div>\n","protected":false},"excerpt":{"rendered":"<p>Partages 42 L\u2019ex-ministre des domaines de l\u2019Etat, Mabrouk Kourchide a annonc\u00e9, ce mardi, au micro d\u2019une radio priv\u00e9e, qu\u2019il a suspendu de ses fonctions, au moment o\u00f9 il \u00e9tait ministre, un agent de son minist\u00e8re qui avait dissimul\u00e9 des documents inh\u00e9rents \u00e0 des associations caritatives et des \u00e9coles coraniques. Et qui devaient \u00eatre adress\u00e9es \u00e0 [&hellip;]<\/p>\n","protected":false},"author":1789,"featured_media":11712,"comment_status":"closed","ping_status":"closed","sticky":false,"template":"","format":"standard","meta":{"fifu_image_url":"","fifu_image_alt":"","footnotes":""},"categories":[73,55],"tags":[],"class_list":["post-11711","post","type-post","status-publish","format-standard","has-post-thumbnail","hentry","category-actualite","category-tunisie"],"_links":{"self":[{"href":"https:\/\/linitiative.ca\/International\/wp-json\/wp\/v2\/posts\/11711","targetHints":{"allow":["GET"]}}],"collection":[{"href":"https:\/\/linitiative.ca\/International\/wp-json\/wp\/v2\/posts"}],"about":[{"href":"https:\/\/linitiative.ca\/International\/wp-json\/wp\/v2\/types\/post"}],"author":[{"embeddable":true,"href":"https:\/\/linitiative.ca\/International\/wp-json\/wp\/v2\/users\/1789"}],"replies":[{"embeddable":true,"href":"https:\/\/linitiative.ca\/International\/wp-json\/wp\/v2\/comments?post=11711"}],"version-history":[{"count":0,"href":"https:\/\/linitiative.ca\/International\/wp-json\/wp\/v2\/posts\/11711\/revisions"}],"wp:featuredmedia":[{"embeddable":true,"href":"https:\/\/linitiative.ca\/International\/wp-json\/"}],"wp:attachment":[{"href":"https:\/\/linitiative.ca\/International\/wp-json\/wp\/v2\/media?parent=11711"}],"wp:term":[{"taxonomy":"category","embeddable":true,"href":"https:\/\/linitiative.ca\/International\/wp-json\/wp\/v2\/categories?post=11711"},{"taxonomy":"post_tag","embeddable":true,"href":"https:\/\/linitiative.ca\/International\/wp-json\/wp\/v2\/tags?post=11711"}],"curies":[{"name":"wp","href":"https:\/\/api.w.org\/{rel}","templated":true}]}}