{"id":117113,"date":"2021-05-19T17:52:02","date_gmt":"2021-05-19T21:52:02","guid":{"rendered":"https:\/\/linitiative.ca\/International\/crise-scolaire-lappel-du-president-du-faso-a-lapaisement\/"},"modified":"2021-05-19T17:52:02","modified_gmt":"2021-05-19T21:52:02","slug":"crise-scolaire-lappel-du-president-du-faso-a-lapaisement","status":"publish","type":"post","link":"https:\/\/linitiative.ca\/International\/crise-scolaire-lappel-du-president-du-faso-a-lapaisement\/","title":{"rendered":"Crise scolaire : L\u2019appel du Pr\u00e9sident du Faso  \u00e0 l\u2019apaisement"},"content":{"rendered":"<div class=\"td-post-featured-image\"><a href=\"https:\/\/www.sidwaya.info\/wp-content\/uploads\/2021\/05\/recadrer.jpg\" data-caption=\"\"><img loading=\"lazy\" decoding=\"async\" width=\"696\" height=\"460\" class=\"entry-thumb td-modal-image\" src=\"https:\/\/www.sidwaya.info\/wp-content\/uploads\/2021\/05\/recadrer-696x460.jpg\" srcset=\"https:\/\/www.sidwaya.info\/wp-content\/uploads\/2021\/05\/recadrer-696x460.jpg 696w, https:\/\/www.sidwaya.info\/wp-content\/uploads\/2021\/05\/recadrer-300x198.jpg 300w, https:\/\/www.sidwaya.info\/wp-content\/uploads\/2021\/05\/recadrer-768x508.jpg 768w, https:\/\/www.sidwaya.info\/wp-content\/uploads\/2021\/05\/recadrer-150x99.jpg 150w, https:\/\/www.sidwaya.info\/wp-content\/uploads\/2021\/05\/recadrer-635x420.jpg 635w, https:\/\/www.sidwaya.info\/wp-content\/uploads\/2021\/05\/recadrer.jpg 780w\" sizes=\"auto, (max-width: 696px) 100vw, 696px\" alt=\"\" title=\"recadrer\"\/><\/a><\/div>\n<p>Hier 19 mai, le pr\u00e9sident du Faso, Roch Marc Christian Kabor\u00e9, a r\u00e9gi depuis la France, aux micros des confr\u00e8res de la RTB, sur la crise scolaire qui prend une autre tournure. Il appelle notamment \u00e0 l\u2019apaisement. Les propos en int\u00e9gralit\u00e9 !<\/p>\n<p>\u00abDans une telle situation, il faut savoir raison garder. Je trouve qu\u2019il n\u2019est pas normal que pour une r\u00e9forme qui sera engag\u00e9e en 2022, nous soyons aujourd\u2019hui \u00e0 des extr\u00e9mismes de ce genre. D\u2019abord, ces marches avec des agressions sur les forces de d\u00e9fense et de s\u00e9curit\u00e9, notamment celles qui assurent la protection et la s\u00e9curit\u00e9 des citoyens, deuxi\u00e8mement que des \u00e9l\u00e8ves aillent jeter des projectiles dans des \u00e9coles pour faire sortir d\u2019autres \u00e9l\u00e8ves, maintenant que le proviseur soit agress\u00e9 dans son bureau, me semblent inacceptable.<br \/>Nous avons tous \u00e9t\u00e9 des \u00e9l\u00e8ves et nous savons que derri\u00e8re ce genre d\u2019actions, il y a toujours des manipulateurs. Je voudrais demander aux \u00e9l\u00e8ves de savoir raison garder, et de s\u2019occuper de leur avenir. Parce que ceux qui sont en train de les manipuler aujourd\u2019hui ne s\u2019occuperont pas d\u2019eux demain, lorsqu\u2019ils ne seront plus \u00e0 l\u2019\u00e9cole. Il faut que chacun en prenne conscience. C\u2019est pourquoi, nous lan\u00e7ons un appel aux parents d\u2019\u00e9l\u00e8ves, aux \u00e9l\u00e8ves, de faire en sorte que nous revenions \u00e0 la raison. Parce que l\u2019\u00e9ducation c\u2019est l\u2019\u00e9cole, mais \u00e7a commence d\u2019abord \u00e0 la maison, par le respect de la hi\u00e9rarchie, le respect des enseignants. Cela me semble important et je voudrais encore une fois, lancer cet appel \u00e0 l\u2019apaisement \u00bb.<\/p>\n<p class=\"c1\"><strong>Source\u00a0: RTB<\/strong><\/p>\n<div class=\"td-a-rec td-a-rec-id-content_bottom tdi_33_ddd td_block_template_1\">\n<p><img loading=\"lazy\" decoding=\"async\" class=\"aligncenter size-full wp-image-27454\" src=\"https:\/\/www.sidwaya.info\/wp-content\/uploads\/2020\/10\/PUB-Bandeau-paiement-mobile-siteweb.jpg\" alt=\"\" width=\"728\" height=\"90\"\/><\/div>\n<p>Auteur: JK. Sidwaya<br \/>\n<a href=\"https:\/\/www.sidwaya.info\/blog\/2021\/05\/19\/crise-scolaire-lappel-du-president-du-faso-a-lapaisement\/\">Cliquez ici pour lire l&rsquo;article depuis sa source.<\/a><\/p>\n","protected":false},"excerpt":{"rendered":"<p>Hier 19 mai, le pr\u00e9sident du Faso, Roch Marc Christian Kabor\u00e9, a r\u00e9gi depuis la France, aux micros des confr\u00e8res de la RTB, sur la crise scolaire qui prend une autre tournure. Il appelle notamment \u00e0 l\u2019apaisement. Les propos en int\u00e9gralit\u00e9 ! \u00abDans une telle situation, il faut savoir raison garder. Je trouve qu\u2019il n\u2019est [&hellip;]<\/p>\n","protected":false},"author":1816,"featured_media":0,"comment_status":"closed","ping_status":"closed","sticky":false,"template":"","format":"standard","meta":{"fifu_image_url":"https:\/\/www.sidwaya.info\/wp-content\/uploads\/2021\/05\/recadrer-696x460.jpg","fifu_image_alt":"Crise scolaire : L\u2019appel du Pr\u00e9sident du Faso  \u00e0 l\u2019apaisement","footnotes":""},"categories":[73,81],"tags":[],"class_list":["post-117113","post","type-post","status-publish","format-standard","hentry","category-actualite","category-burkina-faso"],"_links":{"self":[{"href":"https:\/\/linitiative.ca\/International\/wp-json\/wp\/v2\/posts\/117113","targetHints":{"allow":["GET"]}}],"collection":[{"href":"https:\/\/linitiative.ca\/International\/wp-json\/wp\/v2\/posts"}],"about":[{"href":"https:\/\/linitiative.ca\/International\/wp-json\/wp\/v2\/types\/post"}],"author":[{"embeddable":true,"href":"https:\/\/linitiative.ca\/International\/wp-json\/wp\/v2\/users\/1816"}],"replies":[{"embeddable":true,"href":"https:\/\/linitiative.ca\/International\/wp-json\/wp\/v2\/comments?post=117113"}],"version-history":[{"count":0,"href":"https:\/\/linitiative.ca\/International\/wp-json\/wp\/v2\/posts\/117113\/revisions"}],"wp:attachment":[{"href":"https:\/\/linitiative.ca\/International\/wp-json\/wp\/v2\/media?parent=117113"}],"wp:term":[{"taxonomy":"category","embeddable":true,"href":"https:\/\/linitiative.ca\/International\/wp-json\/wp\/v2\/categories?post=117113"},{"taxonomy":"post_tag","embeddable":true,"href":"https:\/\/linitiative.ca\/International\/wp-json\/wp\/v2\/tags?post=117113"}],"curies":[{"name":"wp","href":"https:\/\/api.w.org\/{rel}","templated":true}]}}