{"id":117117,"date":"2021-05-19T18:47:53","date_gmt":"2021-05-19T22:47:53","guid":{"rendered":"https:\/\/linitiative.ca\/International\/quota-genre-quota-genre-le-projet-femmes-levez-vous-officiellement-lance\/"},"modified":"2021-05-19T18:47:53","modified_gmt":"2021-05-19T22:47:53","slug":"quota-genre-quota-genre-le-projet-femmes-levez-vous-officiellement-lance","status":"publish","type":"post","link":"https:\/\/linitiative.ca\/International\/quota-genre-quota-genre-le-projet-femmes-levez-vous-officiellement-lance\/","title":{"rendered":"Quota genre: Quota genre Le projet \u00ab\u00a0Femmes\u00a0! Levez-vous\u00a0! \u00bb officiellement lanc\u00e9"},"content":{"rendered":"<div class=\"td-post-featured-image\"><a href=\"https:\/\/www.sidwaya.info\/wp-content\/uploads\/2021\/05\/genre.jpg\" data-caption=\"\"><img loading=\"lazy\" decoding=\"async\" width=\"696\" height=\"424\" class=\"entry-thumb td-modal-image\" src=\"https:\/\/www.sidwaya.info\/wp-content\/uploads\/2021\/05\/genre-696x424.jpg\" srcset=\"https:\/\/www.sidwaya.info\/wp-content\/uploads\/2021\/05\/genre-696x424.jpg 696w, https:\/\/www.sidwaya.info\/wp-content\/uploads\/2021\/05\/genre-300x183.jpg 300w, https:\/\/www.sidwaya.info\/wp-content\/uploads\/2021\/05\/genre-768x467.jpg 768w, https:\/\/www.sidwaya.info\/wp-content\/uploads\/2021\/05\/genre-150x91.jpg 150w, https:\/\/www.sidwaya.info\/wp-content\/uploads\/2021\/05\/genre-690x420.jpg 690w, https:\/\/www.sidwaya.info\/wp-content\/uploads\/2021\/05\/genre.jpg 787w\" sizes=\"auto, (max-width: 696px) 100vw, 696px\" alt=\"\" title=\"genre\"\/><\/a><\/div>\n<p><strong>L\u2019Organisation non gouvernementale (ONG) Progettomondo, en collaboration avec un consortium d\u2019ONG, a officiellement lanc\u00e9, le projet \u00ab\u00a0Femmes\u00a0! Levez-vous\u00a0!\u00a0\u00bb, le mardi 18 mai 2021, \u00e0 Ouagadougou.<\/strong><\/p>\n<p>L\u2019Organisation non gouvernementale (ONG) Progettomondo a fait de la promotion de la femme son cheval de bataille. C\u2019est dans ce sens, qu\u2019en collaboration avec un consortium d\u2019ONG telles que le R\u00e9seau Afrique jeunesse (RAJ) et l\u2019Association des femmes juristes du Burkina Faso (AFJ\/BF), ont mis en place un projet d\u00e9nomm\u00e9 \u00ab\u00a0Femmes\u00a0! Levez-vous\u00a0!\u00a0\u00bb, le mardi 18 mai 2021 \u00e0 Ouagadougou. Selon la repr\u00e9sentante- pays de l\u2019ONG Progettomondo, Marianna Mormil\u00e9, la couche f\u00e9minine, qui repr\u00e9sente 51% de la population, est toujours en qu\u00eate d\u2019\u00e9quit\u00e9 et d\u2019\u00e9galit\u00e9 avec la couche masculine. \u00ab\u00a0Les femmes participent peu aux d\u00e9bats publics et sont faiblement repr\u00e9sent\u00e9es dans les hautes sph\u00e8res de gestion des affaires publiques\u00a0\u00bb, a-t-elle regrett\u00e9.<\/p>\n<p>En d\u00e9pit de l\u2019adoption de la loi sur le quota genre, a-t-elle poursuivi, seulement 17 femmes ont \u00e9t\u00e9 \u00e9lues d\u00e9put\u00e9es lors des \u00e9lections de 2020 contre 11 d\u00e9put\u00e9es \u00e0 la pr\u00e9c\u00e9dente l\u00e9gislature. Pour Marianna Mormil\u00e9, c\u2019est en r\u00e9ponse \u00e0 cette situation que le projet \u00ab\u00a0Femmes\u00a0! Levez-vous\u00a0!\u00a0\u00bb a \u00e9t\u00e9 lanc\u00e9. Il a pour objectif, a indiqu\u00e9 Mme Mormil\u00e9, de renforcer les capacit\u00e9s institutionnelles des associations f\u00e9minines \u0153uvrant \u00e0 une participation accrue des femmes \u00e0 la vie politique nationale et locale, \u00e0 leur int\u00e9gration dans les mouvements de contr\u00f4le citoyen et \u00e0 une meilleure int\u00e9gration dans les postes \u00e0 responsabilit\u00e9 de l\u2019administration publique.<\/p>\n<p>D\u2019une dur\u00e9e de 24 mois, ce programme sera mis en \u0153uvre dans les provinces du Poni, du Noumbiel, du Ioba et de la Bougouriba dans la r\u00e9gion du Sud-Ouest et dans la ville de Ouagadougou. Au titre des activit\u00e9s pr\u00e9vues, la repr\u00e9sentante pays de Progettomondo a cit\u00e9 l\u2019organisation de sessions de formation au profit des femmes et de deux journ\u00e9es de d\u00e9bat parlementaire sur l\u2019effectivit\u00e9 de la nouvelle loi sur le quota genre. A ces activit\u00e9s, la coordonnatrice du projet, Antoinette Yougbar\u00e9, a ajout\u00e9 la cr\u00e9ation de quatre groupes Whatsapp et d\u2019une page Facebook d\u00e9nomm\u00e9e \u00ab\u00a0Je suis femme, je participe \u00e0 la vie politique de mon pays\u00a0\u00bb.<\/p>\n<p>\u00ab\u00a0Nous envisageons \u00e9galement int\u00e9grer un module d\u2019\u00e9ducation civique et politique dans les curricula \u00e9ducatifs des moniteurs d\u2019alphab\u00e9tisation et d\u2019appuyer la mise en \u0153uvre d\u2019un microprojet de renforcement institutionnel en faveur des organisations f\u00e9minines\u00a0\u00bb, a-t-elle fait savoir. D\u2019un co\u00fbt de plus de 207 millions F CFA, \u00ab\u00a0Femmes\u00a0! Levez-vous\u00a0!\u00a0\u00bb a \u00e9t\u00e9 financ\u00e9 par l\u2019Union europ\u00e9enne (UE). Un financement, qui se justifie selon la repr\u00e9sentante de la d\u00e9l\u00e9gation de l\u2019UE, Violaine Coulaud Savel, par le fait que l\u2019am\u00e9lioration de la position de la femme au niveau politique, \u00e9conomique et social constitue l\u2019un des axes-phares du plan d\u2019actions 2021-2025 du conseil de l\u2019UE.<\/p>\n<p>Elle s\u2019est dit convaincue que ce projet va permettre de lever les barri\u00e8res qui entravent la bonne participation des femmes \u00e0 la vie politique.<br \/>La m\u00eame conviction est partag\u00e9e par la Directrice g\u00e9n\u00e9rale de la promotion du genre, Marie Madeleine Ou\u00e9draogo, qui s\u2019est r\u00e9jouie que des ONG telles que Progettomondo se joignent \u00e0 l\u2019Etat pour d\u00e9fendre la cause de la femme \u00e0 travers ce projet.<\/p>\n<p class=\"c1\"><strong>Nad\u00e8ge YAMEOGO<\/strong><\/p>\n<div class=\"td-a-rec td-a-rec-id-content_bottom tdi_33_da7 td_block_template_1\">\n<p><img loading=\"lazy\" decoding=\"async\" class=\"aligncenter size-full wp-image-27454\" src=\"https:\/\/www.sidwaya.info\/wp-content\/uploads\/2020\/10\/PUB-Bandeau-paiement-mobile-siteweb.jpg\" alt=\"\" width=\"728\" height=\"90\"\/><\/div>\n<p>Auteur: JK. Sidwaya<br \/>\n<a href=\"https:\/\/www.sidwaya.info\/blog\/2021\/05\/19\/quota-genre-quota-genre-le-projet-femmes-levez-vous-officiellement-lance\/\">Cliquez ici pour lire l&rsquo;article depuis sa source.<\/a><\/p>\n","protected":false},"excerpt":{"rendered":"<p>L\u2019Organisation non gouvernementale (ONG) Progettomondo, en collaboration avec un consortium d\u2019ONG, a officiellement lanc\u00e9, le projet \u00ab\u00a0Femmes\u00a0! Levez-vous\u00a0!\u00a0\u00bb, le mardi 18 mai 2021, \u00e0 Ouagadougou. L\u2019Organisation non gouvernementale (ONG) Progettomondo a fait de la promotion de la femme son cheval de bataille. C\u2019est dans ce sens, qu\u2019en collaboration avec un consortium d\u2019ONG telles que le [&hellip;]<\/p>\n","protected":false},"author":1816,"featured_media":0,"comment_status":"closed","ping_status":"closed","sticky":false,"template":"","format":"standard","meta":{"fifu_image_url":"https:\/\/www.sidwaya.info\/wp-content\/uploads\/2021\/05\/genre-696x424.jpg","fifu_image_alt":"Quota genre: Quota genre Le projet \u00ab\u00a0Femmes\u00a0! Levez-vous\u00a0! \u00bb officiellement lanc\u00e9","footnotes":""},"categories":[73,81],"tags":[],"class_list":["post-117117","post","type-post","status-publish","format-standard","hentry","category-actualite","category-burkina-faso"],"_links":{"self":[{"href":"https:\/\/linitiative.ca\/International\/wp-json\/wp\/v2\/posts\/117117","targetHints":{"allow":["GET"]}}],"collection":[{"href":"https:\/\/linitiative.ca\/International\/wp-json\/wp\/v2\/posts"}],"about":[{"href":"https:\/\/linitiative.ca\/International\/wp-json\/wp\/v2\/types\/post"}],"author":[{"embeddable":true,"href":"https:\/\/linitiative.ca\/International\/wp-json\/wp\/v2\/users\/1816"}],"replies":[{"embeddable":true,"href":"https:\/\/linitiative.ca\/International\/wp-json\/wp\/v2\/comments?post=117117"}],"version-history":[{"count":0,"href":"https:\/\/linitiative.ca\/International\/wp-json\/wp\/v2\/posts\/117117\/revisions"}],"wp:attachment":[{"href":"https:\/\/linitiative.ca\/International\/wp-json\/wp\/v2\/media?parent=117117"}],"wp:term":[{"taxonomy":"category","embeddable":true,"href":"https:\/\/linitiative.ca\/International\/wp-json\/wp\/v2\/categories?post=117117"},{"taxonomy":"post_tag","embeddable":true,"href":"https:\/\/linitiative.ca\/International\/wp-json\/wp\/v2\/tags?post=117117"}],"curies":[{"name":"wp","href":"https:\/\/api.w.org\/{rel}","templated":true}]}}