{"id":117118,"date":"2021-05-20T14:18:02","date_gmt":"2021-05-20T18:18:02","guid":{"rendered":"https:\/\/linitiative.ca\/International\/ethiopie-la-date-des-elections-generales-connue\/"},"modified":"2021-05-20T14:18:02","modified_gmt":"2021-05-20T18:18:02","slug":"ethiopie-la-date-des-elections-generales-connue","status":"publish","type":"post","link":"https:\/\/linitiative.ca\/International\/ethiopie-la-date-des-elections-generales-connue\/","title":{"rendered":"Ethiopie : la date des \u00e9lections g\u00e9n\u00e9rales connue"},"content":{"rendered":"<div readability=\"32\">\n<p>Publi\u00e9 le 20.05.2021 \u00e0 19h18 par APA News<\/p>\n<\/div>\n<div readability=\"54\">\n<p>Ces \u00e9lections auront lieu le 21 juin 2021, selon le Conseil national \u00e9lectoral d\u2019Ethiopie (NEBE).Les \u00e9lections g\u00e9n\u00e9rales \u00e9taient cens\u00e9es se tenir le 5 juin 2021, mais elles ont \u00e9t\u00e9 report\u00e9es en raison de la faible inscription des \u00e9lecteurs sur les listes \u00e9lectorales.<\/p>\n<p>Soliyana Shimeles, responsable de la communication du NEBE, les \u00e9lections g\u00e9n\u00e9rales se tiendront le lundi 21 juin dans les zones o\u00f9 l\u2019inscription des \u00e9lecteurs est termin\u00e9e.<\/p>\n<p>Le Conseil \u00e9lectoral a d\u00e9clar\u00e9 que la date du scrutin a \u00e9t\u00e9 report\u00e9e en raison de l\u2019extension r\u00e9p\u00e9t\u00e9e des d\u00e9lais d\u2019inscription des \u00e9lecteurs, du retard dans la nomination et la formation du personnel \u00e9lectoral ainsi que du retard dans l\u2019impression et la distribution des bulletins de vote qui ont forc\u00e9 le report des sixi\u00e8mes \u00e9lections g\u00e9n\u00e9rales.<\/p>\n<p>Plus de 36,2 millions de personnes sont d\u00e9j\u00e0 inscrites pour voter lors des 6\u00e8mes \u00e9lections g\u00e9n\u00e9rales du pays. Selon un rapport temporaire publi\u00e9 par le conseil, 16,6 millions des \u00e9lecteurs sont des femmes.<\/p>\n<\/div>\n<p>Auteur: APA News<br \/>\n<a href=\"https:\/\/www.journalducameroun.com\/ethiopie-la-date-des-elections-generales-connue\/\">Cliquez ici pour lire l&rsquo;article depuis sa source.<\/a><\/p>\n","protected":false},"excerpt":{"rendered":"<p>Publi\u00e9 le 20.05.2021 \u00e0 19h18 par APA News Ces \u00e9lections auront lieu le 21 juin 2021, selon le Conseil national \u00e9lectoral d\u2019Ethiopie (NEBE).Les \u00e9lections g\u00e9n\u00e9rales \u00e9taient cens\u00e9es se tenir le 5 juin 2021, mais elles ont \u00e9t\u00e9 report\u00e9es en raison de la faible inscription des \u00e9lecteurs sur les listes \u00e9lectorales. Soliyana Shimeles, responsable de la [&hellip;]<\/p>\n","protected":false},"author":1965,"featured_media":0,"comment_status":"closed","ping_status":"closed","sticky":false,"template":"","format":"standard","meta":{"fifu_image_url":"","fifu_image_alt":"","footnotes":""},"categories":[73,82],"tags":[],"class_list":["post-117118","post","type-post","status-publish","format-standard","hentry","category-actualite","category-cameroun"],"_links":{"self":[{"href":"https:\/\/linitiative.ca\/International\/wp-json\/wp\/v2\/posts\/117118","targetHints":{"allow":["GET"]}}],"collection":[{"href":"https:\/\/linitiative.ca\/International\/wp-json\/wp\/v2\/posts"}],"about":[{"href":"https:\/\/linitiative.ca\/International\/wp-json\/wp\/v2\/types\/post"}],"author":[{"embeddable":true,"href":"https:\/\/linitiative.ca\/International\/wp-json\/wp\/v2\/users\/1965"}],"replies":[{"embeddable":true,"href":"https:\/\/linitiative.ca\/International\/wp-json\/wp\/v2\/comments?post=117118"}],"version-history":[{"count":0,"href":"https:\/\/linitiative.ca\/International\/wp-json\/wp\/v2\/posts\/117118\/revisions"}],"wp:attachment":[{"href":"https:\/\/linitiative.ca\/International\/wp-json\/wp\/v2\/media?parent=117118"}],"wp:term":[{"taxonomy":"category","embeddable":true,"href":"https:\/\/linitiative.ca\/International\/wp-json\/wp\/v2\/categories?post=117118"},{"taxonomy":"post_tag","embeddable":true,"href":"https:\/\/linitiative.ca\/International\/wp-json\/wp\/v2\/tags?post=117118"}],"curies":[{"name":"wp","href":"https:\/\/api.w.org\/{rel}","templated":true}]}}