{"id":117119,"date":"2021-05-20T15:18:02","date_gmt":"2021-05-20T19:18:02","guid":{"rendered":"https:\/\/linitiative.ca\/International\/cote-divoire-des-incidents-isoles-impactent-le-rationnement-de-lelectricite\/"},"modified":"2021-05-20T15:18:02","modified_gmt":"2021-05-20T19:18:02","slug":"cote-divoire-des-incidents-isoles-impactent-le-rationnement-de-lelectricite","status":"publish","type":"post","link":"https:\/\/linitiative.ca\/International\/cote-divoire-des-incidents-isoles-impactent-le-rationnement-de-lelectricite\/","title":{"rendered":"C\u00f4te d\u2019Ivoire: des incidents isol\u00e9s impactent le rationnement de l\u2019\u00e9lectricit\u00e9"},"content":{"rendered":"<div readability=\"32\">\n<p>Publi\u00e9 le 20.05.2021 \u00e0 20h18 par APA News<\/p>\n<\/div>\n<div readability=\"109\">\n<p>Des incidents isol\u00e9s sur le r\u00e9seau \u00e9lectrique en C\u00f4te d\u2019Ivoire ont impact\u00e9 le programme de rationnement de l\u2019\u00e9lectricit\u00e9 dans certaines zones, a indiqu\u00e9 jeudi \u00e0 la presse le directeur g\u00e9n\u00e9ral adjoint de la Compagnie ivoirienne d\u2019\u00e9lectricit\u00e9 (CIE), Mathias Kouassi.<\/p>\n<p>\u00ab Nous faisons face \u00e0 des indisponibilit\u00e9s temporaires sur des ouvrages de production, entra\u00eenant des d\u00e9ficits compl\u00e9mentaires qui ne permettent pas souvent de respecter le cr\u00e9neau horaire fix\u00e9 \u00bb par le rationnement de l\u2019\u00e9lectricit\u00e9, a dit Mathias Kouassi, lors d\u2019un point de presse. \u00a0<\/p>\n<p>Pendant la premi\u00e8re semaine du rationnement, du 10 au 16 mai 2021, \u00ab\u00a0aucun al\u00e9a majeur n\u2019a \u00e9t\u00e9 enregistr\u00e9 et cela nous a permis d\u2019\u00e9viter de rationner la fourniture d\u2019\u00e9lectricit\u00e9 pendant 4 jours sur les 7 jours de la semaine\u00a0\u00bb, a soulign\u00e9 M. Kouassi.<\/p>\n<p>\u00ab\u00a0Les cr\u00e9neaux horaires ont \u00e9t\u00e9 respect\u00e9s et m\u00eame r\u00e9duits dans certains cas\u00a0\u00bb. Mais, \u00e0 l\u2019inverse, sur la deuxi\u00e8me semaine en cours, du 17 au 23 mai, \u00ab\u00a0nous faisons face \u00e0 des indisponibilit\u00e9s sur des ouvrages de production entra\u00eenant des d\u00e9ficits suppl\u00e9mentaires\u00a0\u00bb, a-t-il fait savoir.<\/p>\n<p>Ces d\u00e9ficits \u00ab\u00a0ne nous permettent pas de tenir tout le temps les cr\u00e9neaux horaires fix\u00e9s, ce qui explique entre autres que des zones sont touch\u00e9es par des interruptions de la fourniture d\u2019\u00e9lectricit\u00e9 alors qu\u2019elles ne sont pas planifi\u00e9es\u00a0\u00bb, a-t-il mentionn\u00e9.<\/p>\n<p>\u00a0\u00ab C\u2019est le cas d\u2019une indisponibilit\u00e9 enregistr\u00e9e hier vers 10h qui n\u2019a pas permis de r\u00e9alimenter les clients qui devaient l\u2019\u00eatre \u00e0 midi conform\u00e9ment au planning de rationnement \u00bb, a-t-il relev\u00e9, notant qu\u2019il y a une diff\u00e9rence entre le rationnement et les indisponibilit\u00e9s li\u00e9es aux incidents sur le r\u00e9seau et aux pannes localis\u00e9es.<\/p>\n<p>Ces perturbations peuvent affecter la continuit\u00e9 de la fourniture d\u2019\u00e9lectricit\u00e9 de fa\u00e7on locale, ind\u00e9pendamment du programme de rationnement \u00e9tabli. Pour accompagner les clients, l\u2019entreprise a mis en place des canaux de communication. \u00a0<\/p>\n<p>Le 11 mai, la compagnie charg\u00e9e de la distribution de l\u2019\u00e9lectricit\u00e9 a mis \u00e0 la disposition du public un site web d\u00e9di\u00e9 et un num\u00e9ro vert gratuit afin de permettre aux populations d\u2019avoir acc\u00e8s \u00e0 l\u2019information sur le programme de rationnement.<\/p>\n<p>\u00ab\u00a0La semaine derni\u00e8re nous avons enregistr\u00e9 pour le site\u00a0monelec.ci, plus de 450 000 utilisateurs, tandis que pour le num\u00e9ro vert gratuit, nous avons re\u00e7u plus de 6 000 appels \u00bb, a fait remarquer M. Kouassi, responsable du p\u00f4le distribution et commercialisation. \u00a0<\/p>\n<p>\u00ab\u00a0Nous cherchons des solutions pour juguler la situation. (Toutefois), un r\u00e9ajustement du planning pourrait \u00eatre envisag\u00e9 pour \u00eatre disponible la semaine prochaine de sorte \u00e0 prendre en compte tous les param\u00e8tres\u00a0\u00bb, a-t-il d\u00e9clar\u00e9.<\/p>\n<p>L\u2019entreprise a \u00e9tabli trois grands principes concernant le fonctionnement de ce programme \u00e0 savoir le principe des deux plages horaires d\u2019une dur\u00e9e de 6 heures (de 6 heures \u00e0 12 heures ou de 12 heures \u00e0 18 heures).<\/p>\n<p>Ensuite, le principe des plages altern\u00e9es chaque semaine puis le principe de l\u2019exclusion de la journ\u00e9e du dimanche du programme de rationnement pour permettre aux m\u00e9nages de b\u00e9n\u00e9ficier du courant les week-ends o\u00f9 plusieurs usines sont \u00e0 l\u2019arr\u00eat. \u00a0 \u00a0<\/p>\n<\/div>\n<p>Auteur: APA News<br \/>\n<a href=\"https:\/\/www.journalducameroun.com\/cote-divoire-des-incidents-isoles-impactent-le-rationnement-de-lelectricite\/\">Cliquez ici pour lire l&rsquo;article depuis sa source.<\/a><\/p>\n","protected":false},"excerpt":{"rendered":"<p>Publi\u00e9 le 20.05.2021 \u00e0 20h18 par APA News Des incidents isol\u00e9s sur le r\u00e9seau \u00e9lectrique en C\u00f4te d\u2019Ivoire ont impact\u00e9 le programme de rationnement de l\u2019\u00e9lectricit\u00e9 dans certaines zones, a indiqu\u00e9 jeudi \u00e0 la presse le directeur g\u00e9n\u00e9ral adjoint de la Compagnie ivoirienne d\u2019\u00e9lectricit\u00e9 (CIE), Mathias Kouassi. \u00ab Nous faisons face \u00e0 des indisponibilit\u00e9s temporaires [&hellip;]<\/p>\n","protected":false},"author":1965,"featured_media":0,"comment_status":"closed","ping_status":"closed","sticky":false,"template":"","format":"standard","meta":{"fifu_image_url":"","fifu_image_alt":"","footnotes":""},"categories":[73,82],"tags":[],"class_list":["post-117119","post","type-post","status-publish","format-standard","hentry","category-actualite","category-cameroun"],"_links":{"self":[{"href":"https:\/\/linitiative.ca\/International\/wp-json\/wp\/v2\/posts\/117119","targetHints":{"allow":["GET"]}}],"collection":[{"href":"https:\/\/linitiative.ca\/International\/wp-json\/wp\/v2\/posts"}],"about":[{"href":"https:\/\/linitiative.ca\/International\/wp-json\/wp\/v2\/types\/post"}],"author":[{"embeddable":true,"href":"https:\/\/linitiative.ca\/International\/wp-json\/wp\/v2\/users\/1965"}],"replies":[{"embeddable":true,"href":"https:\/\/linitiative.ca\/International\/wp-json\/wp\/v2\/comments?post=117119"}],"version-history":[{"count":0,"href":"https:\/\/linitiative.ca\/International\/wp-json\/wp\/v2\/posts\/117119\/revisions"}],"wp:attachment":[{"href":"https:\/\/linitiative.ca\/International\/wp-json\/wp\/v2\/media?parent=117119"}],"wp:term":[{"taxonomy":"category","embeddable":true,"href":"https:\/\/linitiative.ca\/International\/wp-json\/wp\/v2\/categories?post=117119"},{"taxonomy":"post_tag","embeddable":true,"href":"https:\/\/linitiative.ca\/International\/wp-json\/wp\/v2\/tags?post=117119"}],"curies":[{"name":"wp","href":"https:\/\/api.w.org\/{rel}","templated":true}]}}