{"id":117120,"date":"2021-05-20T15:18:02","date_gmt":"2021-05-20T19:18:02","guid":{"rendered":"https:\/\/linitiative.ca\/International\/israel-palestine-les-ambassadeurs-de-loci-en-cote-divoire-montent-au-creneau\/"},"modified":"2021-05-20T15:18:02","modified_gmt":"2021-05-20T19:18:02","slug":"israel-palestine-les-ambassadeurs-de-loci-en-cote-divoire-montent-au-creneau","status":"publish","type":"post","link":"https:\/\/linitiative.ca\/International\/israel-palestine-les-ambassadeurs-de-loci-en-cote-divoire-montent-au-creneau\/","title":{"rendered":"Isra\u00ebl-Palestine: les ambassadeurs de l\u2019OCI en C\u00f4te d\u2019Ivoire montent au cr\u00e9neau"},"content":{"rendered":"<div readability=\"32\">\n<p>Publi\u00e9 le 20.05.2021 \u00e0 20h18 par APA News<\/p>\n<\/div>\n<div readability=\"117\">\n<p>Les ambassadeurs des Etats membres de l\u2019Organisation de la coop\u00e9ration islamique (OCI) accr\u00e9dit\u00e9s en C\u00f4te d\u2019Ivoire sont mont\u00e9s, jeudi, au cr\u00e9neau pour d\u00e9noncer les \u00ab graves attaques \u00bb d\u2019une violence \u00ab in\u00e9dite et disproportionn\u00e9e \u00bb d\u2019Isra\u00ebl contre le peuple palestinien.<\/p>\n<p>\u00ab Devant les graves attaques, d\u2019une violence in\u00e9dite et disproportionn\u00e9e, perp\u00e9tr\u00e9es depuis plus d\u2019une semaine, par la force de d\u2019occupation, contre le peuple palestinien, sa terre, et ses lieux saints, les Ambassadeurs de l\u2019OCI expriment leur condamnation ferme de la brutalit\u00e9 Isra\u00e9lienne\u00bb ont d\u00e9clar\u00e9 les ambassadeurs des pays membres de l\u2019OCI \u00e0 l\u2019issue d\u2019un conclave \u00e0 la r\u00e9sidence de l\u2019ambassadeur du Royaume de l\u2019Arabie Saoudite \u00e0 Abidjan,\u00a0Abdullah Bin Hamad Alsobaiee.\u00a0<\/p>\n<p>\u00ab Les ambassadeurs de l\u2019OCI exigent la cessation compl\u00e8te et imm\u00e9diate de toutes ces attaques qui affectent des civils innocents, ainsi que leurs biens, et qui constituent de graves violations du droit international et des r\u00e9solutions pertinentes des Nations Unies sur la question de la Palestine \u00bb, poursuit le communiqu\u00e9 lu devant la presse par l\u2019ambassadeur de l\u2019Alg\u00e9rie en C\u00f4te d\u2019Ivoire, Mohamed Abdelaziz Bougueta\u00efa, \u00e9galement doyen du corps diplomatique arabe.<\/p>\n<p>\u00a0Devant les provocations r\u00e9p\u00e9t\u00e9es et d\u00e9lib\u00e9r\u00e9es d\u2019Isra\u00ebl, visant \u00e0 exacerber les sensibilit\u00e9s religieuses des Musulmans, ainsi que la frustration continue des sentiments du peuple palestinien et de la nation islamique tout enti\u00e8re, et devant ces attaques inacceptables contre les fid\u00e8les Musulmans, depuis le d\u00e9but du mois b\u00e9ni de Ramadan, qui constituent une violation flagrante des principes du droit international humanitaire, \u00ab les ambassadeurs de l\u2019OCI affirment que si elles persistent, elle aura, de graves cons\u00e9quences sur la s\u00e9curit\u00e9 de la r\u00e9gion, et bien au-del\u00e0 \u00bb.<\/p>\n<p>Les \u00c9tats membres de l\u2019Organisation, les Ambassadeurs de l\u2019OCI demandent l\u2019arr\u00eat imm\u00e9diat des attaques et des violations que commet Isra\u00ebl, force d\u2019occupation, dans le territoire palestinien, contre les lieux saints, notamment la Mosqu\u00e9e Al-Aqsa, qui est une ligne rouge absolue pour la nation islamique, et affirment qu\u2019Isra\u00ebl n\u2019a aucun droit l\u00e9gitime sur la terre palestinienne.<\/p>\n<p>\u00a0Par ailleurs, ces diplomates rejettent et condamnent la poursuite de la colonisation isra\u00e9lienne du territoire palestinien occup\u00e9. \u00ab Les actes commis par Isra\u00ebl constituent de graves violations du droit international, et sont consid\u00e9r\u00e9s comme des crimes de guerre et des crimes contre l\u2019humanit\u00e9 \u00bb estiment-ils.<\/p>\n<p>\u00ab Les ambassadeurs de l\u2019OCI appellent \u00e0 ce que Isra\u00ebl, force d\u2019occupation, soit tenue par la communaut\u00e9 Internationale pour responsable de ces violations et que des sanctions lui soient impos\u00e9es, conform\u00e9ment au droit international, universellement reconnu \u00bb, ajoute le communiqu\u00e9.<\/p>\n<p>\u00a0Les ambassadeurs de l\u2019OCI demandent \u00e9galement une mobilisation urgente de la communaut\u00e9 internationale \u00e0 travers les tribunaux internationaux et les divers organes des Nations Unies pour contraindre Isra\u00ebl, la force d\u2019occupation, \u00e0 indemniser les ayants droits, pour les dommages mat\u00e9riels et moraux qu\u2019elle a caus\u00e9s aux infrastructures palestiniennes et aux propri\u00e9t\u00e9s publiques et priv\u00e9es.<\/p>\n<p>Enfin, les ambassadeurs ont salu\u00e9 la r\u00e9sistance du peuple palestinien sur sa terre et sa position historique face \u00e0 l\u2019agression et \u00e0 l\u2019occupation, et sa d\u00e9fense constante de ses droits l\u00e9gitimes, et appellent les \u00c9tats membres \u00e0 offrir toutes les formes de soutien au peuple palestinien en vue de renforcer sa r\u00e9sistance pour la r\u00e9appropriation de son territoire.<\/p>\n<\/div>\n<p>Auteur: APA News<br \/>\n<a href=\"https:\/\/www.journalducameroun.com\/israel-palestine-les-ambassadeurs-de-loci-en-cote-divoire-montent-au-creneau\/\">Cliquez ici pour lire l&rsquo;article depuis sa source.<\/a><\/p>\n","protected":false},"excerpt":{"rendered":"<p>Publi\u00e9 le 20.05.2021 \u00e0 20h18 par APA News Les ambassadeurs des Etats membres de l\u2019Organisation de la coop\u00e9ration islamique (OCI) accr\u00e9dit\u00e9s en C\u00f4te d\u2019Ivoire sont mont\u00e9s, jeudi, au cr\u00e9neau pour d\u00e9noncer les \u00ab graves attaques \u00bb d\u2019une violence \u00ab in\u00e9dite et disproportionn\u00e9e \u00bb d\u2019Isra\u00ebl contre le peuple palestinien. \u00ab Devant les graves attaques, d\u2019une violence [&hellip;]<\/p>\n","protected":false},"author":1965,"featured_media":0,"comment_status":"closed","ping_status":"closed","sticky":false,"template":"","format":"standard","meta":{"fifu_image_url":"","fifu_image_alt":"","footnotes":""},"categories":[73,82],"tags":[],"class_list":["post-117120","post","type-post","status-publish","format-standard","hentry","category-actualite","category-cameroun"],"_links":{"self":[{"href":"https:\/\/linitiative.ca\/International\/wp-json\/wp\/v2\/posts\/117120","targetHints":{"allow":["GET"]}}],"collection":[{"href":"https:\/\/linitiative.ca\/International\/wp-json\/wp\/v2\/posts"}],"about":[{"href":"https:\/\/linitiative.ca\/International\/wp-json\/wp\/v2\/types\/post"}],"author":[{"embeddable":true,"href":"https:\/\/linitiative.ca\/International\/wp-json\/wp\/v2\/users\/1965"}],"replies":[{"embeddable":true,"href":"https:\/\/linitiative.ca\/International\/wp-json\/wp\/v2\/comments?post=117120"}],"version-history":[{"count":0,"href":"https:\/\/linitiative.ca\/International\/wp-json\/wp\/v2\/posts\/117120\/revisions"}],"wp:attachment":[{"href":"https:\/\/linitiative.ca\/International\/wp-json\/wp\/v2\/media?parent=117120"}],"wp:term":[{"taxonomy":"category","embeddable":true,"href":"https:\/\/linitiative.ca\/International\/wp-json\/wp\/v2\/categories?post=117120"},{"taxonomy":"post_tag","embeddable":true,"href":"https:\/\/linitiative.ca\/International\/wp-json\/wp\/v2\/tags?post=117120"}],"curies":[{"name":"wp","href":"https:\/\/api.w.org\/{rel}","templated":true}]}}