{"id":117121,"date":"2021-05-20T16:18:02","date_gmt":"2021-05-20T20:18:02","guid":{"rendered":"https:\/\/linitiative.ca\/International\/une-fake-news-provoque-des-violences-ayant-fait-un-mort-a-abidjan\/"},"modified":"2021-05-20T16:18:02","modified_gmt":"2021-05-20T20:18:02","slug":"une-fake-news-provoque-des-violences-ayant-fait-un-mort-a-abidjan","status":"publish","type":"post","link":"https:\/\/linitiative.ca\/International\/une-fake-news-provoque-des-violences-ayant-fait-un-mort-a-abidjan\/","title":{"rendered":"Une fake news provoque des violences ayant fait un mort \u00e0 Abidjan"},"content":{"rendered":"<div readability=\"32\">\n<p>Publi\u00e9 le 20.05.2021 \u00e0 21h18 par APA News<\/p>\n<\/div>\n<div readability=\"87\">\n<p>Plus d\u2019une vingtaine de personnes soup\u00e7onn\u00e9es d\u2019avoir exerc\u00e9 des actes de violence sur des ressortissants de la Cedeao, \u00e0 Abidjan, et provoqu\u00e9 la mort d\u2019un individu, ont \u00e9t\u00e9 interpell\u00e9es, selon un communiqu\u00e9 du procureur de la R\u00e9publique, Richard Adou, publi\u00e9 jeudi.<\/p>\n<p>\u00ab Au triste bilan provisoire de ces actes de violence, on d\u00e9nombre un mort, plusieurs bless\u00e9s graves, des v\u00e9hicules caillass\u00e9s et calcin\u00e9s, des commerces pill\u00e9s et incendi\u00e9s ainsi que de nombreux d\u00e9g\u00e2ts mat\u00e9riels dans plusieurs communes du District autonome d\u2019Abidjan \u00bb, indique le communiqu\u00e9.<\/p>\n<p>Prenant pr\u00e9texte de la publication sur les r\u00e9seaux sociaux d\u2019un \u00e9l\u00e9ment vid\u00e9o non dat\u00e9, montrant des individus torturer d\u2019autres, dits \u00e0 tort, \u00eatre des Ivoiriens, des personnes ont molest\u00e9 des ressortissants d\u2019un pays membre de la Cedeao, dans la matin\u00e9e du mercredi 19 mai 2021, rapporte le communiqu\u00e9.<\/p>\n<p>Ces individus, dans leur furie, ont ensuite saccag\u00e9 et pill\u00e9 leurs biens, mentionne le communiqu\u00e9 du \u00a0procureur de la R\u00e9publique qui appelle \u00ab ardemment les uns et les autres au calme, \u00e0 la retenue et \u00e0 la responsabilit\u00e9, et \u00e0 mettre imm\u00e9diatement fin \u00e0 ces actes infractionnels et d\u2019une particuli\u00e8re gravit\u00e9 \u00bb.<\/p>\n<p>Le procureur a en outre indiqu\u00e9 que \u00ab plus d\u2019une vingtaine de personnes ont \u00e9t\u00e9 interpell\u00e9es \u00e0 la suite de ces \u00e9v\u00e8nements et que les enqu\u00eates sont en cours pour retrouver les auteurs de ces actes de barbarie \u00bb.<\/p>\n<p>L\u2019enqu\u00eate vise \u00e9galement \u00ab tous ceux qui de quelque mani\u00e8re que ce soit ont contribu\u00e9 \u00e0 leur commission afin de leur faire subir la rigueur de la loi p\u00e9nale \u00bb, mentionne le communiqu\u00e9.<\/p>\n<p>La publication, la diffusion et la reproduction par quelque moyen que ce soit de nouvelles fausses, falsifi\u00e9es ou mensong\u00e8rement attribu\u00e9es \u00e0 des tiers est sanctionn\u00e9e par la loi p\u00e9nale, rappelle le procureur de la R\u00e9publique, Richard Christophe Adou.<\/p>\n<\/div>\n<p>Auteur: APA News<br \/>\n<a href=\"https:\/\/www.journalducameroun.com\/une-fake-news-provoque-des-violences-ayant-fait-un-mort-a-abidjan\/\">Cliquez ici pour lire l&rsquo;article depuis sa source.<\/a><\/p>\n","protected":false},"excerpt":{"rendered":"<p>Publi\u00e9 le 20.05.2021 \u00e0 21h18 par APA News Plus d\u2019une vingtaine de personnes soup\u00e7onn\u00e9es d\u2019avoir exerc\u00e9 des actes de violence sur des ressortissants de la Cedeao, \u00e0 Abidjan, et provoqu\u00e9 la mort d\u2019un individu, ont \u00e9t\u00e9 interpell\u00e9es, selon un communiqu\u00e9 du procureur de la R\u00e9publique, Richard Adou, publi\u00e9 jeudi. \u00ab Au triste bilan provisoire de [&hellip;]<\/p>\n","protected":false},"author":1965,"featured_media":0,"comment_status":"closed","ping_status":"closed","sticky":false,"template":"","format":"standard","meta":{"fifu_image_url":"","fifu_image_alt":"","footnotes":""},"categories":[73,82],"tags":[],"class_list":["post-117121","post","type-post","status-publish","format-standard","hentry","category-actualite","category-cameroun"],"_links":{"self":[{"href":"https:\/\/linitiative.ca\/International\/wp-json\/wp\/v2\/posts\/117121","targetHints":{"allow":["GET"]}}],"collection":[{"href":"https:\/\/linitiative.ca\/International\/wp-json\/wp\/v2\/posts"}],"about":[{"href":"https:\/\/linitiative.ca\/International\/wp-json\/wp\/v2\/types\/post"}],"author":[{"embeddable":true,"href":"https:\/\/linitiative.ca\/International\/wp-json\/wp\/v2\/users\/1965"}],"replies":[{"embeddable":true,"href":"https:\/\/linitiative.ca\/International\/wp-json\/wp\/v2\/comments?post=117121"}],"version-history":[{"count":0,"href":"https:\/\/linitiative.ca\/International\/wp-json\/wp\/v2\/posts\/117121\/revisions"}],"wp:attachment":[{"href":"https:\/\/linitiative.ca\/International\/wp-json\/wp\/v2\/media?parent=117121"}],"wp:term":[{"taxonomy":"category","embeddable":true,"href":"https:\/\/linitiative.ca\/International\/wp-json\/wp\/v2\/categories?post=117121"},{"taxonomy":"post_tag","embeddable":true,"href":"https:\/\/linitiative.ca\/International\/wp-json\/wp\/v2\/tags?post=117121"}],"curies":[{"name":"wp","href":"https:\/\/api.w.org\/{rel}","templated":true}]}}