{"id":117122,"date":"2021-05-20T16:18:03","date_gmt":"2021-05-20T20:18:03","guid":{"rendered":"https:\/\/linitiative.ca\/International\/ouverture-a-abidjan-du-bureau-de-la-poste-du-futur-a-luniversite-fhb\/"},"modified":"2021-05-20T16:18:03","modified_gmt":"2021-05-20T20:18:03","slug":"ouverture-a-abidjan-du-bureau-de-la-poste-du-futur-a-luniversite-fhb","status":"publish","type":"post","link":"https:\/\/linitiative.ca\/International\/ouverture-a-abidjan-du-bureau-de-la-poste-du-futur-a-luniversite-fhb\/","title":{"rendered":"Ouverture \u00e0 Abidjan du \u00ab\u00a0Bureau de la poste du futur\u00a0\u00bb \u00e0 l\u2019universit\u00e9 FHB"},"content":{"rendered":"<div readability=\"32\">\n<p>Publi\u00e9 le 20.05.2021 \u00e0 21h18 par APA News<\/p>\n<\/div>\n<div readability=\"113\">\n<p>Le ministre ivoirien de l\u2019Economie num\u00e9rique, des t\u00e9l\u00e9communications et de l\u2019innovation, Roger Adom, a proc\u00e9d\u00e9 jeudi \u00e0 l\u2019ouverture du \u00ab\u00a0Bureau de la poste du futur\u00a0\u00bb au sein de l\u2019universit\u00e9 F\u00e9lix Houphou\u00ebt-Boigny (publique), en pr\u00e9sence du vice-directeur de l\u2019Union postale universelle (UPU), Pascal Clivaz.<\/p>\n<p>\u00ab\u00a0Le Bureau de poste du futur que nous inaugurons ce jour devra pour nous \u00eatre un v\u00e9ritable mod\u00e8le de poste moderne, r\u00e9invent\u00e9e pour s\u2019adapter aux besoins du moment, un laboratoire pour la poste C\u00f4te d\u2019Ivoire \u00e0 partir duquel elle devra sortir le mod\u00e8le \u00e9conomique qui affirme sa mutation\u00a0\u00bb, a dit M. Roger Adom.<\/p>\n<p>La poste continuera toutefois \u00e0 assurer ses missions traditionnelles, a indiqu\u00e9 le ministre de l\u2019Economie num\u00e9rique, des t\u00e9l\u00e9communications et de l\u2019innovation, annon\u00e7ant que les dispositions sont prises pour la construction dans le cadre du Projet ecom@Africa, d\u2019une Centre de Tri et d\u2019un Centre de logistique.<\/p>\n<p>\u00ab\u00a0Ax\u00e9e sur l\u2019\u00e9conomie et l\u2019inclusion num\u00e9rique, cette agence fournira des services postaux, financiers et \u00e9lectroniques modernes et innovants et sera un v\u00e9ritable exemple \u00e0 dupliquer en C\u00f4te d\u2019Ivoire et dans les pays africains\u00a0\u00bb, a d\u00e9clar\u00e9 le directeur g\u00e9n\u00e9ral de la Poste de C\u00f4te d\u2019Ivoire, Isaac Gnamba Yao.<\/p>\n<p>L\u2019agence comprend un cyber caf\u00e9, une librairie, des guichets automatiques, un business center dot\u00e9 de services de reprographie, un espace de co-working, des produits de transfert d\u2019argent par reconnaissance faciale, le visage rempla\u00e7ant le code et le mot de passe.<\/p>\n<p>Le vice-directeur g\u00e9n\u00e9ral de l\u2019UPU, Pascal Clivaz, s\u2019est f\u00e9licit\u00e9 de cette r\u00e9alisation, ajoutant\u00a0\u00ab\u00a0nous l\u2019avons r\u00eav\u00e9 et vous l\u2019avez fait\u00a0\u00bb. Il s\u2019est en outre dit \u00ab\u00a0satisfait\u00a0\u00bb des pr\u00e9paratifs pour la tenue du 27e Congr\u00e8s de l\u2019UPU \u00e0 Abidjan.\u00a0 \u00a0<\/p>\n<p>Pour sa part, le pr\u00e9sident de l\u2019Universit\u00e9 F\u00e9lix Houphou\u00ebt-Boigny, la plus grande universit\u00e9 du pays, Ballo Zi\u00e9,\u00a0s\u2019est r\u00e9joui de ce que cette agence fournira des services postaux num\u00e9riques \u00e0 quelque 65 000 \u00e9tudiants, 2300 enseignants-chercheurs et au personnel administratif comprenant 800 agents. \u00a0\u00a0<\/p>\n<p>C\u2019est la deuxi\u00e8me fois, apr\u00e8s l\u2019Egypte en 1934 et la premi\u00e8re fois en Afrique subsaharienne que la C\u00f4te d\u2019Ivoire va abriter le Congr\u00e8s ordinaire de l\u2019UPU. Le pays assurera la pr\u00e9sidence du congr\u00e8s au cours des travaux durant les trois semaines et assurera la pr\u00e9sidence du Conseil d\u2019administration de l\u2019UPU les quatre ann\u00e9es \u00a0\u00e0 venir apr\u00e8s le 27e\u00a0Congr\u00e8s de l\u2019organisation.<\/p>\n<p>Au terme du 27e\u00a0Congr\u00e8s de l\u2019UPU, pr\u00e9vu \u00e0 Abidjan du 9 au 27 ao\u00fbt 2021, il sera \u00e9crit pour le cycle 2021-2024 la strat\u00e9gie mondiale de l\u2019Union postale universelle qui sera appel\u00e9e la strat\u00e9gie postale d\u2019Abidjan.<\/p>\n<p>Le ministre de la Construction et de l\u2019Urbanisme, Bruno Kon\u00e9, ex-ministre de la Poste, a d\u00e9voil\u00e9 la st\u00e8le du Bureau de la poste du futur de l\u2019universit\u00e9 F\u00e9lix Houphou\u00ebt-Boigny, heureux de ce que le travail acharn\u00e9 de lui et son Cabinet aient produit ce chef-d\u2019\u0153uvre.<\/p>\n<\/div>\n<p>Auteur: APA News<br \/>\n<a href=\"https:\/\/www.journalducameroun.com\/ouverture-a-abidjan-du-bureau-de-la-poste-du-futur-a-luniversite-fhb\/\">Cliquez ici pour lire l&rsquo;article depuis sa source.<\/a><\/p>\n","protected":false},"excerpt":{"rendered":"<p>Publi\u00e9 le 20.05.2021 \u00e0 21h18 par APA News Le ministre ivoirien de l\u2019Economie num\u00e9rique, des t\u00e9l\u00e9communications et de l\u2019innovation, Roger Adom, a proc\u00e9d\u00e9 jeudi \u00e0 l\u2019ouverture du \u00ab\u00a0Bureau de la poste du futur\u00a0\u00bb au sein de l\u2019universit\u00e9 F\u00e9lix Houphou\u00ebt-Boigny (publique), en pr\u00e9sence du vice-directeur de l\u2019Union postale universelle (UPU), Pascal Clivaz. \u00ab\u00a0Le Bureau de poste [&hellip;]<\/p>\n","protected":false},"author":1965,"featured_media":0,"comment_status":"closed","ping_status":"closed","sticky":false,"template":"","format":"standard","meta":{"fifu_image_url":"","fifu_image_alt":"","footnotes":""},"categories":[73,82],"tags":[],"class_list":["post-117122","post","type-post","status-publish","format-standard","hentry","category-actualite","category-cameroun"],"_links":{"self":[{"href":"https:\/\/linitiative.ca\/International\/wp-json\/wp\/v2\/posts\/117122","targetHints":{"allow":["GET"]}}],"collection":[{"href":"https:\/\/linitiative.ca\/International\/wp-json\/wp\/v2\/posts"}],"about":[{"href":"https:\/\/linitiative.ca\/International\/wp-json\/wp\/v2\/types\/post"}],"author":[{"embeddable":true,"href":"https:\/\/linitiative.ca\/International\/wp-json\/wp\/v2\/users\/1965"}],"replies":[{"embeddable":true,"href":"https:\/\/linitiative.ca\/International\/wp-json\/wp\/v2\/comments?post=117122"}],"version-history":[{"count":0,"href":"https:\/\/linitiative.ca\/International\/wp-json\/wp\/v2\/posts\/117122\/revisions"}],"wp:attachment":[{"href":"https:\/\/linitiative.ca\/International\/wp-json\/wp\/v2\/media?parent=117122"}],"wp:term":[{"taxonomy":"category","embeddable":true,"href":"https:\/\/linitiative.ca\/International\/wp-json\/wp\/v2\/categories?post=117122"},{"taxonomy":"post_tag","embeddable":true,"href":"https:\/\/linitiative.ca\/International\/wp-json\/wp\/v2\/tags?post=117122"}],"curies":[{"name":"wp","href":"https:\/\/api.w.org\/{rel}","templated":true}]}}