{"id":117124,"date":"2021-05-20T10:42:04","date_gmt":"2021-05-20T14:42:04","guid":{"rendered":"https:\/\/linitiative.ca\/International\/la-centrale-hydroelectrique-de-mbakaou-carriere-recoit-2-conduites-forcees\/"},"modified":"2021-05-20T10:42:04","modified_gmt":"2021-05-20T14:42:04","slug":"la-centrale-hydroelectrique-de-mbakaou-carriere-recoit-2-conduites-forcees","status":"publish","type":"post","link":"https:\/\/linitiative.ca\/International\/la-centrale-hydroelectrique-de-mbakaou-carriere-recoit-2-conduites-forcees\/","title":{"rendered":"La centrale hydro\u00e9lectrique de Mbakaou Carri\u00e8re re\u00e7oit 2 conduites forc\u00e9es"},"content":{"rendered":"<p>Une nouvelle \u00e9tape a \u00e9t\u00e9 franchie dans le chantier de r\u00e9alisation de la petite centrale hydro\u00e9lectrique de Mbakaou Carri\u00e8re, petite localit\u00e9 de la R\u00e9gion de l\u2019Adamaoua. IED Invest, le d\u00e9veloppeur de projet sp\u00e9cialis\u00e9 dans les \u00e9nergies renouvelables et l\u2019\u00e9lectrification rurale, et IPP (Independant Power Producer), en partenariat avec le groupe IED ont proc\u00e9d\u00e9 \u00e0 l\u2019installation, ce 15 avril 2021, de deux conduites forc\u00e9es en PRFV (Polyester Renforc\u00e9 Fibres de Verre) de diam\u00e8tre nominal DN1700 (1.7 m\u00e8tre), reliant le bassin de mise en charge \u00e0 l\u2019entr\u00e9e des b\u00e2ches spirales des distributeurs des turbines Kaplan. La zone couverte par le projet s\u2019\u00e9tend du site de la carri\u00e8re de Mbakaou situ\u00e9 le long de la rivi\u00e8re Mbakaou en aval du barrage r\u00e9servoir de Mbakaou, jusqu\u2019\u00e0 la localit\u00e9 de de Tibati. R\u00e9alis\u00e9 en partenariat avec le Minist\u00e8re de l\u2019eau et de l\u2019\u00e9nergie du Cameroun (MINEE), l\u2019Agence d\u2019\u00c9lectrification Rurale (AER), l\u2019ARSEL (Agence de r\u00e9gulation du secteur de l\u2019\u00e9lectricit\u00e9), l\u2019entreprise ENEO S.A (Energy of Cameroon), le projet de Mbakaou carri\u00e8re vise \u00e0 assurer un service \u00e9lectrique durable \u00e0 moindre co\u00fbt aux populations de la zone couverte par l\u2019action, am\u00e9liorer la qualit\u00e9 de vie des populations et le d\u00e9veloppement des usages productifs, et d\u00e9montrer la capacit\u00e9 d\u2019op\u00e9rateurs priv\u00e9s \u00e0 s\u2019inscrire dans le cadre de la r\u00e9forme du sous-secteur de l\u2019\u00e9lectrification rurale au Cameroun par la r\u00e9alisation d\u2019un premier investissement priv\u00e9.<\/p>\n<p><strong>Lire aussi<\/strong> : <strong><a href=\"https:\/\/ecomatin.net\/eneo-globeleq-les-details-sur-la-cession-des-creancess-de-826-milliards-a-bgfi\/\">Eneo\/Globeleq : les d\u00e9tails sur la cession des cr\u00e9ances de 82,6 milliards \u00e0 BGFI<\/a><\/strong><\/p>\n<p>D\u2019apr\u00e8s les ing\u00e9nieurs d\u2019IED Invest, la petite centrale hydro\u00e9lectrique (PCH)de Mbakaou carri\u00e8re pr\u00e9sente des caract\u00e9ristiques portant sur une prise en rive droite \u00e0 l\u2019amont des chutes du Djerem, le transfert par canal ouvert et mise en charge dans deux conduites forc\u00e9es vers la centrale, hauteur de chute de 15 m et un d\u00e9bit nominal d\u2019\u00e9quipement de 13,1 m3\/s qui permettra d\u2019installer 2 groupes Kaplan de 740 kilowatt (soit 1,48 m\u00e9gawatts au total), l\u2019installation d\u2019une centrale et d\u2019un poste dans la partie nord de la carri\u00e8re, et le transit du d\u00e9bit restitu\u00e9 \u00e0 la rivi\u00e8re par l\u2019ancienne carri\u00e8re. Lanc\u00e9 en 2016, le PCH de Mbakaou carri\u00e8re sera dot\u00e9 d\u2019un d\u00e9bit garantie 100% du temps gr\u00e2ce au barrage de r\u00e9gulation de Mbakaou situ\u00e9 en amont de la prise et un facteur d\u2019utilisation de 95% (soit 5% pour maintenance pr\u00e9ventive et r\u00e9paration). Toujours d\u2019apr\u00e8s le d\u00e9veloppeur de ce projet, le productible sera dot\u00e9 d\u2019une capacit\u00e9 11,7 Gwh\/an. Ce nouveau r\u00e9seau \u00e9lectrique moyen reliera au total 8 localit\u00e9s : Tibati, Mbakaou, Naskoul, Makendao, Boninting, Liboum, Gantang, Combo, pour une population globale de 40.000 habitants.<\/p>\n<p><strong>Lire aussi<\/strong> : <strong><a href=\"https:\/\/ecomatin.net\/bgfi-bank-investit-200-milliards-de-fcfa-en-10-ans-au-cameroun\/\">Bgfi Bank investit 200 milliards de Fcfa en 10 ans au Cameroun<\/a><\/strong><\/p>\n<p>Au terme de la r\u00e9alisation du projet, les r\u00e9sultats escompt\u00e9s s\u2019articulent autour de la fourniture am\u00e9lior\u00e9e en qualit\u00e9 dans les deux localit\u00e9s d\u00e9j\u00e0 \u00e9lectrifi\u00e9s par Eneo par groupe Diesel et r\u00e9duction des co\u00fbts gr\u00e2ce \u00e0 l\u2019injection d\u2019\u00e9lectricit\u00e9 hydro\u00e9lectrique, l\u2019extension du service aux quartiers p\u00e9riph\u00e9riques et aux petites localit\u00e9s, la diffusion d\u2019\u00e9quipements efficaces et la promotion des usages de l\u2019\u00e9lectricit\u00e9 par les activit\u00e9s g\u00e9n\u00e9ratrices de revenus. Le PCH de Mbakaou b\u00e9n\u00e9ficie du financement de l\u2019Union Europ\u00e9enne \u00e0 travers la seconde Facilit\u00e9 \u00c9nergie ACP-UE, dans le cadre de l\u2019Initiative Europ\u00e9enne pour l\u2019\u00e9radication de la pauvret\u00e9 et le d\u00e9veloppement durable (EUEI), le Fonds fran\u00e7ais pour l\u2019environnement mondial (facilit\u00e9 Fisp de l\u2019Agence fran\u00e7aise de d\u00e9veloppement), et la BGFI banque. Co\u00fbt du projet: 3,6 milliards de FCFA. Premi\u00e8re petite centrale hydro\u00e9lectrique priv\u00e9e au Cameroun, Mbakaou carri\u00e8re a fait l\u2019objet de la signature d\u2019un contrat de rachat d\u2019\u00e9nergie par Eneo S.A aupr\u00e8s de IED Invest Cameroun, en 16 d\u00e9cembre 2016, avec r\u00e9trocession des ouvrages au titre des biens nouvellement conc\u00e9d\u00e9s. Les contrats de vente d\u2019\u00e9lectricit\u00e9 devront par ailleurs \u00eatre valid\u00e9 par l\u2019Arsel, puis suivra la mise en place d\u2019une soci\u00e9t\u00e9 de projet.<\/p>\n<p><strong>Lire aussi<\/strong> : <strong><a href=\"https:\/\/ecomatin.net\/production-delectricite-edc-garant-des-quatre-barrages-reservoirs-du-cameroun\/\">Production d\u2019\u00e9lectricit\u00e9 : EDC garant des quatre barrages r\u00e9servoirs du Cameroun<\/a><\/strong><\/p>\n<p>Auteur: Georges Semey<br \/>\n<a href=\"https:\/\/ecomatin.net\/la-centrale-hydroelectrique-de-mbakaou-carriere-recoit-2-conduites-forcees\/\">Cliquez ici pour lire l&rsquo;article depuis sa source.<\/a><\/p>\n","protected":false},"excerpt":{"rendered":"<p>Une nouvelle \u00e9tape a \u00e9t\u00e9 franchie dans le chantier de r\u00e9alisation de la petite centrale hydro\u00e9lectrique de Mbakaou Carri\u00e8re, petite localit\u00e9 de la R\u00e9gion de l\u2019Adamaoua. IED Invest, le d\u00e9veloppeur de projet sp\u00e9cialis\u00e9 dans les \u00e9nergies renouvelables et l\u2019\u00e9lectrification rurale, et IPP (Independant Power Producer), en partenariat avec le groupe IED ont proc\u00e9d\u00e9 \u00e0 l\u2019installation, [&hellip;]<\/p>\n","protected":false},"author":1969,"featured_media":0,"comment_status":"closed","ping_status":"closed","sticky":false,"template":"","format":"standard","meta":{"fifu_image_url":"","fifu_image_alt":"","footnotes":""},"categories":[82,78],"tags":[],"class_list":["post-117124","post","type-post","status-publish","format-standard","hentry","category-cameroun","category-economie"],"_links":{"self":[{"href":"https:\/\/linitiative.ca\/International\/wp-json\/wp\/v2\/posts\/117124","targetHints":{"allow":["GET"]}}],"collection":[{"href":"https:\/\/linitiative.ca\/International\/wp-json\/wp\/v2\/posts"}],"about":[{"href":"https:\/\/linitiative.ca\/International\/wp-json\/wp\/v2\/types\/post"}],"author":[{"embeddable":true,"href":"https:\/\/linitiative.ca\/International\/wp-json\/wp\/v2\/users\/1969"}],"replies":[{"embeddable":true,"href":"https:\/\/linitiative.ca\/International\/wp-json\/wp\/v2\/comments?post=117124"}],"version-history":[{"count":0,"href":"https:\/\/linitiative.ca\/International\/wp-json\/wp\/v2\/posts\/117124\/revisions"}],"wp:attachment":[{"href":"https:\/\/linitiative.ca\/International\/wp-json\/wp\/v2\/media?parent=117124"}],"wp:term":[{"taxonomy":"category","embeddable":true,"href":"https:\/\/linitiative.ca\/International\/wp-json\/wp\/v2\/categories?post=117124"},{"taxonomy":"post_tag","embeddable":true,"href":"https:\/\/linitiative.ca\/International\/wp-json\/wp\/v2\/tags?post=117124"}],"curies":[{"name":"wp","href":"https:\/\/api.w.org\/{rel}","templated":true}]}}