{"id":117126,"date":"2021-05-20T15:05:19","date_gmt":"2021-05-20T19:05:19","guid":{"rendered":"https:\/\/linitiative.ca\/International\/gestion-des-fonds-covid-19-ce-que-la-chambre-des-comptes-reproche-au-minsante-et-au-minresi\/"},"modified":"2021-05-20T15:05:19","modified_gmt":"2021-05-20T19:05:19","slug":"gestion-des-fonds-covid-19-ce-que-la-chambre-des-comptes-reproche-au-minsante-et-au-minresi","status":"publish","type":"post","link":"https:\/\/linitiative.ca\/International\/gestion-des-fonds-covid-19-ce-que-la-chambre-des-comptes-reproche-au-minsante-et-au-minresi\/","title":{"rendered":"Gestion des fonds covid-19 : ce que la chambre des comptes reproche au Minsant\u00e9 et au Minresi"},"content":{"rendered":"<p>La Chambre des comptes vient de rendre sa copie sur\u00a0\u00a0le \u00ab\u00a0Premier rapport d\u2019audit sur l\u2019utilisation des ressources du Fonds sp\u00e9ciale de solidarit\u00e9 nationale pour la lutte contre le coronavirus\u00a0\u00bb. Deux administrations sont mises sous les feux des projecteurs. \u00ab\u00a0la juridiction a proc\u00e9d\u00e9 \u00e0 l\u2019identification des b\u00e9n\u00e9ficiaires de ce fonds en privil\u00e9giant dans ce premier audit celles ayant jou\u00e9 un r\u00f4le central dans le plan de riposte contre la pand\u00e9mie de Covid-19 et pour lesquelles des cr\u00e9dits budg\u00e9taires significatifs ont \u00e9t\u00e9 consomm\u00e9s\u00a0; c\u2019est ce qui justifie l\u2019audit des programmes 971 \u00ab\u00a0Renforcement du syst\u00e8me sanitaire\u00a0\u00bb du ministre de la Sant\u00e9 publique (Minsant\u00e9 et 973\u00a0\u00ab\u00a0Renforcement de la recherche et de l\u2019innovation\u00a0\u00bbdu minist\u00e8re de la Recherche scientifique et de l\u2019innovation (Minresi)\u00a0\u00bb, note le document. Pour ces deux d\u00e9partements minist\u00e9riels r\u00e9unis, 22 activit\u00e9s ont \u00e9t\u00e9 mises en \u0153uvre. Soit 18 activit\u00e9s sur 19 au Minsant\u00e9 et 4 sur 7 au Minresi.<\/p>\n<p><strong>Lire aussi<\/strong> : <strong><a href=\"https:\/\/ecomatin.net\/gouvernance-une-enquete-judiciaire-contre-les-gestionnaires-indelicats-des-fonds-covid\/\">Gouvernance : une enqu\u00eate judiciaire contre les gestionnaires ind\u00e9licats des fonds Covid<\/a><\/strong><\/p>\n<p>Pour le cas du Minsant\u00e9, des griefs ont \u00e9t\u00e9 remarqu\u00e9 dans l\u2019attribution des march\u00e9s sp\u00e9ciaux et lettres commandes sp\u00e9ciales\u00a0: \u00ab\u00a0les conditions dans lesquelles les march\u00e9s sp\u00e9ciaux leur ont \u00e9t\u00e9 attribu\u00e9s sont rest\u00e9s inconnus de la Chambre des comptes, ce qui traduit une certaine opacit\u00e9 dans l\u2019attribution de ces march\u00e9s t lettre commande sp\u00e9ciales, laquelle a affect\u00e9 la plupart des contrats\u00a0\u00bb. Sur les 14 activit\u00e9s li\u00e9es \u00e0 l\u2019attribution des march\u00e9s sp\u00e9ciaux, l\u2019on peut noter\u00a0: l\u2019acquisition des \u00e9quipements m\u00e9dicaux de prise en charge des patients atteints de Covid-19, qui a b\u00e9n\u00e9fici\u00e9 d\u2019une enveloppe de 6,284 milliards de Fcfa, mais dispose d\u2019engagements de 11,154 milliards soit un d\u00e9passement de 4,870 milliards. Selon la Chambre des comptes, le suivi de cette activit\u00e9 a \u00e9t\u00e9 marqu\u00e9 des irr\u00e9gularit\u00e9s dans l\u2019attribution des march\u00e9s sp\u00e9ciaux, la fourniture d\u2019\u00e9quipements de prise en charge par des prestataires non pr\u00e9-qualifi\u00e9s dans la d\u00e9cision du 29 mai du Minsant\u00e9 et bien d\u2019autres.<\/p>\n<p><strong>Lire aussi<\/strong> : <strong><a href=\"https:\/\/ecomatin.net\/le-consupe-va-auditer-la-gestion-des-180-milliards-du-fonds-special-covid-19\/\">Le Consupe va auditer la gestion des 180 milliards du Fonds sp\u00e9cial Covid-19<\/a><\/strong><\/p>\n<p>Du c\u00f4t\u00e9 du Minresi, la production de la chloroquine et de l\u2019azithromycine pose un r\u00e9el probl\u00e8me. Cette activit\u00e9 ayant b\u00e9n\u00e9fici\u00e9 d\u2019un budget de 4,054 milliards, n\u2019a \u00e9t\u00e9 utilis\u00e9 qu\u2019\u00e0 hauteur de 657,088 milliards de Fcfa, par l\u2019Institut de recherche m\u00e9dicales et d\u2019\u00e9tudes des plantes m\u00e9dicinales (Impm), pour a fabrication de 5 millions de comprim\u00e9s d\u2019hydroxychloroquine et 5 millions de comprim\u00e9s d\u2019azithromycine. La Chambre des comptes fait savoir alors qu\u2019\u00a0\u00ab\u00a0en r\u00e9alit\u00e9, l\u2019Impm n\u2019a pas lanc\u00e9 de fabrication locale mais a plut\u00f4t proc\u00e9d\u00e9 \u00e0 l\u2019acquisition en Inde de 5 millions de comprim\u00e9s d\u2019hydroxychloroquine, 500\u00a0000 comprim\u00e9s d\u2019azithromycine et 300kgs d\u2019intrants azithromycine, livr\u00e9 le 29 juillet 2020\u00bb. Chose qui est consid\u00e9r\u00e9e contraire \u00e0 la r\u00e9glementation en vigueur, car l\u2019acquisition des m\u00e9dicaments revient \u00e0 la Centrale nationale d\u2019approvisionnement en m\u00e9dicaments et consommables essentiels (Cename).<\/p>\n<p><strong>Lire aussi<\/strong> : <strong><a href=\"https:\/\/ecomatin.net\/fonds-de-solidarite-national-un-lapsus-a-200-millions-de-f\/\">Fonds de solidarit\u00e9 nationale: un lapsus \u00e0 200 millions de F<\/a><\/strong><\/p>\n<p>Dans le cadre de cet audit, la Chambre des comptes recommande l\u2019ouverture de 10 proc\u00e9dures concernant des faits susceptibles de constituer des infractions\u00a0\u00a0\u00e0 la loi p\u00e9nale. Rappelons que cet \u2019audit de la chambre des comptes est le premier d\u2019une longue liste. \u00ab\u00a0Les travaux de la Chambre des comptes sur le plan de la riposte gouvernementale va se poursuivre en 2021 et 2022 et feront l\u2019objet de plusieurs rapports, afin de tenir compte du calendrier de la mise en \u0153uvre des activit\u00e9s, plus au moins diff\u00e9r\u00e9s dans le temps selon les administrations\u00a0\u00bb, note le rapport.<\/p>\n<p>Auteur: Cindy MBALA<br \/>\n<a href=\"https:\/\/ecomatin.net\/gestion-des-fonds-covid-19-ce-quee-la-chambre-des-comptes-reproche-au-minsante-et-au-minresi\/\">Cliquez ici pour lire l&rsquo;article depuis sa source.<\/a><\/p>\n","protected":false},"excerpt":{"rendered":"<p>La Chambre des comptes vient de rendre sa copie sur\u00a0\u00a0le \u00ab\u00a0Premier rapport d\u2019audit sur l\u2019utilisation des ressources du Fonds sp\u00e9ciale de solidarit\u00e9 nationale pour la lutte contre le coronavirus\u00a0\u00bb. Deux administrations sont mises sous les feux des projecteurs. \u00ab\u00a0la juridiction a proc\u00e9d\u00e9 \u00e0 l\u2019identification des b\u00e9n\u00e9ficiaires de ce fonds en privil\u00e9giant dans ce premier audit [&hellip;]<\/p>\n","protected":false},"author":1969,"featured_media":0,"comment_status":"closed","ping_status":"closed","sticky":false,"template":"","format":"standard","meta":{"fifu_image_url":"","fifu_image_alt":"","footnotes":""},"categories":[82,78],"tags":[],"class_list":["post-117126","post","type-post","status-publish","format-standard","hentry","category-cameroun","category-economie"],"_links":{"self":[{"href":"https:\/\/linitiative.ca\/International\/wp-json\/wp\/v2\/posts\/117126","targetHints":{"allow":["GET"]}}],"collection":[{"href":"https:\/\/linitiative.ca\/International\/wp-json\/wp\/v2\/posts"}],"about":[{"href":"https:\/\/linitiative.ca\/International\/wp-json\/wp\/v2\/types\/post"}],"author":[{"embeddable":true,"href":"https:\/\/linitiative.ca\/International\/wp-json\/wp\/v2\/users\/1969"}],"replies":[{"embeddable":true,"href":"https:\/\/linitiative.ca\/International\/wp-json\/wp\/v2\/comments?post=117126"}],"version-history":[{"count":0,"href":"https:\/\/linitiative.ca\/International\/wp-json\/wp\/v2\/posts\/117126\/revisions"}],"wp:attachment":[{"href":"https:\/\/linitiative.ca\/International\/wp-json\/wp\/v2\/media?parent=117126"}],"wp:term":[{"taxonomy":"category","embeddable":true,"href":"https:\/\/linitiative.ca\/International\/wp-json\/wp\/v2\/categories?post=117126"},{"taxonomy":"post_tag","embeddable":true,"href":"https:\/\/linitiative.ca\/International\/wp-json\/wp\/v2\/tags?post=117126"}],"curies":[{"name":"wp","href":"https:\/\/api.w.org\/{rel}","templated":true}]}}