{"id":117127,"date":"2021-05-21T09:00:59","date_gmt":"2021-05-21T13:00:59","guid":{"rendered":"https:\/\/linitiative.ca\/International\/formation-professionnelle-guelmim-soffre-sa-cmc-pour-75-millions-dh\/"},"modified":"2021-05-21T09:00:59","modified_gmt":"2021-05-21T13:00:59","slug":"formation-professionnelle-guelmim-soffre-sa-cmc-pour-75-millions-dh","status":"publish","type":"post","link":"https:\/\/linitiative.ca\/International\/formation-professionnelle-guelmim-soffre-sa-cmc-pour-75-millions-dh\/","title":{"rendered":"Formation professionnelle : Guelmim s\u2019offre sa CMC pour 75 millions DH"},"content":{"rendered":"<figure class=\"post-thumbnail\" itemprop=\"associatedMedia\" itemscope=\"itemscope\" itemtype=\"http:\/\/schema.org\/ImageObject\"><img decoding=\"async\" class=\"post_layout_5_img\" src=\"http:\/\/aujourdhui.ma\/wp-content\/uploads\/2016\/02\/guelmim-2900-2014-01-10-8.jpg\" alt=\"Formation professionnelle : Guelmim s\u2019offre sa CMC pour 75 millions DH\"\/><\/figure>\n<p><span class=\"c7\"><strong>L\u2019Office de la formation professionnelle et de la promotion du travail (OFPPT) lance le projet de construction de la Cit\u00e9 des m\u00e9tiers et des comp\u00e9tences (CMC) d\u00e9di\u00e9e \u00e0 la r\u00e9gion de Guelmim-Oued Noun pour un montant total de 75 millions DH.<\/strong><\/span><br \/><span id=\"more-376983\"\/><\/p>\n<p>Apr\u00e8s La\u00e2youne et Dakhla c\u2019est au tour de la ville de Guelmim de se doter de sa propre CMC et qui a fait l\u2019objet d\u2019un appel d\u2019offres lanc\u00e9 par l\u2019OFPPT en tant que ma\u00eetre d\u2019ouvrage pour la r\u00e9alisation des travaux de construction de ladite Cit\u00e9.<br \/>Ce projet, qui s\u2019inscrit dans le cadre de la mise en \u0153uvre de la nouvelle feuille de route pour le d\u00e9veloppement du secteur de la formation professionnelle, comprend quatre p\u00f4les : l\u2019agriculture, le num\u00e9rique, la p\u00eache et le secteur du BTP. Cette structure qui ouvrira ses portes en 2023 va offrir 1.000 places p\u00e9dagogiques. S\u2019\u00e9tendant sur une superficie de 4 hectares, la Cit\u00e9 assurera une offre de formation diversifi\u00e9e avec 29 fili\u00e8res, dont 40% pour l\u2019agriculture, 28% pour le num\u00e9rique, 16% pour la p\u00eache maritime, tandis que le reste sera allou\u00e9 au p\u00f4le BTP.<\/p>\n<p>L\u2019offre de formation de cette CMC visera \u00e0 renforcer les comp\u00e9tences m\u00e9tiers, linguistiques et soft skills des apprenants. Les infrastructures de la Cit\u00e9 seront con\u00e7ues de mani\u00e8re \u00e0 favoriser la convergence de ces objectifs, en permettant d\u2019allier l\u2019apprentissage du m\u00e9tier au d\u00e9veloppement du savoir \u00eatre et soft skills des stagiaires. Et ce \u00e0 travers des espaces communs et des p\u00f4les sectoriels sp\u00e9cifiques aux m\u00e9tiers compos\u00e9s de salles de cours et salles multim\u00e9dias d\u00e9di\u00e9es aux logiciels m\u00e9tiers, ateliers et laboratoires techniques sp\u00e9cifiques d\u00e9di\u00e9s aux travaux pratiques, plates-formes d\u2019application adapt\u00e9es \u00e0 chacun des secteurs, permettant la mise en situation r\u00e9elle et la simulation des situations complexes dans la formation, ferme p\u00e9dagogique pour l\u2019agriculture, et maison intelligente pour BTP.<br \/>En effet, la CMC de Guelmim s\u2019inscrira dans un esprit de nouvelle g\u00e9n\u00e9ration et sera une vitrine du nouveau standard des \u00e9tablissements de formation \u00e0 travers une identit\u00e9 visuelle remarquable du projet, une conception rapprochant les espaces de formation et de la r\u00e9alit\u00e9 de l\u2019entreprise, des infrastructures catalysant l\u2019acte d\u2019apprentissage et stimulant un cadre de vie favorisant la cr\u00e9ativit\u00e9, l\u2019ouverture et la lib\u00e9ration des \u00e9nergies des utilisateurs et enfin un espace \u00e9volutif capable de s\u2019adapter \u00e0 l\u2019\u00e9volution des besoins en formation.<\/p>\n<p>Pens\u00e9 pour r\u00e9unir toutes les conditions n\u00e9cessaires \u00e0 une formation professionnelle de qualit\u00e9 et r\u00e9pondant aux besoins r\u00e9els du march\u00e9 de l\u2019emploi, le concept de la CMC repose sur trois piliers fondamentaux, \u00e0 savoir une offre de formation actualis\u00e9e, des espaces p\u00e9dagogiques modernes et un capital humain valoris\u00e9.<br \/>Ces trois piliers sont support\u00e9s par le socle de la nouvelle gouvernance d\u00e9finie pour la CMC en soci\u00e9t\u00e9 de gestion (S.A.), permettant un rapprochement effectif entre l\u2019OFPPT, l\u2019entreprise et la r\u00e9gion et conf\u00e9rant \u00e0 la Cit\u00e9 l\u2019agilit\u00e9 et la souplesse de gestion n\u00e9cessaires pour s\u2019adapter dans la dur\u00e9e aux besoins d\u2019un march\u00e9 en perp\u00e9tuelle \u00e9volution.<\/p>\n<p>Auteur: Mohamed Laabid<br \/>\n<a href=\"https:\/\/aujourdhui.ma\/emploi\/formation\/formation-professionnelle-guelmim-soffre-sa-cmc-pour-75-millions-dh\">Cliquez ici pour lire l&rsquo;article depuis sa source.<\/a><\/p>\n","protected":false},"excerpt":{"rendered":"<p>L\u2019Office de la formation professionnelle et de la promotion du travail (OFPPT) lance le projet de construction de la Cit\u00e9 des m\u00e9tiers et des comp\u00e9tences (CMC) d\u00e9di\u00e9e \u00e0 la r\u00e9gion de Guelmim-Oued Noun pour un montant total de 75 millions DH. Apr\u00e8s La\u00e2youne et Dakhla c\u2019est au tour de la ville de Guelmim de se [&hellip;]<\/p>\n","protected":false},"author":1759,"featured_media":0,"comment_status":"closed","ping_status":"closed","sticky":false,"template":"","format":"standard","meta":{"fifu_image_url":"http:\/\/aujourdhui.ma\/wp-content\/uploads\/2016\/02\/guelmim-2900-2014-01-10-8.jpg","fifu_image_alt":"Formation professionnelle : Guelmim s\u2019offre sa CMC pour 75 millions DH","footnotes":""},"categories":[73,54],"tags":[],"class_list":["post-117127","post","type-post","status-publish","format-standard","hentry","category-actualite","category-maroc"],"_links":{"self":[{"href":"https:\/\/linitiative.ca\/International\/wp-json\/wp\/v2\/posts\/117127","targetHints":{"allow":["GET"]}}],"collection":[{"href":"https:\/\/linitiative.ca\/International\/wp-json\/wp\/v2\/posts"}],"about":[{"href":"https:\/\/linitiative.ca\/International\/wp-json\/wp\/v2\/types\/post"}],"author":[{"embeddable":true,"href":"https:\/\/linitiative.ca\/International\/wp-json\/wp\/v2\/users\/1759"}],"replies":[{"embeddable":true,"href":"https:\/\/linitiative.ca\/International\/wp-json\/wp\/v2\/comments?post=117127"}],"version-history":[{"count":0,"href":"https:\/\/linitiative.ca\/International\/wp-json\/wp\/v2\/posts\/117127\/revisions"}],"wp:attachment":[{"href":"https:\/\/linitiative.ca\/International\/wp-json\/wp\/v2\/media?parent=117127"}],"wp:term":[{"taxonomy":"category","embeddable":true,"href":"https:\/\/linitiative.ca\/International\/wp-json\/wp\/v2\/categories?post=117127"},{"taxonomy":"post_tag","embeddable":true,"href":"https:\/\/linitiative.ca\/International\/wp-json\/wp\/v2\/tags?post=117127"}],"curies":[{"name":"wp","href":"https:\/\/api.w.org\/{rel}","templated":true}]}}