{"id":117128,"date":"2021-05-21T09:04:24","date_gmt":"2021-05-21T13:04:24","guid":{"rendered":"https:\/\/linitiative.ca\/International\/la-presidente-de-la-berd-en-visite-virtuelle-au-maroc\/"},"modified":"2021-05-21T09:04:24","modified_gmt":"2021-05-21T13:04:24","slug":"la-presidente-de-la-berd-en-visite-virtuelle-au-maroc","status":"publish","type":"post","link":"https:\/\/linitiative.ca\/International\/la-presidente-de-la-berd-en-visite-virtuelle-au-maroc\/","title":{"rendered":"La pr\u00e9sidente de la BERD en visite virtuelle au Maroc"},"content":{"rendered":"<figure class=\"post-thumbnail\" itemprop=\"associatedMedia\" itemscope=\"itemscope\" itemtype=\"http:\/\/schema.org\/ImageObject\"><img decoding=\"async\" class=\"post_layout_5_img\" src=\"http:\/\/aujourdhui.ma\/wp-content\/uploads\/2021\/05\/Odile-Renaud-Basso-BERD.jpg\" alt=\"La pr\u00e9sidente de la BERD en visite virtuelle au Maroc\"\/><\/figure>\n<p><span class=\"c7\"><strong>Odile Renaud-Basso tient sa premi\u00e8re visite officielle au Maroc.<\/strong><\/span> <span id=\"more-376998\"\/><\/p>\n<p>Pr\u00e9vue les 24 et 25 mai en mode virtuelle, cette rencontre sera une occasion pour la nouvelle pr\u00e9sidente de la BERD de s\u2019entretenir avec les repr\u00e9sentants du gouvernement, du secteur priv\u00e9 et de la soci\u00e9t\u00e9 civile. \u00ab La BERD s\u2019est engag\u00e9e \u00e0 soutenir la reprise \u00e9conomique au Maroc, l\u2019int\u00e9gration r\u00e9gionale ainsi que le potentiel d\u2019une \u00e9conomie verte, et \u00e0 promouvoir l\u2019\u00e9galit\u00e9 des chances, en particulier pour rem\u00e9dier aux probl\u00e8mes de genre et du ch\u00f4mage des jeunes. En 2020, la Banque a intensifi\u00e9 son engagement dans le pays, ce qui s\u2019est concr\u00e9tis\u00e9 par une ann\u00e9e record en termes d\u2019investissements, ceux-ci ayant atteint 750 millions d\u2019euros \u00bb, souligne Mme Renaud Bassa en perspectives de ces r\u00e9unions. Et de poursuivre que la BERD souhaite vivement continuer de renforcer notre partenariat dans le cadre d\u2019une nouvelle strat\u00e9gie pays, qui sera pr\u00e9par\u00e9e dans le courant de l\u2019ann\u00e9e et compl\u00e8tera le plan de reprise \u00e9conomique post-COVID 19, tout en tenant compte du nouveau mod\u00e8le de d\u00e9veloppement \u00e9conomique auquel \u0153uvre actuellement le Maroc \u00bb.<\/p>\n<p>Au programme de la Pr\u00e9sidente figurent des r\u00e9unions avec Saad Eddine El-Othmani, Chef du gouvernement, Mohamed Benchaaboun, Ministre de l\u2019\u00c9conomie, des Finances et de la R\u00e9forme administrative et Gouverneur de la BERD, ainsi que Nasser Bourita, Ministre des Affaires \u00e9trang\u00e8res, de la Coop\u00e9ration africaine et des Marocains r\u00e9sidant \u00e0 l\u2019\u00e9tranger, Aziz Akhannouch, Ministre de l\u2019Agriculture, de la P\u00eache maritime, du D\u00e9veloppement rural et des Eaux et des For\u00eats, Moulay Hafid Elalamy, Ministre de l\u2019Industrie, du Commerce et de l\u2019\u00c9conomie verte et num\u00e9rique, et Abdellatif Jouahri, Gouverneur de la Banque centrale du Maroc.<\/p>\n<p>Les entretiens seront ax\u00e9s sur la reprise post-COVID 19 et les investissements de la BERD destin\u00e9s \u00e0 soutenir les secteurs les plus s\u00e9v\u00e8rement touch\u00e9s dans le pays, son \u00e9conomie et sa soci\u00e9t\u00e9, afin de reconstruire en mieux au fil des ann\u00e9es \u00e0 venir.Rappelons que le Maroc, membre fondateur de la BERD, est devenu un pays d\u2019op\u00e9rations en 2012. \u00c0 ce jour, la Banque a investi plus de 3 milliards d\u2019euros au Maroc, r\u00e9partis sur 73 projets, et elle y a trois bureaux locaux : \u00e0 Casablanca, \u00e0 Tanger et \u00e0 Agadir.<\/p>\n<p>Auteur: ALM<br \/>\n<a href=\"https:\/\/aujourdhui.ma\/economie\/la-presidente-de-la-berd-en-visite-virtuelle-au-maroc\">Cliquez ici pour lire l&rsquo;article depuis sa source.<\/a><\/p>\n","protected":false},"excerpt":{"rendered":"<p>Odile Renaud-Basso tient sa premi\u00e8re visite officielle au Maroc. Pr\u00e9vue les 24 et 25 mai en mode virtuelle, cette rencontre sera une occasion pour la nouvelle pr\u00e9sidente de la BERD de s\u2019entretenir avec les repr\u00e9sentants du gouvernement, du secteur priv\u00e9 et de la soci\u00e9t\u00e9 civile. \u00ab La BERD s\u2019est engag\u00e9e \u00e0 soutenir la reprise \u00e9conomique [&hellip;]<\/p>\n","protected":false},"author":1759,"featured_media":0,"comment_status":"closed","ping_status":"closed","sticky":false,"template":"","format":"standard","meta":{"fifu_image_url":"http:\/\/aujourdhui.ma\/wp-content\/uploads\/2021\/05\/Odile-Renaud-Basso-BERD.jpg","fifu_image_alt":"La pr\u00e9sidente de la BERD en visite virtuelle au Maroc","footnotes":""},"categories":[73,54],"tags":[],"class_list":["post-117128","post","type-post","status-publish","format-standard","hentry","category-actualite","category-maroc"],"_links":{"self":[{"href":"https:\/\/linitiative.ca\/International\/wp-json\/wp\/v2\/posts\/117128","targetHints":{"allow":["GET"]}}],"collection":[{"href":"https:\/\/linitiative.ca\/International\/wp-json\/wp\/v2\/posts"}],"about":[{"href":"https:\/\/linitiative.ca\/International\/wp-json\/wp\/v2\/types\/post"}],"author":[{"embeddable":true,"href":"https:\/\/linitiative.ca\/International\/wp-json\/wp\/v2\/users\/1759"}],"replies":[{"embeddable":true,"href":"https:\/\/linitiative.ca\/International\/wp-json\/wp\/v2\/comments?post=117128"}],"version-history":[{"count":0,"href":"https:\/\/linitiative.ca\/International\/wp-json\/wp\/v2\/posts\/117128\/revisions"}],"wp:attachment":[{"href":"https:\/\/linitiative.ca\/International\/wp-json\/wp\/v2\/media?parent=117128"}],"wp:term":[{"taxonomy":"category","embeddable":true,"href":"https:\/\/linitiative.ca\/International\/wp-json\/wp\/v2\/categories?post=117128"},{"taxonomy":"post_tag","embeddable":true,"href":"https:\/\/linitiative.ca\/International\/wp-json\/wp\/v2\/tags?post=117128"}],"curies":[{"name":"wp","href":"https:\/\/api.w.org\/{rel}","templated":true}]}}