{"id":117129,"date":"2021-05-21T09:30:57","date_gmt":"2021-05-21T13:30:57","guid":{"rendered":"https:\/\/linitiative.ca\/International\/lofppt-et-lum6p-lancent-le-programme-dinnovation-entrepreneuriale\/"},"modified":"2021-05-21T09:30:57","modified_gmt":"2021-05-21T13:30:57","slug":"lofppt-et-lum6p-lancent-le-programme-dinnovation-entrepreneuriale","status":"publish","type":"post","link":"https:\/\/linitiative.ca\/International\/lofppt-et-lum6p-lancent-le-programme-dinnovation-entrepreneuriale\/","title":{"rendered":"L\u2019OFPPT et l\u2019UM6P lancent le programme d\u2019innovation entrepreneuriale"},"content":{"rendered":"<figure class=\"post-thumbnail\" itemprop=\"associatedMedia\" itemscope=\"itemscope\" itemtype=\"http:\/\/schema.org\/ImageObject\"><img decoding=\"async\" class=\"post_layout_5_img\" src=\"http:\/\/aujourdhui.ma\/wp-content\/uploads\/2017\/05\/ofppt-maroc.jpg\" alt=\"L\u2019OFPPT et l\u2019UM6P lancent le programme d\u2019innovation entrepreneuriale\"\/><\/figure>\n<p><span class=\"c7\"><strong>Pour d\u00e9velopper l\u2019esprit entrepreneurial chez les jeunes<\/strong><\/span> <span id=\"more-376982\"\/><\/p>\n<p>Dans le cadre de la nouvelle feuille de route relative au d\u00e9veloppement de la formation professionnelle et \u00e0 la cr\u00e9ation des Cit\u00e9s des m\u00e9tiers et des comp\u00e9tences dans chaque r\u00e9gion du Royaume, l\u2019Office de la formation professionnelle et de la promotion du travail (OFPPT) et l\u2019Universit\u00e9 Mohammed VI Polytechnique (UM6P) s\u2019associent et lancent le Programme d\u2019innovation entrepreneuriale (P.I.E).<\/p>\n<p>Il s\u2019agit d\u2019un programme \u00e9ducatif innovant qui vise \u00e0 mettre en avant une nouvelle approche de formation et d\u2019accompagnement \u00e0 l\u2019entrepreneuriat. \u00abCe programme vise principalement \u00e0 sensibiliser les stagiaires sur l\u2019importance de l\u2019entrepreneuriat, en tant que comp\u00e9tence essentielle pour les jeunes, \u00e0 les faire prendre conscience qu\u2019ils sont acteurs de leur propre avenir et que de multiples opportunit\u00e9s s\u2019offrent \u00e0 eux.<\/p>\n<p>Plus largement, le P.I.E vise \u00e9galement \u00e0 freiner les fausses croyances et st\u00e9r\u00e9otypes circulant sur l\u2019entrepreneuriat\u00bb, expliquent les initiateurs. Bas\u00e9 sur l\u2019apprentissage par exp\u00e9rimentation, lors de son parcours, l\u2019\u00e9l\u00e8ve stagiaire sera amen\u00e9 \u00e0 \u00e9laborer un plan d\u2019affaires, g\u00e9rer son projet, rechercher des clients, d\u00e9velopper de nouveaux produits et faire du marketing strat\u00e9gique. \u00abLes \u00e9l\u00e8ves stagiaires peuvent choisir de se concentrer sur un secteur ou une technologie particuli\u00e8re\u00bb, a soulign\u00e9 \u00e0 ce sujet Lamya Housni, directrice du P.I.E, Innovation and Creativity Expert. Par ailleurs, le P.I.E est un ensemble de modules, s\u2019\u00e9talant sur 2 ans, livr\u00e9s par les formateurs de l\u2019OFPPT permettant aux stagiaires de suivre des formations et ateliers (en pr\u00e9sentiel et virtuel), de faire des rencontres avec des entrepreneurs et experts et de vivre des exp\u00e9riences d\u2019immersion, favorisant ainsi l\u2019esprit entrepreneurial chez les jeunes, et ce \u00e0 travers trois \u00e9tapes essentielles: \u00absensibilisation et acculturation\u00bb, \u00abapprofondissement des fondamentaux et outils\u00bb et \u00able studio d\u2019immersion et d\u2019exp\u00e9rimentation\u00bb. Ce programme sera lanc\u00e9, selon les initiateurs, dans un premier temps, dans des r\u00e9gions pilotes (Souss-Massa, l\u2019Oriental et La\u00e2youne-Sakia El Hamra) en 2021-2022 pour ensuite \u00eatre \u00e9largi \u00e0 toutes les r\u00e9gions.<\/p>\n<p>Dans ce sens, un appel \u00e0 participation a \u00e9t\u00e9 lanc\u00e9 pour inciter les enseignants de l\u2019OFPPT \u00e0 s\u2019inscrire dans des formations sur l\u2019entrepreneuriat afin de cumuler le savoir-faire n\u00e9cessaire pour assurer, \u00e0 leur tour, des ateliers et cours dans le cadre du P.I.E. \u00abA l\u2019issue de ces formations, un certificat sera d\u00e9livr\u00e9 \u00e0 tous les formateurs de l\u2019OFPPT\u00bb, conclut la m\u00eame source.<\/p>\n<p>Auteur: ALM<br \/>\n<a href=\"https:\/\/aujourdhui.ma\/emploi\/formation\/lofppt-et-lum6p-lancent-le-programme-dinnovation-entrepreneuriale\">Cliquez ici pour lire l&rsquo;article depuis sa source.<\/a><\/p>\n","protected":false},"excerpt":{"rendered":"<p>Pour d\u00e9velopper l\u2019esprit entrepreneurial chez les jeunes Dans le cadre de la nouvelle feuille de route relative au d\u00e9veloppement de la formation professionnelle et \u00e0 la cr\u00e9ation des Cit\u00e9s des m\u00e9tiers et des comp\u00e9tences dans chaque r\u00e9gion du Royaume, l\u2019Office de la formation professionnelle et de la promotion du travail (OFPPT) et l\u2019Universit\u00e9 Mohammed VI [&hellip;]<\/p>\n","protected":false},"author":1759,"featured_media":0,"comment_status":"closed","ping_status":"closed","sticky":false,"template":"","format":"standard","meta":{"fifu_image_url":"http:\/\/aujourdhui.ma\/wp-content\/uploads\/2017\/05\/ofppt-maroc.jpg","fifu_image_alt":"L\u2019OFPPT et l\u2019UM6P lancent le programme d\u2019innovation entrepreneuriale","footnotes":""},"categories":[73,54],"tags":[],"class_list":["post-117129","post","type-post","status-publish","format-standard","hentry","category-actualite","category-maroc"],"_links":{"self":[{"href":"https:\/\/linitiative.ca\/International\/wp-json\/wp\/v2\/posts\/117129","targetHints":{"allow":["GET"]}}],"collection":[{"href":"https:\/\/linitiative.ca\/International\/wp-json\/wp\/v2\/posts"}],"about":[{"href":"https:\/\/linitiative.ca\/International\/wp-json\/wp\/v2\/types\/post"}],"author":[{"embeddable":true,"href":"https:\/\/linitiative.ca\/International\/wp-json\/wp\/v2\/users\/1759"}],"replies":[{"embeddable":true,"href":"https:\/\/linitiative.ca\/International\/wp-json\/wp\/v2\/comments?post=117129"}],"version-history":[{"count":0,"href":"https:\/\/linitiative.ca\/International\/wp-json\/wp\/v2\/posts\/117129\/revisions"}],"wp:attachment":[{"href":"https:\/\/linitiative.ca\/International\/wp-json\/wp\/v2\/media?parent=117129"}],"wp:term":[{"taxonomy":"category","embeddable":true,"href":"https:\/\/linitiative.ca\/International\/wp-json\/wp\/v2\/categories?post=117129"},{"taxonomy":"post_tag","embeddable":true,"href":"https:\/\/linitiative.ca\/International\/wp-json\/wp\/v2\/tags?post=117129"}],"curies":[{"name":"wp","href":"https:\/\/api.w.org\/{rel}","templated":true}]}}