{"id":117130,"date":"2021-05-21T10:57:44","date_gmt":"2021-05-21T14:57:44","guid":{"rendered":"https:\/\/linitiative.ca\/International\/programme-tayssir-les-premiers-versements-a-partir-du-25-mai\/"},"modified":"2021-05-21T10:57:44","modified_gmt":"2021-05-21T14:57:44","slug":"programme-tayssir-les-premiers-versements-a-partir-du-25-mai","status":"publish","type":"post","link":"https:\/\/linitiative.ca\/International\/programme-tayssir-les-premiers-versements-a-partir-du-25-mai\/","title":{"rendered":"Programme Tayssir\u00a0: Les premiers versements \u00e0 partir du 25 mai"},"content":{"rendered":"<header>\n<\/header>\n<div class=\"entry-content clearfix\" readability=\"41\">\n<figure class=\"post-thumbnail\" itemprop=\"associatedMedia\" itemscope=\"itemscope\" itemtype=\"http:\/\/schema.org\/ImageObject\"><img decoding=\"async\" class=\"post_layout_5_img\" src=\"http:\/\/aujourdhui.ma\/wp-content\/uploads\/2020\/12\/programmeTayssir.jpg\" alt=\"Programme Tayssir\u00a0: Les premiers versements \u00e0 partir du 25 mai\"\/><\/figure>\n<p><span class=\"c7\"><strong>Les premiers transferts \u00a0dans le cadre du programme \u00ab\u00a0Tayssir\u00a0\u00bb de soutien financier au titre de la saison acad\u00e9mique\u00a0 2020-2021 \u00a0d\u00e9marreront \u00e0 partir de mardi prochain.<\/strong><\/span> <span id=\"more-377007\"\/><\/p>\n<p>Les d\u00e9caissements se feront aux familles b\u00e9n\u00e9ficiaires du 25 mai au 25 juin et ce au niveau des agences postales. Ces versements couvrent la premi\u00e8re phase du programme de septembre \u00e0 d\u00e9cembre 2020. Pour assurer un bon d\u00e9roulement de cette op\u00e9ration, les familles b\u00e9n\u00e9ficiaires sont appel\u00e9es \u00e0 contacter les \u00e9tablissements scolaires cibl\u00e9es en vue d\u2019obtenir le re\u00e7u sign\u00e9 par le directeur de l\u2019\u00e9tablissement\u00a0 dans lequel est mentionn\u00e9 la date et l\u2019agence postale, lieu du retrait. Lors du retrait, chaque famille b\u00e9n\u00e9ficiaire devra pr\u00e9senter \u00e0 la fois le re\u00e7u et la carte d\u2019identit\u00e9 nationale\u00a0 tout en respectant les mesures sanitaires en vigueur.<\/p>\n<\/div>\n<p>Auteur: ALM<br \/>\n<a href=\"https:\/\/aujourdhui.ma\/economie\/programme-tayssir-les-premiers-versements-a-partir-du-25-mai\">Cliquez ici pour lire l&rsquo;article depuis sa source.<\/a><\/p>\n","protected":false},"excerpt":{"rendered":"<p>Les premiers transferts \u00a0dans le cadre du programme \u00ab\u00a0Tayssir\u00a0\u00bb de soutien financier au titre de la saison acad\u00e9mique\u00a0 2020-2021 \u00a0d\u00e9marreront \u00e0 partir de mardi prochain. Les d\u00e9caissements se feront aux familles b\u00e9n\u00e9ficiaires du 25 mai au 25 juin et ce au niveau des agences postales. Ces versements couvrent la premi\u00e8re phase du programme de septembre [&hellip;]<\/p>\n","protected":false},"author":1759,"featured_media":0,"comment_status":"closed","ping_status":"closed","sticky":false,"template":"","format":"standard","meta":{"fifu_image_url":"http:\/\/aujourdhui.ma\/wp-content\/uploads\/2020\/12\/programmeTayssir.jpg","fifu_image_alt":"Programme Tayssir\u00a0: Les premiers versements \u00e0 partir du 25 mai","footnotes":""},"categories":[73,54],"tags":[],"class_list":["post-117130","post","type-post","status-publish","format-standard","hentry","category-actualite","category-maroc"],"_links":{"self":[{"href":"https:\/\/linitiative.ca\/International\/wp-json\/wp\/v2\/posts\/117130","targetHints":{"allow":["GET"]}}],"collection":[{"href":"https:\/\/linitiative.ca\/International\/wp-json\/wp\/v2\/posts"}],"about":[{"href":"https:\/\/linitiative.ca\/International\/wp-json\/wp\/v2\/types\/post"}],"author":[{"embeddable":true,"href":"https:\/\/linitiative.ca\/International\/wp-json\/wp\/v2\/users\/1759"}],"replies":[{"embeddable":true,"href":"https:\/\/linitiative.ca\/International\/wp-json\/wp\/v2\/comments?post=117130"}],"version-history":[{"count":0,"href":"https:\/\/linitiative.ca\/International\/wp-json\/wp\/v2\/posts\/117130\/revisions"}],"wp:attachment":[{"href":"https:\/\/linitiative.ca\/International\/wp-json\/wp\/v2\/media?parent=117130"}],"wp:term":[{"taxonomy":"category","embeddable":true,"href":"https:\/\/linitiative.ca\/International\/wp-json\/wp\/v2\/categories?post=117130"},{"taxonomy":"post_tag","embeddable":true,"href":"https:\/\/linitiative.ca\/International\/wp-json\/wp\/v2\/tags?post=117130"}],"curies":[{"name":"wp","href":"https:\/\/api.w.org\/{rel}","templated":true}]}}