{"id":117131,"date":"2021-05-21T11:23:54","date_gmt":"2021-05-21T15:23:54","guid":{"rendered":"https:\/\/linitiative.ca\/International\/la-situation-epidemiologique-au-21-mai-2021-a-16h00\/"},"modified":"2021-05-21T11:23:54","modified_gmt":"2021-05-21T15:23:54","slug":"la-situation-epidemiologique-au-21-mai-2021-a-16h00","status":"publish","type":"post","link":"https:\/\/linitiative.ca\/International\/la-situation-epidemiologique-au-21-mai-2021-a-16h00\/","title":{"rendered":"La situation \u00e9pid\u00e9miologique au 21 mai 2021 \u00e0 16H00"},"content":{"rendered":"<div>\n<p><img decoding=\"async\" width=\"300\" height=\"153\" src=\"https:\/\/aujourdhui.ma\/wp-content\/uploads\/2021\/03\/Femmes-Coronavirus-Covid-19-300x153.jpg\" class=\"attachment-medium size-medium wp-post-image\" alt=\"\" loading=\"lazy\" srcset=\"\/\/aujourdhui.ma\/wp-content\/uploads\/2021\/03\/Femmes-Coronavirus-Covid-19-300x153.jpg 300w, \/\/aujourdhui.ma\/wp-content\/uploads\/2021\/03\/Femmes-Coronavirus-Covid-19-274x140.jpg 274w, \/\/aujourdhui.ma\/wp-content\/uploads\/2021\/03\/Femmes-Coronavirus-Covid-19.jpg 746w, \/\/aujourdhui.ma\/wp-content\/uploads\/2021\/03\/Femmes-Coronavirus-Covid-19-165x84.jpg 165w, \/\/aujourdhui.ma\/wp-content\/uploads\/2021\/03\/Femmes-Coronavirus-Covid-19-702x358.jpg 702w\" sizes=\"auto, (max-width: 300px) 100vw, 300px\"><\/p>\n<p>358 nouveaux cas soit un cumul de 516.449 cas \u00e0 ce jour.<br \/>\n318 gu\u00e9risons soit un cumul de 504.757 \u00e0 ce jour.<br \/>\n6 nouveaux d\u00e9c\u00e8s donc un cumul de 9.115 \u00e0 ce jour.<span id=\"more-377012\"><\/span><\/p>\n<p><strong>Nombre de personnes vaccin\u00e9es au 21 mai 16H00<\/strong><br \/>\n1\u00e8re dose<br \/>\n7.467.468<br \/>\n2\u00e8me dose<br \/>\n4.817.830<\/p>\n<p><a href=\"https:\/\/aujourdhui.ma\/wp-content\/uploads\/2021\/05\/21.5.21.COVID-19_Page_1-scaled.jpg\"><img decoding=\"async\" loading=\"lazy\" class=\"alignnone size-full wp-image-377013\" src=\"https:\/\/aujourdhui.ma\/wp-content\/uploads\/2021\/05\/21.5.21.COVID-19_Page_1-scaled.jpg\" alt=\"\" width=\"1608\" height=\"2560\" srcset=\"\/\/aujourdhui.ma\/wp-content\/uploads\/2021\/05\/21.5.21.COVID-19_Page_1-scaled.jpg 1608w, \/\/aujourdhui.ma\/wp-content\/uploads\/2021\/05\/21.5.21.COVID-19_Page_1-188x300.jpg 188w, \/\/aujourdhui.ma\/wp-content\/uploads\/2021\/05\/21.5.21.COVID-19_Page_1-643x1024.jpg 643w, \/\/aujourdhui.ma\/wp-content\/uploads\/2021\/05\/21.5.21.COVID-19_Page_1-768x1222.jpg 768w, \/\/aujourdhui.ma\/wp-content\/uploads\/2021\/05\/21.5.21.COVID-19_Page_1-965x1536.jpg 965w, \/\/aujourdhui.ma\/wp-content\/uploads\/2021\/05\/21.5.21.COVID-19_Page_1-1287x2048.jpg 1287w\" sizes=\"auto, (max-width: 1608px) 100vw, 1608px\"><\/a> <a href=\"https:\/\/aujourdhui.ma\/wp-content\/uploads\/2021\/05\/21.5.21.COVID-19_Page_2-scaled.jpg\"><img decoding=\"async\" loading=\"lazy\" class=\"alignnone size-full wp-image-377014\" src=\"https:\/\/aujourdhui.ma\/wp-content\/uploads\/2021\/05\/21.5.21.COVID-19_Page_2-scaled.jpg\" alt=\"\" width=\"1608\" height=\"2560\" srcset=\"\/\/aujourdhui.ma\/wp-content\/uploads\/2021\/05\/21.5.21.COVID-19_Page_2-scaled.jpg 1608w, \/\/aujourdhui.ma\/wp-content\/uploads\/2021\/05\/21.5.21.COVID-19_Page_2-188x300.jpg 188w, \/\/aujourdhui.ma\/wp-content\/uploads\/2021\/05\/21.5.21.COVID-19_Page_2-643x1024.jpg 643w, \/\/aujourdhui.ma\/wp-content\/uploads\/2021\/05\/21.5.21.COVID-19_Page_2-768x1222.jpg 768w, \/\/aujourdhui.ma\/wp-content\/uploads\/2021\/05\/21.5.21.COVID-19_Page_2-965x1536.jpg 965w, \/\/aujourdhui.ma\/wp-content\/uploads\/2021\/05\/21.5.21.COVID-19_Page_2-1287x2048.jpg 1287w\" sizes=\"auto, (max-width: 1608px) 100vw, 1608px\"><\/a> <a href=\"https:\/\/aujourdhui.ma\/wp-content\/uploads\/2021\/05\/21.5.21.COVID-19_Page_3-scaled.jpg\"><img decoding=\"async\" loading=\"lazy\" class=\"alignnone size-full wp-image-377015\" src=\"https:\/\/aujourdhui.ma\/wp-content\/uploads\/2021\/05\/21.5.21.COVID-19_Page_3-scaled.jpg\" alt=\"\" width=\"1608\" height=\"2560\" srcset=\"\/\/aujourdhui.ma\/wp-content\/uploads\/2021\/05\/21.5.21.COVID-19_Page_3-scaled.jpg 1608w, \/\/aujourdhui.ma\/wp-content\/uploads\/2021\/05\/21.5.21.COVID-19_Page_3-188x300.jpg 188w, \/\/aujourdhui.ma\/wp-content\/uploads\/2021\/05\/21.5.21.COVID-19_Page_3-643x1024.jpg 643w, \/\/aujourdhui.ma\/wp-content\/uploads\/2021\/05\/21.5.21.COVID-19_Page_3-768x1222.jpg 768w, \/\/aujourdhui.ma\/wp-content\/uploads\/2021\/05\/21.5.21.COVID-19_Page_3-965x1536.jpg 965w, \/\/aujourdhui.ma\/wp-content\/uploads\/2021\/05\/21.5.21.COVID-19_Page_3-1287x2048.jpg 1287w\" sizes=\"auto, (max-width: 1608px) 100vw, 1608px\"><\/a> <a href=\"https:\/\/aujourdhui.ma\/wp-content\/uploads\/2021\/05\/21.5.21.COVID-19_Page_4-scaled.jpg\"><img decoding=\"async\" loading=\"lazy\" class=\"alignnone size-full wp-image-377016\" src=\"https:\/\/aujourdhui.ma\/wp-content\/uploads\/2021\/05\/21.5.21.COVID-19_Page_4-scaled.jpg\" alt=\"\" width=\"1608\" height=\"2560\" srcset=\"\/\/aujourdhui.ma\/wp-content\/uploads\/2021\/05\/21.5.21.COVID-19_Page_4-scaled.jpg 1608w, \/\/aujourdhui.ma\/wp-content\/uploads\/2021\/05\/21.5.21.COVID-19_Page_4-188x300.jpg 188w, \/\/aujourdhui.ma\/wp-content\/uploads\/2021\/05\/21.5.21.COVID-19_Page_4-643x1024.jpg 643w, \/\/aujourdhui.ma\/wp-content\/uploads\/2021\/05\/21.5.21.COVID-19_Page_4-768x1222.jpg 768w, \/\/aujourdhui.ma\/wp-content\/uploads\/2021\/05\/21.5.21.COVID-19_Page_4-965x1536.jpg 965w, \/\/aujourdhui.ma\/wp-content\/uploads\/2021\/05\/21.5.21.COVID-19_Page_4-1287x2048.jpg 1287w\" sizes=\"auto, (max-width: 1608px) 100vw, 1608px\"><\/a> <a href=\"https:\/\/aujourdhui.ma\/wp-content\/uploads\/2021\/05\/21.5.21.COVID-19_Page_5.jpg\"><img decoding=\"async\" loading=\"lazy\" class=\"alignnone size-full wp-image-377017\" src=\"https:\/\/aujourdhui.ma\/wp-content\/uploads\/2021\/05\/21.5.21.COVID-19_Page_5.jpg\" alt=\"\" width=\"2339\" height=\"1853\" srcset=\"\/\/aujourdhui.ma\/wp-content\/uploads\/2021\/05\/21.5.21.COVID-19_Page_5.jpg 2339w, \/\/aujourdhui.ma\/wp-content\/uploads\/2021\/05\/21.5.21.COVID-19_Page_5-300x238.jpg 300w, \/\/aujourdhui.ma\/wp-content\/uploads\/2021\/05\/21.5.21.COVID-19_Page_5-1024x811.jpg 1024w, \/\/aujourdhui.ma\/wp-content\/uploads\/2021\/05\/21.5.21.COVID-19_Page_5-768x608.jpg 768w, \/\/aujourdhui.ma\/wp-content\/uploads\/2021\/05\/21.5.21.COVID-19_Page_5-1536x1217.jpg 1536w, \/\/aujourdhui.ma\/wp-content\/uploads\/2021\/05\/21.5.21.COVID-19_Page_5-2048x1622.jpg 2048w\" sizes=\"auto, (max-width: 2339px) 100vw, 2339px\"><\/a><\/p>\n<\/div>\n<p>Auteur: ALM<br \/>\n<a href=\"https:\/\/aujourdhui.ma\/societe\/la-situation-epidemiologique-au-21-mai-2021-a-16h00\">Cliquez ici pour lire l&rsquo;article depuis sa source.<\/a><\/p>\n","protected":false},"excerpt":{"rendered":"<p>358 nouveaux cas soit un cumul de 516.449 cas \u00e0 ce jour. 318 gu\u00e9risons soit un cumul de 504.757 \u00e0 ce jour. 6 nouveaux d\u00e9c\u00e8s donc un cumul de 9.115 \u00e0 ce jour. Nombre de personnes vaccin\u00e9es au 21 mai 16H00 1\u00e8re dose 7.467.468 2\u00e8me dose 4.817.830 Auteur: ALM Cliquez ici pour lire l&rsquo;article depuis [&hellip;]<\/p>\n","protected":false},"author":1759,"featured_media":0,"comment_status":"closed","ping_status":"closed","sticky":false,"template":"","format":"standard","meta":{"fifu_image_url":"https:\/\/aujourdhui.ma\/wp-content\/uploads\/2021\/03\/Femmes-Coronavirus-Covid-19-300x153.jpg","fifu_image_alt":"La situation \u00e9pid\u00e9miologique au 21 mai 2021 \u00e0 16H00","footnotes":""},"categories":[73,54],"tags":[],"class_list":["post-117131","post","type-post","status-publish","format-standard","hentry","category-actualite","category-maroc"],"_links":{"self":[{"href":"https:\/\/linitiative.ca\/International\/wp-json\/wp\/v2\/posts\/117131","targetHints":{"allow":["GET"]}}],"collection":[{"href":"https:\/\/linitiative.ca\/International\/wp-json\/wp\/v2\/posts"}],"about":[{"href":"https:\/\/linitiative.ca\/International\/wp-json\/wp\/v2\/types\/post"}],"author":[{"embeddable":true,"href":"https:\/\/linitiative.ca\/International\/wp-json\/wp\/v2\/users\/1759"}],"replies":[{"embeddable":true,"href":"https:\/\/linitiative.ca\/International\/wp-json\/wp\/v2\/comments?post=117131"}],"version-history":[{"count":0,"href":"https:\/\/linitiative.ca\/International\/wp-json\/wp\/v2\/posts\/117131\/revisions"}],"wp:attachment":[{"href":"https:\/\/linitiative.ca\/International\/wp-json\/wp\/v2\/media?parent=117131"}],"wp:term":[{"taxonomy":"category","embeddable":true,"href":"https:\/\/linitiative.ca\/International\/wp-json\/wp\/v2\/categories?post=117131"},{"taxonomy":"post_tag","embeddable":true,"href":"https:\/\/linitiative.ca\/International\/wp-json\/wp\/v2\/tags?post=117131"}],"curies":[{"name":"wp","href":"https:\/\/api.w.org\/{rel}","templated":true}]}}