{"id":117132,"date":"2021-05-20T14:00:00","date_gmt":"2021-05-20T18:00:00","guid":{"rendered":"https:\/\/linitiative.ca\/International\/gaza-biden-veut-une-desescalade-immediate\/"},"modified":"2021-05-20T14:00:00","modified_gmt":"2021-05-20T18:00:00","slug":"gaza-biden-veut-une-desescalade-immediate","status":"publish","type":"post","link":"https:\/\/linitiative.ca\/International\/gaza-biden-veut-une-desescalade-immediate\/","title":{"rendered":"Gaza: Biden veut une d\u00e9sescalade imm\u00e9diate"},"content":{"rendered":"<p class=\"has-text-align-center has-vivid-cyan-blue-color has-text-color\"><strong>Isra\u00ebl attend \u00able moment opportun\u00bb<\/strong><\/p>\n<p><strong>Le pr\u00e9sident am\u00e9ricain Joe Biden a appel\u00e9 \u00e0 une \u00ab\u00a0d\u00e9sescalade\u00a0\u00bb dans le conflit isra\u00e9lo-palestinien, en pleine offensive diplomatique pour un cessez-le-feu et alors que les affrontements se poursuivent sur le terrain.<\/strong><\/p>\n<p>Des avions de chasse de l\u2019occupation ont frapp\u00e9 les r\u00e9sidences d\u2019au moins six dirigeants palestiniens \u00e0 Gaza, selon un communiqu\u00e9 de l\u2019arm\u00e9e de l\u2019occupation pr\u00e9textant que chacun de ces sites abritait des \u00ab\u00a0infrastructures militaires\u00a0\u00bb.<\/p>\n<p>Tandis que les sir\u00e8nes avertissant de raids a\u00e9riens hurlaient dans le sud de la Palestine aux premi\u00e8res heures de jeudi, le deuxi\u00e8me groupe arm\u00e9 \u00e0 Gaza, le Jihad islamique, revendiquait une nouvelle salve de roquettes.<\/p>\n<p>Les tirs de roquettes sur Isra\u00ebl par les groupes arm\u00e9s dont le Hamas, et les frappes a\u00e9riennes isra\u00e9liennes s\u2019\u00e9taient poursuivis en soir\u00e9e.<\/p>\n<p>D\u00e9clench\u00e9e le 10 mai, la flamb\u00e9e de violences, la plus meurtri\u00e8re depuis 2014 entre Isra\u00ebl et le Hamas, a co\u00fbt\u00e9 la vie \u00e0 au moins 227 Palestiniens, dont 64 enfants, selon le minist\u00e8re de la Sant\u00e9 \u00e0 Gaza. En Isra\u00ebl, les tirs de roquettes ont fait 12 morts selon la police.<\/p>\n<p>\u00ab\u00a0Le pr\u00e9sident (am\u00e9ricain) a indiqu\u00e9 au Premier ministre (isra\u00e9lien) qu\u2019il s\u2019attendait \u00e0 une d\u00e9sescalade significative aujourd\u2019hui vers un cessez-le-feu\u00a0\u00bb, a indiqu\u00e9 la Maison Blanche dans un bref compte-rendu d\u2019un \u00e9change t\u00e9l\u00e9phonique entre Joe Biden et Benjamin Netanyahu.<\/p>\n<p>Les Etats-Unis, qui revendiquent une approche diplomatique \u00ab\u00a0discr\u00e8te\u00a0\u00bb, ont refus\u00e9 de soutenir un projet fran\u00e7ais d\u2019une r\u00e9solution au Conseil de s\u00e9curit\u00e9 de l\u2019ONU appelant \u00e0 une cessation des hostilit\u00e9s.<br \/>L\u2019Assembl\u00e9e g\u00e9n\u00e9rale de l\u2019ONU doit se r\u00e9unir jeudi \u00e0 14H00 GMT, au niveau minist\u00e9riel, au sujet du conflit isra\u00e9lo-palestinien.<\/p>\n<p>Dans la journ\u00e9e, sept Palestiniens dont un homme handicap\u00e9, sa femme enceinte et leur fille de 3 ans, ont p\u00e9ri \u00e0 Gaza dans les frappes et un huiti\u00e8me a succomb\u00e9 \u00e0 ses blessures, d\u2019apr\u00e8s le minist\u00e8re de la Sant\u00e9. Un journaliste d\u2019une radio affili\u00e9e au Hamas, Youssef Abou Hussein, a \u00e9t\u00e9 tu\u00e9 par un raid sur son domicile, selon la F\u00e9d\u00e9ration internationale des journalistes, le premier journaliste mort depuis le d\u00e9but des violences.<\/p>\n<p>Sur un autre front, de nouvelles roquettes tir\u00e9es du Liban ont pour la premi\u00e8re fois atterri en Isra\u00ebl, mais sans faire de victimes selon l\u2019arm\u00e9e. Celle-ci a r\u00e9pliqu\u00e9 par des tirs d\u2019artillerie sur des \u00ab\u00a0cibles\u00a0\u00bb au Liban sud.<\/p>\n<p>Apr\u00e8s neuf jours de violences sanglantes, un responsable militaire isra\u00e9lien a affirm\u00e9 que son pays \u00e9tudiait le \u00ab\u00a0moment opportun pour un cessez-le-feu\u00a0\u00bb, pr\u00e9cisant que l\u2019arm\u00e9e \u00e9tait pr\u00eate \u00e0 encore \u00ab\u00a0plusieurs jours\u00a0\u00bb de conflit.<br \/>L\u2019arm\u00e9e, a-t-il ajout\u00e9 \u00e0 des journalistes, veut \u00ab\u00a0r\u00e9duire les capacit\u00e9s\u00a0\u00bb militaires du Hamas consid\u00e9r\u00e9 comme une organisation \u00ab\u00a0terroriste\u00a0\u00bb par Isra\u00ebl et des pays occidentaux.<\/p>\n<p>\u00ab\u00a0Ce que nous essayons de faire est pr\u00e9cis\u00e9ment ceci: diminuer leurs capacit\u00e9s, leurs moyens terroristes et diminuer leur d\u00e9termination\u00a0\u00bb, a rench\u00e9ri M. Netanyahu lors d\u2019une rencontre avec des ambassadeurs.<\/p>\n<p>Plus tard il a ajout\u00e9: \u00ab\u00a0Je suis d\u00e9termin\u00e9 \u00e0 continuer cette op\u00e9ration jusqu\u2019\u00e0 son objectif: r\u00e9tablir le calme et la paix\u00a0\u00bb.<br \/>Le dirigeant du Hamas Ismail Haniyeh a lui affirm\u00e9 que son organisation, qui a pris le contr\u00f4le de Gaza en 2007, pouvait \u00ab\u00a0r\u00e9sister plus longtemps que l\u2019occupant ne l\u2019imagine\u00a0\u00bb.<\/p>\n<p>Depuis le 10 mai, 4.000 roquettes ont \u00e9t\u00e9 tir\u00e9es de Gaza dont environ 90% ont \u00e9t\u00e9 intercept\u00e9es par le syst\u00e8me de d\u00e9fense anti-a\u00e9rien isra\u00e9lien, selon l\u2019arm\u00e9e.<\/p>\n<p>En coulisses, une m\u00e9diation men\u00e9e en partie par l\u2019Egypte, interlocuteur \u00e0 la fois d\u2019Isra\u00ebl et du Hamas, n\u2019a toujours pas abouti, selon des sources diplomatiques \u00e9gyptiennes.<\/p>\n<p>\u00ab\u00a0Nous n\u2019en sommes pas encore \u00e0 un cessez-le-feu\u00a0\u00bb, ont r\u00e9sum\u00e9 \u00e0 J\u00e9rusalem deux sources diplomatiques \u00e9trang\u00e8res \u00e0 l\u2019AFP, alors qu\u2019une troisi\u00e8me a fait \u00e9tat d\u2019un \u00ab\u00a0risque de contagion\u00a0\u00bb \u00e0 la r\u00e9gion qui rend encore plus \u00ab\u00a0urgent\u00a0\u00bb un cessez-le-feu.<\/p>\n<p>Dans ce sprint diplomatique, le chef de la diplomatie allemande Heiko Maas est attendu jeudi \u00e0 J\u00e9rusalem et en Cisjordanie, territoire palestinien s\u00e9par\u00e9 g\u00e9ographiquement de Gaza et occup\u00e9 par Isra\u00ebl.<\/p>\n<p>A Gaza, micro-territoire de deux millions d\u2019habitants sous blocus isra\u00e9lien depuis pr\u00e8s de 15 ans, quelque 72.000 personnes ont \u00e9t\u00e9 d\u00e9plac\u00e9es et 2.500 ont perdu leur maison dans les bombardements isra\u00e9liens, selon l\u2019ONU.<br \/>Des livraisons d\u2019aides internationales ont \u00e9t\u00e9 annul\u00e9es par Isra\u00ebl, apr\u00e8s des tirs palestiniens sur des points de passage vers Gaza, selon l\u2019arm\u00e9e isra\u00e9lienne.<\/p>\n<p>Le Comit\u00e9 international de la Croix-Rouge a estim\u00e9 que \u00ab\u00a0les populations \u00e0 Gaza et en Isra\u00ebl ont un besoin urgent de r\u00e9pit\u00a0\u00bb, ajoutant dans un communiqu\u00e9 avoir inform\u00e9 Isra\u00ebl et le Hamas qu\u2019\u00e0 partir de jeudi son personnel se \u00ab\u00a0d\u00e9placera pour apporter une r\u00e9ponse aux besoins urgents. Les deux parties ont une responsabilit\u00e9 claire de nous faciliter de tels mouvements\u00a0\u00bb.<\/p>\n<p>Le nouveau cycle de violences a \u00e9clat\u00e9 apr\u00e8s un barrage de roquettes du Hamas sur Isra\u00ebl tir\u00e9 selon le mouvement palestinien en \u00ab\u00a0solidarit\u00e9\u00a0\u00bb avec les centaines de manifestants palestiniens bless\u00e9s dans des heurts avec la police isra\u00e9lienne sur l\u2019esplanade des Mosqu\u00e9es \u00e0 J\u00e9rusalem-Est.<\/p>\n<p>A l\u2019origine des heurts, la menace d\u2019expulsion de familles palestiniennes au profit de colons isra\u00e9liens dans un quartier de J\u00e9rusalem-Est, secteur palestinien occup\u00e9 par Isra\u00ebl depuis plus de 50 ans.<\/p>\n<p>Le conflit a touch\u00e9 la Cisjordanie, o\u00f9 les affrontements se sont multipli\u00e9s entre jeunes palestiniens et forces isra\u00e9liennes, faisant 25 morts palestiniens depuis le 10 mai.<\/p>\n<p>Et les tensions restent aussi vives dans les villes mixtes entre Juifs et Arabes, les descendants des Palestiniens rest\u00e9s sur leur terre \u00e0 la cr\u00e9ation de l\u2019entit\u00e9 sioniste en 1948, victimes de \u00ab\u00a0discrimination\u00a0\u00bb.<\/p>\n<p>Auteur: M&rsquo;hammed rahal<br \/>\n<a href=\"http:\/\/albayane.press.ma\/gaza-biden-veut-une-desescalade-immediate.html\">Cliquez ici pour lire l&rsquo;article depuis sa source.<\/a><\/p>\n","protected":false},"excerpt":{"rendered":"<p>Isra\u00ebl attend \u00able moment opportun\u00bb Le pr\u00e9sident am\u00e9ricain Joe Biden a appel\u00e9 \u00e0 une \u00ab\u00a0d\u00e9sescalade\u00a0\u00bb dans le conflit isra\u00e9lo-palestinien, en pleine offensive diplomatique pour un cessez-le-feu et alors que les affrontements se poursuivent sur le terrain. Des avions de chasse de l\u2019occupation ont frapp\u00e9 les r\u00e9sidences d\u2019au moins six dirigeants palestiniens \u00e0 Gaza, selon un [&hellip;]<\/p>\n","protected":false},"author":1760,"featured_media":0,"comment_status":"closed","ping_status":"closed","sticky":false,"template":"","format":"standard","meta":{"fifu_image_url":"","fifu_image_alt":"","footnotes":""},"categories":[73,54],"tags":[],"class_list":["post-117132","post","type-post","status-publish","format-standard","hentry","category-actualite","category-maroc"],"_links":{"self":[{"href":"https:\/\/linitiative.ca\/International\/wp-json\/wp\/v2\/posts\/117132","targetHints":{"allow":["GET"]}}],"collection":[{"href":"https:\/\/linitiative.ca\/International\/wp-json\/wp\/v2\/posts"}],"about":[{"href":"https:\/\/linitiative.ca\/International\/wp-json\/wp\/v2\/types\/post"}],"author":[{"embeddable":true,"href":"https:\/\/linitiative.ca\/International\/wp-json\/wp\/v2\/users\/1760"}],"replies":[{"embeddable":true,"href":"https:\/\/linitiative.ca\/International\/wp-json\/wp\/v2\/comments?post=117132"}],"version-history":[{"count":0,"href":"https:\/\/linitiative.ca\/International\/wp-json\/wp\/v2\/posts\/117132\/revisions"}],"wp:attachment":[{"href":"https:\/\/linitiative.ca\/International\/wp-json\/wp\/v2\/media?parent=117132"}],"wp:term":[{"taxonomy":"category","embeddable":true,"href":"https:\/\/linitiative.ca\/International\/wp-json\/wp\/v2\/categories?post=117132"},{"taxonomy":"post_tag","embeddable":true,"href":"https:\/\/linitiative.ca\/International\/wp-json\/wp\/v2\/tags?post=117132"}],"curies":[{"name":"wp","href":"https:\/\/api.w.org\/{rel}","templated":true}]}}